{"id":128565,"date":"2021-03-14T17:00:00","date_gmt":"2021-03-14T16:00:00","guid":{"rendered":"http:\/\/www.tucomarca.com\/wordpress\/segunda\/?p=128565"},"modified":"2021-03-15T02:42:54","modified_gmt":"2021-03-15T01:42:54","slug":"la-comunitat-valenciana-registra-110-casos-nous-de-coronavirus","status":"publish","type":"post","link":"https:\/\/www.tucomarca.com\/wordpress\/segunda\/ca\/la-comunitat-valenciana-registra-110-casos-nous-de-coronavirus\/","title":{"rendered":"La Comunitat Valenciana registra 110 casos nous de coronavirus"},"content":{"rendered":"\n<p><strong class=\"\">Per prov\u00edncies, s&#8217;han comptabilitzat 12 nous positius a Castell\u00f3, 34 a Alacant i 64 a la prov\u00edncia de Val\u00e8ncia<\/strong><\/p>\n\n\n\n<p>La Comunitat Valenciana ha notificat 110 casos nous de coronavirus confirmats per prova PCR o a trav\u00e9s de test d&#8217;ant\u00edgens des de l&#8217;\u00faltima actualitzaci\u00f3, que situen la xifra total de positius en 383.105 persones.<\/p>\n\n\n\n<p>Per prov\u00edncies, la distribuci\u00f3 de nous positius \u00e9s la seg\u00fcent: 12 a Castell\u00f3 (39.080 en total), 34 a Alacant (144.228 en total) i 64 a la prov\u00edncia de Val\u00e8ncia (199.793). El nombre de casos no assignats \u00e9s de 4.<\/p>\n","protected":false},"excerpt":{"rendered":"<div class=\"mh-excerpt\">Per prov\u00edncies, s&#8217;han comptabilitzat 12 nous positius a Castell\u00f3, 34 a Alacant i 64 a la prov\u00edncia de Val\u00e8ncia La Comunitat Valenciana ha notificat 110 casos nous de coronavirus confirmats per prova PCR o a <a class=\"mh-excerpt-more\" href=\"https:\/\/www.tucomarca.com\/wordpress\/segunda\/ca\/la-comunitat-valenciana-registra-110-casos-nous-de-coronavirus\/\" title=\"La Comunitat Valenciana registra 110 casos nous de coronavirus\">[+] <\/a><\/div>\n","protected":false},"author":12,"featured_media":119485,"comment_status":"open","ping_status":"open","sticky":false,"template":"","format":"standard","meta":{"footnotes":""},"categories":[11010,12202,10898,10948,10894,10947,10896,10897],"tags":[11939,11940],"class_list":{"0":"post-128565","1":"post","2":"type-post","3":"status-publish","4":"format-standard","5":"has-post-thumbnail","7":"category-canal-salud","8":"category-covid-19-ca","9":"category-ventana-ca","10":"category-infraestructuras-ca","11":"category-la-comarca-ca","12":"category-politica","13":"category-seccion-ca","14":"category-sucesos-la-comarca-ca","15":"tag-coronavirus-ca","16":"tag-covid-19-ca"},"_links":{"self":[{"href":"https:\/\/www.tucomarca.com\/wordpress\/segunda\/ca\/wp-json\/wp\/v2\/posts\/128565","targetHints":{"allow":["GET"]}}],"collection":[{"href":"https:\/\/www.tucomarca.com\/wordpress\/segunda\/ca\/wp-json\/wp\/v2\/posts"}],"about":[{"href":"https:\/\/www.tucomarca.com\/wordpress\/segunda\/ca\/wp-json\/wp\/v2\/types\/post"}],"author":[{"embeddable":true,"href":"https:\/\/www.tucomarca.com\/wordpress\/segunda\/ca\/wp-json\/wp\/v2\/users\/12"}],"replies":[{"embeddable":true,"href":"https:\/\/www.tucomarca.com\/wordpress\/segunda\/ca\/wp-json\/wp\/v2\/comments?post=128565"}],"version-history":[{"count":0,"href":"https:\/\/www.tucomarca.com\/wordpress\/segunda\/ca\/wp-json\/wp\/v2\/posts\/128565\/revisions"}],"wp:featuredmedia":[{"embeddable":true,"href":"https:\/\/www.tucomarca.com\/wordpress\/segunda\/ca\/wp-json\/wp\/v2\/media\/119485"}],"wp:attachment":[{"href":"https:\/\/www.tucomarca.com\/wordpress\/segunda\/ca\/wp-json\/wp\/v2\/media?parent=128565"}],"wp:term":[{"taxonomy":"category","embeddable":true,"href":"https:\/\/www.tucomarca.com\/wordpress\/segunda\/ca\/wp-json\/wp\/v2\/categories?post=128565"},{"taxonomy":"post_tag","embeddable":true,"href":"https:\/\/www.tucomarca.com\/wordpress\/segunda\/ca\/wp-json\/wp\/v2\/tags?post=128565"}],"curies":[{"name":"wp","href":"https:\/\/api.w.org\/{rel}","templated":true}]}}