{"id":128784,"date":"2021-03-17T19:01:00","date_gmt":"2021-03-17T18:01:00","guid":{"rendered":"http:\/\/www.tucomarca.com\/wordpress\/segunda\/?p=128784"},"modified":"2021-03-17T21:10:18","modified_gmt":"2021-03-17T20:10:18","slug":"benaguasil-inicia-els-treballs-en-els-escocells-del-municipi","status":"publish","type":"post","link":"https:\/\/www.tucomarca.com\/wordpress\/segunda\/ca\/benaguasil-inicia-els-treballs-en-els-escocells-del-municipi\/","title":{"rendered":"Benaguasil inicia els treballs en els escocells del municipi"},"content":{"rendered":"\n<h4 class=\"wp-block-heading\">La iniciativa pret\u00e9n actuar en el 80% dels escocells de la localitat aplicant un paviment drenant.<br>Aquesta mesura a m\u00e9s de reduir costos de manteniment millorar\u00e0 la seguretat en la via p\u00fablica.<\/h4>\n\n\n\n<p>Les obres d&#8217;actuaci\u00f3 en els escocells de Benaguasil s&#8217;han iniciat aquesta setmana a trav\u00e9s d&#8217;una actuaci\u00f3 que realitzar\u00e0 una empresa local dins del Pla d&#8217;Obres P\u00fabliques dotat amb quasi 800.000\u20ac posada en marxa per l&#8217;Ajuntament de Benaguasil.<\/p>\n\n\n\n<p>L&#8217;actuaci\u00f3 en concret que compta amb un pressupost total de 7489.90\u20ac consistir\u00e0 a cobrir el 80% dels escocells actuals de Benaguasil amb un paviment drenant.<\/p>\n\n\n\n<p>Aquestes obres a m\u00e9s de reduir els costos de manteniment dels escocells permetran absorbir impactes evitant aix\u00ed situaci\u00f3 d&#8217;inseguretat en la via p\u00fablica.<\/p>\n\n\n\n<p>En paraules del regidor Stephane Soriano \u201camb aquesta actuaci\u00f3 complim aix\u00ed amb un comprom\u00eds per part del Govern Municipal de Benaguasil adquirit amb la ciutadania i de manera especial amb representants ve\u00efnals amb els quals treballem de manera conjunta per a coordinar aquelles actuacions a dur a terme en el municipi\u201d.<\/p>\n\n\n\n<figure class=\"wp-block-image size-large\"><img loading=\"lazy\" decoding=\"async\" width=\"757\" height=\"1024\" src=\"http:\/\/www.tucomarca.com\/wordpress\/segunda\/wp-content\/uploads\/2021\/03\/BenaguasilAlcorques2-757x1024.jpg\" alt=\"\" class=\"wp-image-128781\" srcset=\"https:\/\/www.tucomarca.com\/wordpress\/segunda\/wp-content\/uploads\/2021\/03\/BenaguasilAlcorques2-757x1024.jpg 757w, https:\/\/www.tucomarca.com\/wordpress\/segunda\/wp-content\/uploads\/2021\/03\/BenaguasilAlcorques2-222x300.jpg 222w, https:\/\/www.tucomarca.com\/wordpress\/segunda\/wp-content\/uploads\/2021\/03\/BenaguasilAlcorques2-768x1039.jpg 768w, https:\/\/www.tucomarca.com\/wordpress\/segunda\/wp-content\/uploads\/2021\/03\/BenaguasilAlcorques2.jpg 787w\" sizes=\"auto, (max-width: 757px) 100vw, 757px\" \/><\/figure>\n\n\n\n<p><\/p>\n","protected":false},"excerpt":{"rendered":"<div class=\"mh-excerpt\">La iniciativa pret\u00e9n actuar en el 80% dels escocells de la localitat aplicant un paviment drenant.Aquesta mesura a m\u00e9s de reduir costos de manteniment millorar\u00e0 la seguretat en la via p\u00fablica. Les obres d&#8217;actuaci\u00f3 en <a class=\"mh-excerpt-more\" href=\"https:\/\/www.tucomarca.com\/wordpress\/segunda\/ca\/benaguasil-inicia-els-treballs-en-els-escocells-del-municipi\/\" title=\"Benaguasil inicia els treballs en els escocells del municipi\">[+] <\/a><\/div>\n","protected":false},"author":12,"featured_media":128780,"comment_status":"open","ping_status":"open","sticky":false,"template":"","format":"standard","meta":{"footnotes":""},"categories":[10952,10892,10948,10894,10947,10896],"tags":[14139,11136,10899],"class_list":{"0":"post-128784","1":"post","2":"type-post","3":"status-publish","4":"format-standard","5":"has-post-thumbnail","7":"category-benaguasil-ca","8":"category-camp-de-turia-ca","9":"category-infraestructuras-ca","10":"category-la-comarca-ca","11":"category-politica","12":"category-seccion-ca","13":"tag-alcorques-ca","14":"tag-benaguasil-ca","15":"tag-camp-de-turia-ca"},"_links":{"self":[{"href":"https:\/\/www.tucomarca.com\/wordpress\/segunda\/ca\/wp-json\/wp\/v2\/posts\/128784","targetHints":{"allow":["GET"]}}],"collection":[{"href":"https:\/\/www.tucomarca.com\/wordpress\/segunda\/ca\/wp-json\/wp\/v2\/posts"}],"about":[{"href":"https:\/\/www.tucomarca.com\/wordpress\/segunda\/ca\/wp-json\/wp\/v2\/types\/post"}],"author":[{"embeddable":true,"href":"https:\/\/www.tucomarca.com\/wordpress\/segunda\/ca\/wp-json\/wp\/v2\/users\/12"}],"replies":[{"embeddable":true,"href":"https:\/\/www.tucomarca.com\/wordpress\/segunda\/ca\/wp-json\/wp\/v2\/comments?post=128784"}],"version-history":[{"count":0,"href":"https:\/\/www.tucomarca.com\/wordpress\/segunda\/ca\/wp-json\/wp\/v2\/posts\/128784\/revisions"}],"wp:featuredmedia":[{"embeddable":true,"href":"https:\/\/www.tucomarca.com\/wordpress\/segunda\/ca\/wp-json\/wp\/v2\/media\/128780"}],"wp:attachment":[{"href":"https:\/\/www.tucomarca.com\/wordpress\/segunda\/ca\/wp-json\/wp\/v2\/media?parent=128784"}],"wp:term":[{"taxonomy":"category","embeddable":true,"href":"https:\/\/www.tucomarca.com\/wordpress\/segunda\/ca\/wp-json\/wp\/v2\/categories?post=128784"},{"taxonomy":"post_tag","embeddable":true,"href":"https:\/\/www.tucomarca.com\/wordpress\/segunda\/ca\/wp-json\/wp\/v2\/tags?post=128784"}],"curies":[{"name":"wp","href":"https:\/\/api.w.org\/{rel}","templated":true}]}}