{"id":128984,"date":"2021-03-18T08:34:00","date_gmt":"2021-03-18T07:34:00","guid":{"rendered":"http:\/\/www.tucomarca.com\/wordpress\/segunda\/?p=128984"},"modified":"2021-03-19T10:36:25","modified_gmt":"2021-03-19T09:36:25","slug":"el-ayuntamiento-de-bunol-presenta-sus-nuevos-presupuestos-participativos","status":"publish","type":"post","link":"https:\/\/www.tucomarca.com\/wordpress\/segunda\/ca\/el-ayuntamiento-de-bunol-presenta-sus-nuevos-presupuestos-participativos\/","title":{"rendered":"L&#8217;Ajuntament de Bu\u00f1ol presenta els seus nous Pressupostos Participatius"},"content":{"rendered":"\n<p><strong>Aix\u00ed decidim millor! La regidoria de Participaci\u00f3 Ciutadana de Bu\u00f1ol presenta dimecres que ve a la Sala El Mercat la primera edici\u00f3 d&#8217;aquests pressupostos participatius. L&#8217;acte es retransmetr\u00e0 en directe a trav\u00e9s de la web tv.bu\u00f1ol.es i en el Facebook de R\u00e0dio Bu\u00f1ol TV.<\/strong><\/p>\n\n\n\n<p>Carles <em>Xerri, regidor de Participaci\u00f3 Ciutadana de l&#8217;Ajuntament de Bu\u00f1ol, informa que dimecres que ve 24 de mar\u00e7 a les 18.<\/em>30h a la Sala El Mercat tindr\u00e0 lloc la presentaci\u00f3 de Bu\u00f1ol Participa, la primera edici\u00f3 dels nous pressupostos participatius de la nostra localitat. Aix\u00ed decidim millor!<\/p>\n\n\n\n<p>En la presentaci\u00f3n se explicar\u00e1n los objetivos de la puesta en marcha de los presupuestos participativos, c\u00f3mo funcionan, c\u00f3mo se puede participar, y el calendario previsto para ellos. Tambi\u00e9n se proyectar\u00e1 el video de presentaci\u00f3n del proyecto as\u00ed como la web que se ha preparado para llevar a cabo todo el proceso y toda la informaci\u00f3n necesaria actualizada en cada momento.<\/p>\n\n\n\n<p>El objetivo de los presupuestos participativos a nivel municipal, es fomentar el desarrollo de una cultura participativa y contribuir a la implicaci\u00f3n de todos los vecinos y vecinas en el proceso de toma de decisiones sobre pol\u00edticas p\u00fablicas.<\/p>\n\n\n\n<p>Se busca facilitar que la ciudadan\u00eda del municipio puedan decidir en qu\u00e9 actuaciones invertir una parte del presupuesto municipal, a trav\u00e9s de un ejercicio de transparencia y corresponsabilidad, que permita a la ciudadan\u00eda conocer c\u00f3mo se crea y gestiona un presupuesto municipal.<\/p>\n\n\n\n<p>Se invita a toda aquella persona que quiera participar, a proponer aquellas actuaciones que consideren prioritarias para mejorar los servicios municipales, y conseguir que Bu\u00f1ol avance hacia un desarrollo sostenible; as\u00ed como a votar las propuestas que se valoren como viables, para lo cual se dispondr\u00e1 de un presupuesto de 50.000\u20ac. El Ayuntamiento incluir\u00e1 las propuestas m\u00e1s votadas en el presupuesto municipal de 2022.<\/p>\n\n\n\n<p>El concejal de Participaci\u00f3n Ciudadana ha dicho que los presupuestos participativos son una iniciativa necesaria que debe de llegar para quedarse y formar parte de la acci\u00f3n pol\u00edtica presente y futura , si bien la previsi\u00f3n era haber comenzado durante el 2020 la crisis sanitaria impidi\u00f3 que esto fuera posible.<\/p>\n\n\n\n<p>El acto se realizar\u00e1 con todas las medidas anti-covid, con un aforo de 45 personas y el uso obligatorio de mascarilla. Para el acceso estar\u00e1 disponible la aplicaci\u00f3n m\u00f3vil gratuita Bu\u00f1ol Presencia, que tambi\u00e9n permitir\u00e1 acceder a todos los actos municipales. Xerri recuerda que esta aplicaci\u00f3n es totalmente gratuita y f\u00e1cilmente descargable a trav\u00e9s de Play Store. Con esta APP cada ciudadano tiene un c\u00f3digo QR que se presentar\u00e1 en la entrada tanto a este acto como al resto de eventos municipales que se organicen a lo largo de este a\u00f1o.<\/p>\n\n\n\n<p>Todos los que no puedan asistir pueden ver este acto en directo a trav\u00e9s de una retransmisi\u00f3n especial en v\u00eddeo de Radio Bu\u00f1ol en Streaming por Internet, en el Facebook de Radio Bu\u00f1ol o en la p\u00e1gina tv.bu\u00f1ol.es, apartado emisiones en directo. El video quedar\u00e1 grabado, se editar\u00e1 y podr\u00e1 verse a trav\u00e9s de la web de tv.bu\u00f1ol.es y del You Tube tanto del Ayuntamiento de Bu\u00f1ol como de Radio Bu\u00f1ol TV.<\/p>\n","protected":false},"excerpt":{"rendered":"<div class=\"mh-excerpt\">Aix\u00ed decidim millor! La regidoria de Participaci\u00f3 Ciutadana de Bu\u00f1ol presenta dimecres que ve a la Sala El Mercat la primera edici\u00f3 d&#8217;aquests pressupostos participatius. L&#8217;acte es retransmetr\u00e0 en directe a trav\u00e9s de la web <a class=\"mh-excerpt-more\" href=\"https:\/\/www.tucomarca.com\/wordpress\/segunda\/ca\/el-ayuntamiento-de-bunol-presenta-sus-nuevos-presupuestos-participativos\/\" title=\"L&#8217;Ajuntament de Bu\u00f1ol presenta els seus nous Pressupostos Participatius\">[+] <\/a><\/div>\n","protected":false},"author":12,"featured_media":128982,"comment_status":"open","ping_status":"open","sticky":false,"template":"","format":"standard","meta":{"footnotes":""},"categories":[10911,10948,10894,10912,10947,10896],"tags":[10913,10914],"class_list":{"0":"post-128984","1":"post","2":"type-post","3":"status-publish","4":"format-standard","5":"has-post-thumbnail","7":"category-bunol-ca","8":"category-infraestructuras-ca","9":"category-la-comarca-ca","10":"category-la-hoya-ca","11":"category-politica","12":"category-seccion-ca","13":"tag-bunol-ca","14":"tag-la-hoya-de-bunol-chiva-ca"},"_links":{"self":[{"href":"https:\/\/www.tucomarca.com\/wordpress\/segunda\/ca\/wp-json\/wp\/v2\/posts\/128984","targetHints":{"allow":["GET"]}}],"collection":[{"href":"https:\/\/www.tucomarca.com\/wordpress\/segunda\/ca\/wp-json\/wp\/v2\/posts"}],"about":[{"href":"https:\/\/www.tucomarca.com\/wordpress\/segunda\/ca\/wp-json\/wp\/v2\/types\/post"}],"author":[{"embeddable":true,"href":"https:\/\/www.tucomarca.com\/wordpress\/segunda\/ca\/wp-json\/wp\/v2\/users\/12"}],"replies":[{"embeddable":true,"href":"https:\/\/www.tucomarca.com\/wordpress\/segunda\/ca\/wp-json\/wp\/v2\/comments?post=128984"}],"version-history":[{"count":0,"href":"https:\/\/www.tucomarca.com\/wordpress\/segunda\/ca\/wp-json\/wp\/v2\/posts\/128984\/revisions"}],"wp:featuredmedia":[{"embeddable":true,"href":"https:\/\/www.tucomarca.com\/wordpress\/segunda\/ca\/wp-json\/wp\/v2\/media\/128982"}],"wp:attachment":[{"href":"https:\/\/www.tucomarca.com\/wordpress\/segunda\/ca\/wp-json\/wp\/v2\/media?parent=128984"}],"wp:term":[{"taxonomy":"category","embeddable":true,"href":"https:\/\/www.tucomarca.com\/wordpress\/segunda\/ca\/wp-json\/wp\/v2\/categories?post=128984"},{"taxonomy":"post_tag","embeddable":true,"href":"https:\/\/www.tucomarca.com\/wordpress\/segunda\/ca\/wp-json\/wp\/v2\/tags?post=128984"}],"curies":[{"name":"wp","href":"https:\/\/api.w.org\/{rel}","templated":true}]}}