{"id":129045,"date":"2021-03-19T08:01:00","date_gmt":"2021-03-19T07:01:00","guid":{"rendered":"http:\/\/www.tucomarca.com\/wordpress\/segunda\/?p=129045"},"modified":"2021-03-19T21:12:20","modified_gmt":"2021-03-19T20:12:20","slug":"incliva-i-ava-asaja-inicien-projectes-biomedics-per-a-estudiar-i-difondre-les-propietats-saludables-dels-productes-agraris-valencians","status":"publish","type":"post","link":"https:\/\/www.tucomarca.com\/wordpress\/segunda\/ca\/incliva-i-ava-asaja-inicien-projectes-biomedics-per-a-estudiar-i-difondre-les-propietats-saludables-dels-productes-agraris-valencians\/","title":{"rendered":"Incliva i AVA-Asaja inicien projectes biom\u00e8dics per a estudiar i difondre les propietats saludables dels productes agraris valencians"},"content":{"rendered":"\n<p><strong>Totes dues entitats signen un conveni de col\u00b7laboraci\u00f3 que manifesta el comprom\u00eds dels sectors agrari i sanitari per oferir a la societat una alimentaci\u00f3 sana<\/strong><\/p>\n\n\n\n<p>L&#8217;Institut d&#8217;Investigaci\u00f3 Sanit\u00e0ria -Incliva- i l&#8217;Associaci\u00f3 Valenciana d&#8217;Agricultors (AVA-ASAJA) han signat un conveni marc de col\u00b7laboraci\u00f3 a fi de posar en marxa projectes d&#8217;investigaci\u00f3 biom\u00e8dica que estudien i difonguen a la societat les propietats saludables que contenen els diferents productes agraris valencians. <\/p>\n\n\n\n<p>Aquest acord manifesta el comprom\u00eds dels sectors agrari i sanitari per oferir als consumidors una alimentaci\u00f3 sana i equilibrada just en un moment en el qual la pand\u00e8mia del Covid-19 ha posat el focus en la import\u00e0ncia de la salut per a previndre malalties.<br><\/p>\n\n\n\n<p>El conveni de col\u00b7laboraci\u00f3 m\u00fatua ha sigut subscrit pel director general de Incliva i Cap del Servei d&#8217;Oncologia M\u00e8dica de l&#8217;Hospital Cl\u00ednic Universitari de Val\u00e8ncia, el Dr. Andr\u00e9s Cervantes, i el president de AVA-ASAJA, Crist\u00f3bal Aguado.<br><\/p>\n\n\n\n<p>El doctor Cervantes ha expressat el seu agra\u00efment a l&#8217;organitzaci\u00f3 agr\u00e0ria per aquesta col\u00b7laboraci\u00f3, \u201cque permetr\u00e0 crear noves sinergies entre la investigaci\u00f3 biom\u00e8dica i el sector agr\u00edcola i que generar\u00e0 beneficis per a tota la societat\u201d. Aquest acord d\u00f3na compliment a un dels objectius continguts en el Pla Estrat\u00e8gic de Incliva d&#8217;impulsar projectes d&#8217;investigaci\u00f3 i innovaci\u00f3 transversals en col\u00b7laboraci\u00f3 amb ind\u00fastries valencianes de sectors no-salut.<br><\/p>\n\n\n\n<p>Per part seua, Aguado ha subratllat que \u201cels agricultors i ramaders valencians estem alineats amb el comprom\u00eds essencial de proporcionar aliments saludables de m\u00e0xima qualitat, frescor i seguretat, a m\u00e9s d&#8217;aportar moltes altres contribucions com la gesti\u00f3 del territori, la preservaci\u00f3 del paisatge rural, la cohesi\u00f3 social, el manteniment de les tradicions o de la gastronomia, entre moltes altres actuacions al servei de la societat\u201d. AVA-ASAJA facilitar\u00e0 assessorament agron\u00f2mic i posar\u00e0 a la disposici\u00f3 de Incliva el seu centre d&#8217;experimentaci\u00f3 agr\u00e0ria i de transfer\u00e8ncia tecnol\u00f2gica \u2018Finca Sinyent\u2019 per a la realitzaci\u00f3 dels projectes d&#8217;investigaci\u00f3.<br><\/p>\n\n\n\n<p>Entre les accions de col\u00b7laboraci\u00f3 es contemplen l&#8217;execuci\u00f3 de projectes i programes conjunts d&#8217;investigaci\u00f3, desenvolupament i innovaci\u00f3 i formaci\u00f3; la prestaci\u00f3 de serveis t\u00e8cnics i d&#8217;assessoraments cient\u00edfics en q\u00fcestions relacionades amb les activitats de totes dues entitats. Tamb\u00e9 la cooperaci\u00f3 en programes i esdeveniments formatius de personal investigador, t\u00e8cnic i administratiu; l&#8217;organitzaci\u00f3 d&#8217;activitats comunes relacionades amb la promoci\u00f3 social de la investigaci\u00f3, el desenvolupament tecnol\u00f2gic, la innovaci\u00f3 i les noves tecnologies, entre altres activitats.<\/p>\n\n\n\n<p>Informa Luis Ib\u00e1\u00f1ez<\/p>\n","protected":false},"excerpt":{"rendered":"<div class=\"mh-excerpt\">Totes dues entitats signen un conveni de col\u00b7laboraci\u00f3 que manifesta el comprom\u00eds dels sectors agrari i sanitari per oferir a la societat una alimentaci\u00f3 sana L&#8217;Institut d&#8217;Investigaci\u00f3 Sanit\u00e0ria -Incliva- i l&#8217;Associaci\u00f3 Valenciana d&#8217;Agricultors (AVA-ASAJA) han <a class=\"mh-excerpt-more\" href=\"https:\/\/www.tucomarca.com\/wordpress\/segunda\/ca\/incliva-i-ava-asaja-inicien-projectes-biomedics-per-a-estudiar-i-difondre-les-propietats-saludables-dels-productes-agraris-valencians\/\" title=\"Incliva i AVA-Asaja inicien projectes biom\u00e8dics per a estudiar i difondre les propietats saludables dels productes agraris valencians\">[+] <\/a><\/div>\n","protected":false},"author":12,"featured_media":129043,"comment_status":"open","ping_status":"open","sticky":false,"template":"","format":"standard","meta":{"footnotes":""},"categories":[10890,10905,10892,11046,10898,10948,10963,10894,10904,10912,10902,10903,10909,10896],"tags":[11309,11924],"class_list":{"0":"post-129045","1":"post","2":"type-post","3":"status-publish","4":"format-standard","5":"has-post-thumbnail","7":"category-ademus","8":"category-agricultura-la-comarca-ca","9":"category-camp-de-turia-ca","10":"category-los-serranos-ca","11":"category-ventana-ca","12":"category-infraestructuras-ca","13":"category-la-canal-de-navarres-ca","14":"category-la-comarca-ca","15":"category-sin-categorizar-ca","16":"category-la-hoya-ca","17":"category-la-ribera-ca","18":"category-medio-ambiente-la-comarca-ca","19":"category-requena-utiel-ca","20":"category-seccion-ca","21":"tag-agricultura-ca","22":"tag-ava-asaja-ca"},"_links":{"self":[{"href":"https:\/\/www.tucomarca.com\/wordpress\/segunda\/ca\/wp-json\/wp\/v2\/posts\/129045","targetHints":{"allow":["GET"]}}],"collection":[{"href":"https:\/\/www.tucomarca.com\/wordpress\/segunda\/ca\/wp-json\/wp\/v2\/posts"}],"about":[{"href":"https:\/\/www.tucomarca.com\/wordpress\/segunda\/ca\/wp-json\/wp\/v2\/types\/post"}],"author":[{"embeddable":true,"href":"https:\/\/www.tucomarca.com\/wordpress\/segunda\/ca\/wp-json\/wp\/v2\/users\/12"}],"replies":[{"embeddable":true,"href":"https:\/\/www.tucomarca.com\/wordpress\/segunda\/ca\/wp-json\/wp\/v2\/comments?post=129045"}],"version-history":[{"count":0,"href":"https:\/\/www.tucomarca.com\/wordpress\/segunda\/ca\/wp-json\/wp\/v2\/posts\/129045\/revisions"}],"wp:featuredmedia":[{"embeddable":true,"href":"https:\/\/www.tucomarca.com\/wordpress\/segunda\/ca\/wp-json\/wp\/v2\/media\/129043"}],"wp:attachment":[{"href":"https:\/\/www.tucomarca.com\/wordpress\/segunda\/ca\/wp-json\/wp\/v2\/media?parent=129045"}],"wp:term":[{"taxonomy":"category","embeddable":true,"href":"https:\/\/www.tucomarca.com\/wordpress\/segunda\/ca\/wp-json\/wp\/v2\/categories?post=129045"},{"taxonomy":"post_tag","embeddable":true,"href":"https:\/\/www.tucomarca.com\/wordpress\/segunda\/ca\/wp-json\/wp\/v2\/tags?post=129045"}],"curies":[{"name":"wp","href":"https:\/\/api.w.org\/{rel}","templated":true}]}}