{"id":129058,"date":"2021-03-20T09:55:00","date_gmt":"2021-03-20T08:55:00","guid":{"rendered":"http:\/\/www.tucomarca.com\/wordpress\/segunda\/?p=129058"},"modified":"2021-03-20T11:32:38","modified_gmt":"2021-03-20T10:32:38","slug":"greenpeace-mostra-la-seua-preocupacio-davant-lanunci-del-govern-de-renovar-la-llicencia-de-la-central-nuclear-de-cofrentes-fins-al-seu-tancament-en-2030","status":"publish","type":"post","link":"https:\/\/www.tucomarca.com\/wordpress\/segunda\/ca\/greenpeace-mostra-la-seua-preocupacio-davant-lanunci-del-govern-de-renovar-la-llicencia-de-la-central-nuclear-de-cofrentes-fins-al-seu-tancament-en-2030\/","title":{"rendered":"Greenpeace mostra la seua preocupaci\u00f3 davant l&#8217;anunci del Govern de renovar la llic\u00e8ncia de la central nuclear de Cofrentes fins al seu tancament en 2030"},"content":{"rendered":"\n<p><strong><strong><strong>L&#8217;organitzaci\u00f3 ecologista assenyala a Iberdrola, propietari \u00fanic de la nuclear, com a responsable de desviar i alentir la transici\u00f3 energ\u00e8tica demanant exempcions d&#8217;impostos per als seus nuclears<\/strong><\/strong><\/strong><\/p>\n\n\n\n<p>Davant l&#8217;anunci del Ministeri de Transici\u00f3 *Ecolo\u01f5ica de renovar la llic\u00e8ncia de la central nuclear de Cofrentes, propietat d&#8217;Iberdrola, fins al seu tancament en 2030, Greenpeace mostra la seua preocupaci\u00f3 i considera, a m\u00e9s, que \u00e9s desoir les peticions dels seus socis de Govern i del Govern de la Comunitat Valenciana, que reclamen el seu tancament.<\/p>\n\n\n\n<p>Sabent que, des del punt de vista de la seguretat de subministrament, \u00e9s viable tancar totes les nuclears i les t\u00e8rmiques de carb\u00f3 abans de 2025, l&#8217;organitzaci\u00f3 ecologista considera que:<\/p>\n\n\n\n<ul class=\"wp-block-list\"><li>El tancament nuclear programat no hauria de ser nom\u00e9s una decisi\u00f3 empresarial, perqu\u00e8 les persones s\u00f3n el centre d&#8217;un sistema el\u00e8ctric eficient i 100% renovable i la consulta p\u00fablica \u00e9s obligat\u00f2ria en mat\u00e8ria nuclear.<\/li><li>El tancament nuclear \u00e9s una oportunitat per a l&#8217;ocupaci\u00f3 i l&#8217;economia i pot i deu afavorir l&#8217;ocupaci\u00f3 sostenible i justa i l&#8217;economia local. El desenvolupament de plans d&#8217;inversi\u00f3 local, la transici\u00f3 energ\u00e8tica priorit\u00e0ria en aquestes comarques, juntament amb el tancament nuclear \u00e9s una oportunitat \u00fanica.<\/li><li>Els costos dels residus radioactius, i dels riscos d&#8217;accident han de ser assumits per les empreses i no per la societat, i augmentant la seua vida operativa s&#8217;augmenten tots dos.<\/li><\/ul>\n\n\n\n<p><em>\u201cSabem que les nuclears estan envellides i no s\u00f3n necess\u00e0ries per a mantindre la seguretat de subministrament i, no obstant aix\u00f2, a totes els estan renovant les seues llic\u00e8ncies, sense participaci\u00f3 p\u00fablica ni cap dels criteris que hui s&#8217;exigeixen per a qualsevol instal\u00b7laci\u00f3 energ\u00e8tica per xicoteta i renovable que siga\u201d, ha declarat Raquel Mont\u00f3n, responsable de la campanya d&#8217;Energia de Greenpeace: \u201cIberdrola vol ser el referent de les energies renovables, per\u00f2 demana una reducci\u00f3 d&#8217;impostos per als seus nuclears. Aix\u00f2 va molt m\u00e9s all\u00e0 del *greenwashing: Ignacio *Sanchez Gal\u00e1n el que planteja \u00e9s una estafa\u201d.<\/em><\/p>\n","protected":false},"excerpt":{"rendered":"<div class=\"mh-excerpt\">L&#8217;organitzaci\u00f3 ecologista assenyala a Iberdrola, propietari \u00fanic de la nuclear, com a responsable de desviar i alentir la transici\u00f3 energ\u00e8tica demanant exempcions d&#8217;impostos per als seus nuclears Davant l&#8217;anunci del Ministeri de Transici\u00f3 *Ecolo\u01f5ica de <a class=\"mh-excerpt-more\" href=\"https:\/\/www.tucomarca.com\/wordpress\/segunda\/ca\/greenpeace-mostra-la-seua-preocupacio-davant-lanunci-del-govern-de-renovar-la-llicencia-de-la-central-nuclear-de-cofrentes-fins-al-seu-tancament-en-2030\/\" title=\"Greenpeace mostra la seua preocupaci\u00f3 davant l&#8217;anunci del Govern de renovar la llic\u00e8ncia de la central nuclear de Cofrentes fins al seu tancament en 2030\">[+] <\/a><\/div>\n","protected":false},"author":12,"featured_media":129056,"comment_status":"open","ping_status":"open","sticky":false,"template":"","format":"standard","meta":{"footnotes":""},"categories":[10951,10955,10898,10948,10894,10904,10903,10947,10896,10897],"tags":[11216,12446,11480],"class_list":{"0":"post-129058","1":"post","2":"type-post","3":"status-publish","4":"format-standard","5":"has-post-thumbnail","7":"category-ayora-cofrentes-ca","8":"category-cofrentes-ca","9":"category-ventana-ca","10":"category-infraestructuras-ca","11":"category-la-comarca-ca","12":"category-sin-categorizar-ca","13":"category-medio-ambiente-la-comarca-ca","14":"category-politica","15":"category-seccion-ca","16":"category-sucesos-la-comarca-ca","17":"tag-ayora-cofrentes-ca","18":"tag-central-nuclear-ca","19":"tag-cofrentes-ca"},"_links":{"self":[{"href":"https:\/\/www.tucomarca.com\/wordpress\/segunda\/ca\/wp-json\/wp\/v2\/posts\/129058","targetHints":{"allow":["GET"]}}],"collection":[{"href":"https:\/\/www.tucomarca.com\/wordpress\/segunda\/ca\/wp-json\/wp\/v2\/posts"}],"about":[{"href":"https:\/\/www.tucomarca.com\/wordpress\/segunda\/ca\/wp-json\/wp\/v2\/types\/post"}],"author":[{"embeddable":true,"href":"https:\/\/www.tucomarca.com\/wordpress\/segunda\/ca\/wp-json\/wp\/v2\/users\/12"}],"replies":[{"embeddable":true,"href":"https:\/\/www.tucomarca.com\/wordpress\/segunda\/ca\/wp-json\/wp\/v2\/comments?post=129058"}],"version-history":[{"count":0,"href":"https:\/\/www.tucomarca.com\/wordpress\/segunda\/ca\/wp-json\/wp\/v2\/posts\/129058\/revisions"}],"wp:featuredmedia":[{"embeddable":true,"href":"https:\/\/www.tucomarca.com\/wordpress\/segunda\/ca\/wp-json\/wp\/v2\/media\/129056"}],"wp:attachment":[{"href":"https:\/\/www.tucomarca.com\/wordpress\/segunda\/ca\/wp-json\/wp\/v2\/media?parent=129058"}],"wp:term":[{"taxonomy":"category","embeddable":true,"href":"https:\/\/www.tucomarca.com\/wordpress\/segunda\/ca\/wp-json\/wp\/v2\/categories?post=129058"},{"taxonomy":"post_tag","embeddable":true,"href":"https:\/\/www.tucomarca.com\/wordpress\/segunda\/ca\/wp-json\/wp\/v2\/tags?post=129058"}],"curies":[{"name":"wp","href":"https:\/\/api.w.org\/{rel}","templated":true}]}}