{"id":129214,"date":"2021-03-22T15:30:00","date_gmt":"2021-03-22T14:30:00","guid":{"rendered":"http:\/\/www.tucomarca.com\/wordpress\/segunda\/?p=129214"},"modified":"2021-03-22T22:21:59","modified_gmt":"2021-03-22T21:21:59","slug":"la-comunitat-registra-155-casos-nous-de-coronavirus-15-defuncions-i-746-altes","status":"publish","type":"post","link":"https:\/\/www.tucomarca.com\/wordpress\/segunda\/ca\/la-comunitat-registra-155-casos-nous-de-coronavirus-15-defuncions-i-746-altes\/","title":{"rendered":"La Comunitat registra 155 casos nous de coronavirus, 15 defuncions i 746 altes"},"content":{"rendered":"\n<h4 class=\"wp-block-heading\">Per prov\u00edncies, es registren 27 nous casos a Castell\u00f3, 30 a Alacant i 98 a la prov\u00edncia de Val\u00e8ncia<\/h4>\n\n\n\n<h4 class=\"wp-block-heading\"><strong class=\"\">S&#8217;ha administrat un total de 562.350 dosi de la vacuna contra el coronavirus<\/strong><\/h4>\n\n\n\n<p>La Comunitat Valenciana ha administrat un total de 562.350 dosi de la vacuna contra el coronavirus. Per prov\u00edncies, 67.217 a Castell\u00f3, 198.021 a Alacant i 297.112 a Val\u00e8ncia. Han rebut les dues dosis 198.914 persones.<\/p>\n\n\n\n<p>D&#8217;altra banda, s&#8217;han notificat 155 casos nous de coronavirus confirmats per prova PCR o a trav\u00e9s de test d&#8217;ant\u00edgens des de l&#8217;\u00faltima actualitzaci\u00f3, que situen la xifra total de positius en 384.243 persones. Per prov\u00edncies, la distribuci\u00f3 de nous positius \u00e9s la seg\u00fcent: 27 a Castell\u00f3 (39.247 en total), 30 a Alacant (144.585 en total) i 98 a la prov\u00edncia de Val\u00e8ncia (200.409), on s&#8217;han reassignat tres casos, amb el que el nombre total de casos sense assignar descendeix a 2.<\/p>\n\n\n\n<p>Des de l&#8217;\u00faltima actualitzaci\u00f3 s&#8217;han registrat 746 altes a pacients amb coronavirus. D&#8217;aquesta manera, ja s\u00f3n 385.099 persones en la Comunitat Valenciana les que han superat la malaltia des que va comen\u00e7ar la pand\u00e8mia. Per prov\u00edncies, les altes es distribueixen de la seg\u00fcent manera: 39.660 a Castell\u00f3, 144.372 a Alacant i 201.012 a Val\u00e8ncia, a m\u00e9s de 55 no assignades.<\/p>\n\n\n\n<p>Els hospitals valencians tenen, actualment, 478 persones ingressades: 25 a la prov\u00edncia de Castell\u00f3, amb 3 pacients en UCI; 205 a la prov\u00edncia d&#8217;Alacant, 60 d&#8217;ells en l&#8217;UCI; i 248 a la prov\u00edncia de Val\u00e8ncia, 75 d&#8217;ells en UCI.<\/p>\n\n\n\n<p>A m\u00e9s, s&#8217;han registrat 15 defuncions per coronavirus des de l&#8217;\u00faltima actualitzaci\u00f3, per la qual cosa el total de defuncions des de l&#8217;inici de la pand\u00e8mia \u00e9s de 7.066 persones: 776 a la prov\u00edncia de Castell\u00f3, 2.673 en la d&#8217;Alacant i 3.617 en la de Val\u00e8ncia.<\/p>\n\n\n\n<p>D&#8217;acord amb les dades registrades, en aquests moments hi ha 3.542 casos actius, la qual cosa suposa un 0,90% del total de positius.<\/p>\n\n\n\n<p><strong>Actualitzaci\u00f3 de la situaci\u00f3 en resid\u00e8ncies<\/strong><\/p>\n\n\n\n<p>Des de l&#8217;\u00faltima actualitzaci\u00f3, els casos positius en resid\u00e8ncies de majors s&#8217;han redu\u00eft a 14 (2 a la prov\u00edncia de Castell\u00f3, 1 a la prov\u00edncia d&#8217;Alacant i 11 a la prov\u00edncia de Val\u00e8ncia), 4 centres de diversitat funcional de la prov\u00edncia de Val\u00e8ncia i 2 centres de menors (1 a la prov\u00edncia de Val\u00e8ncia i 1 a la prov\u00edncia d&#8217;Alacant).<\/p>\n\n\n\n<ul class=\"wp-block-list\"><li>Residents nous positius: 9<\/li><li>Treballadors i treballadores nous positius: 0<\/li><li>Residents que han mort: 4<\/li><\/ul>\n\n\n\n<p>Actualment, es troben sota vigil\u00e0ncia activa de control sanitari 6 resid\u00e8ncies en la Comunitat Valenciana: 1 a la prov\u00edncia de Castell\u00f3, 1 a la prov\u00edncia d&#8217;Alacant i 4 a la prov\u00edncia de Val\u00e8ncia.<\/p>\n\n\n\n<p><strong>Actualitzaci\u00f3 brolles de coronavirus<\/strong><\/p>\n\n\n\n<p>S&#8217;han registrat 4 nous brots des de l&#8217;\u00faltima actualitzaci\u00f3.<\/p>\n\n\n\n<ul class=\"wp-block-list\"><li>Orpesa: 3 casos. \u00c0mbit educatiu<\/li><li>Elda: 6 casos. \u00c0mbit educatiu<\/li><li>Nules: 6 casos. Origen laboral<\/li><li>Almassora: 7 casos. laboral<\/li><\/ul>\n","protected":false},"excerpt":{"rendered":"<div class=\"mh-excerpt\">Per prov\u00edncies, es registren 27 nous casos a Castell\u00f3, 30 a Alacant i 98 a la prov\u00edncia de Val\u00e8ncia S&#8217;ha administrat un total de 562.350 dosi de la vacuna contra el coronavirus La Comunitat Valenciana <a class=\"mh-excerpt-more\" href=\"https:\/\/www.tucomarca.com\/wordpress\/segunda\/ca\/la-comunitat-registra-155-casos-nous-de-coronavirus-15-defuncions-i-746-altes\/\" title=\"La Comunitat registra 155 casos nous de coronavirus, 15 defuncions i 746 altes\">[+] <\/a><\/div>\n","protected":false},"author":12,"featured_media":125389,"comment_status":"open","ping_status":"open","sticky":false,"template":"","format":"standard","meta":{"footnotes":""},"categories":[11010,12202,10898,10894,10904,10947,10896,10897],"tags":[12165,11939,11940,13477],"class_list":{"0":"post-129214","1":"post","2":"type-post","3":"status-publish","4":"format-standard","5":"has-post-thumbnail","7":"category-canal-salud","8":"category-covid-19-ca","9":"category-ventana-ca","10":"category-la-comarca-ca","11":"category-sin-categorizar-ca","12":"category-politica","13":"category-seccion-ca","14":"category-sucesos-la-comarca-ca","15":"tag-conselleria-de-sanitat-ca","16":"tag-coronavirus-ca","17":"tag-covid-19-ca","18":"tag-datos-de-contagios-ca"},"_links":{"self":[{"href":"https:\/\/www.tucomarca.com\/wordpress\/segunda\/ca\/wp-json\/wp\/v2\/posts\/129214","targetHints":{"allow":["GET"]}}],"collection":[{"href":"https:\/\/www.tucomarca.com\/wordpress\/segunda\/ca\/wp-json\/wp\/v2\/posts"}],"about":[{"href":"https:\/\/www.tucomarca.com\/wordpress\/segunda\/ca\/wp-json\/wp\/v2\/types\/post"}],"author":[{"embeddable":true,"href":"https:\/\/www.tucomarca.com\/wordpress\/segunda\/ca\/wp-json\/wp\/v2\/users\/12"}],"replies":[{"embeddable":true,"href":"https:\/\/www.tucomarca.com\/wordpress\/segunda\/ca\/wp-json\/wp\/v2\/comments?post=129214"}],"version-history":[{"count":0,"href":"https:\/\/www.tucomarca.com\/wordpress\/segunda\/ca\/wp-json\/wp\/v2\/posts\/129214\/revisions"}],"wp:featuredmedia":[{"embeddable":true,"href":"https:\/\/www.tucomarca.com\/wordpress\/segunda\/ca\/wp-json\/wp\/v2\/media\/125389"}],"wp:attachment":[{"href":"https:\/\/www.tucomarca.com\/wordpress\/segunda\/ca\/wp-json\/wp\/v2\/media?parent=129214"}],"wp:term":[{"taxonomy":"category","embeddable":true,"href":"https:\/\/www.tucomarca.com\/wordpress\/segunda\/ca\/wp-json\/wp\/v2\/categories?post=129214"},{"taxonomy":"post_tag","embeddable":true,"href":"https:\/\/www.tucomarca.com\/wordpress\/segunda\/ca\/wp-json\/wp\/v2\/tags?post=129214"}],"curies":[{"name":"wp","href":"https:\/\/api.w.org\/{rel}","templated":true}]}}