{"id":129307,"date":"2021-03-22T16:58:00","date_gmt":"2021-03-22T15:58:00","guid":{"rendered":"http:\/\/www.tucomarca.com\/wordpress\/segunda\/?p=129307"},"modified":"2021-03-23T14:07:10","modified_gmt":"2021-03-23T13:07:10","slug":"la-diputacio-va-destinar-en-2020-prop-de-350-000-euros-per-a-minimitzar-riscos-geologics-en-set-municipis","status":"publish","type":"post","link":"https:\/\/www.tucomarca.com\/wordpress\/segunda\/ca\/la-diputacio-va-destinar-en-2020-prop-de-350-000-euros-per-a-minimitzar-riscos-geologics-en-set-municipis\/","title":{"rendered":"La Diputaci\u00f3 va destinar en 2020 prop de 350.000 euros per a minimitzar riscos geol\u00f2gics en set municipis"},"content":{"rendered":"\n<h4 class=\"wp-block-heading\"><strong><strong>Els municipis que van sol\u00b7licitar les ajudes en 2020 van ser Benag\u00e9ber, Chelva, Olocau, Utiel, Casas Altas, Cullera i Ademuz, en dos ocasions<\/strong><\/strong><\/h4>\n\n\n\n<h4 class=\"wp-block-heading\"><strong><strong>La vicepresidenta de la Diputaci\u00f3 i responsable de l\u2019\u00e0rea de Medi Ambient, Maria Josep Amig\u00f3, destaca que \u201cen estes actuacions preval la seguretat de la ciutadania i de les infraestructures afectades\u201d<\/strong><\/strong><\/h4>\n\n\n\n<p>L\u2019\u00e0rea de Medi Ambient de la Diputaci\u00f3 de Val\u00e8ncia ha destinat al llarg de 2020 prop de 350.000 euros en actuacions per a minimitzar riscos geol\u00f2gics en set localitats. En tots els casos \u201cl\u2019objectiu era garantir la seguretat de la ciutadania i de les infraestructures i immobles afectats\u201d, explica la vicepresidenta de la Diputaci\u00f3 i responsable de l\u2019\u00e0rea de Medi Ambient, Maria Josep Amig\u00f3.<\/p>\n\n\n\n<p>Tots els treballs s\u2019han realitzat per emerg\u00e8ncia \u201cdegut, principalment, a despreniments de blocs de pedra i lliscaments per les pluges\u201d, apunta Maria Josep Amig\u00f3. Les ajudes han oscil\u00b7lat entre el 90 i el 97,5% de l\u2019import total del projecte segons el padr\u00f3 municipal.<\/p>\n\n\n\n<p>En 2020 es van fer treballs de minimitzaci\u00f3 de riscos geol\u00f2gics a Benag\u00e9ber i Olocau, a la comarca del Camp de T\u00faria; Chelva, en la Serrania; Cullera, a la Ribera; Utiel, a la Plana d\u2019Utiel; i Casas Altas i Ademuz, a la comarca del Rinc\u00f3n de Ademuz.<\/p>\n\n\n\n<p>Les obres han consistit en la reconstrucci\u00f3 d\u2019un mur en el cam\u00ed del pant\u00e0 de Benag\u00e9ber; la reparaci\u00f3 de despreniments en l\u2019ermita del Remedio de Chelva; la restauraci\u00f3 del mur de pedra de la font de la Salut a Olocau; la construcci\u00f3 d\u2019un mur en el paratge del Remedio d\u2019Utiel i el cam\u00ed al llogaret d\u2019Estenas; la reparaci\u00f3 d\u2019un mur al carrer Barraca de Casas Altas; la col\u00b7locaci\u00f3 de pantalles met\u00e0l\u00b7liques din\u00e0miques per a evitar despreniments en l\u2019IES Blasco Ib\u00e1\u00f1ez de Cullera; i la reparaci\u00f3 del mur de contenci\u00f3 del carrer Boticario d\u2019Ademuz i la instal\u00b7laci\u00f3 d\u2019una xarxa de cables per a evitar despreniments en el vessant nord d\u2019Ademuz.<\/p>\n\n\n\n<p>Les obres realitzades en 2020 suposen un increment respecte al 2019, en el qual es van executar treballs a Zarra, Chelva i Oliva; i els sis de 2018 a Macastre, X\u00e0tiva, el Palomar, Estivella, Tavernes de la Valldigna i Ademuz.<\/p>\n\n\n\n<p>Els ajuntaments poden sol\u00b7licitar, al llarg de tot l\u2019any, ajuda a la Diputaci\u00f3 per a esta tipologia d\u2019intervencions. De fet, en 2021 ja s\u2019ha constru\u00eft un mur en el barranc de la Daia per a evitar lliscaments al carrer de Cotalba d\u2019Alfauir.<\/p>\n","protected":false},"excerpt":{"rendered":"<div class=\"mh-excerpt\">Els municipis que van sol\u00b7licitar les ajudes en 2020 van ser Benag\u00e9ber, Chelva, Olocau, Utiel, Casas Altas, Cullera i Ademuz, en dos ocasions La vicepresidenta de la Diputaci\u00f3 i responsable de l\u2019\u00e0rea de Medi Ambient, <a class=\"mh-excerpt-more\" href=\"https:\/\/www.tucomarca.com\/wordpress\/segunda\/ca\/la-diputacio-va-destinar-en-2020-prop-de-350-000-euros-per-a-minimitzar-riscos-geologics-en-set-municipis\/\" title=\"La Diputaci\u00f3 va destinar en 2020 prop de 350.000 euros per a minimitzar riscos geol\u00f2gics en set municipis\">[+] <\/a><\/div>\n","protected":false},"author":1,"featured_media":129305,"comment_status":"open","ping_status":"open","sticky":false,"template":"","format":"standard","meta":{"footnotes":""},"categories":[10926,10890,11041,10892,10923,11039,11046,10898,10948,10894,10904,10903,10935,10947,10909,10896,11059],"tags":[11097,10899,11246,11080,11459],"class_list":{"0":"post-129307","1":"post","2":"type-post","3":"status-publish","4":"format-standard","5":"has-post-thumbnail","7":"category-ademus-ca","8":"category-ademus","9":"category-benageber-ca","10":"category-camp-de-turia-ca","11":"category-cases-altes","12":"category-chelva-ca","13":"category-los-serranos-ca","14":"category-ventana-ca","15":"category-infraestructuras-ca","16":"category-la-comarca-ca","17":"category-sin-categorizar-ca","18":"category-medio-ambiente-la-comarca-ca","19":"category-olocau-ca","20":"category-politica","21":"category-requena-utiel-ca","22":"category-seccion-ca","23":"category-utiel-ca","24":"tag-ademuz-ca","25":"tag-camp-de-turia-ca","26":"tag-diputacio-de-valencia-ca","27":"tag-los-serranos-ca","28":"tag-utiel-requena-ca"},"_links":{"self":[{"href":"https:\/\/www.tucomarca.com\/wordpress\/segunda\/ca\/wp-json\/wp\/v2\/posts\/129307","targetHints":{"allow":["GET"]}}],"collection":[{"href":"https:\/\/www.tucomarca.com\/wordpress\/segunda\/ca\/wp-json\/wp\/v2\/posts"}],"about":[{"href":"https:\/\/www.tucomarca.com\/wordpress\/segunda\/ca\/wp-json\/wp\/v2\/types\/post"}],"author":[{"embeddable":true,"href":"https:\/\/www.tucomarca.com\/wordpress\/segunda\/ca\/wp-json\/wp\/v2\/users\/1"}],"replies":[{"embeddable":true,"href":"https:\/\/www.tucomarca.com\/wordpress\/segunda\/ca\/wp-json\/wp\/v2\/comments?post=129307"}],"version-history":[{"count":0,"href":"https:\/\/www.tucomarca.com\/wordpress\/segunda\/ca\/wp-json\/wp\/v2\/posts\/129307\/revisions"}],"wp:featuredmedia":[{"embeddable":true,"href":"https:\/\/www.tucomarca.com\/wordpress\/segunda\/ca\/wp-json\/wp\/v2\/media\/129305"}],"wp:attachment":[{"href":"https:\/\/www.tucomarca.com\/wordpress\/segunda\/ca\/wp-json\/wp\/v2\/media?parent=129307"}],"wp:term":[{"taxonomy":"category","embeddable":true,"href":"https:\/\/www.tucomarca.com\/wordpress\/segunda\/ca\/wp-json\/wp\/v2\/categories?post=129307"},{"taxonomy":"post_tag","embeddable":true,"href":"https:\/\/www.tucomarca.com\/wordpress\/segunda\/ca\/wp-json\/wp\/v2\/tags?post=129307"}],"curies":[{"name":"wp","href":"https:\/\/api.w.org\/{rel}","templated":true}]}}