{"id":129339,"date":"2021-03-23T10:35:00","date_gmt":"2021-03-23T09:35:00","guid":{"rendered":"http:\/\/www.tucomarca.com\/wordpress\/segunda\/?p=129339"},"modified":"2021-03-23T22:38:45","modified_gmt":"2021-03-23T21:38:45","slug":"riba-roja-aprova-una-ajuda-de-fins-a-600-euros-a-les-dones-victimes-de-violencia-de-genere-per-a-casos-demergencia","status":"publish","type":"post","link":"https:\/\/www.tucomarca.com\/wordpress\/segunda\/ca\/riba-roja-aprova-una-ajuda-de-fins-a-600-euros-a-les-dones-victimes-de-violencia-de-genere-per-a-casos-demergencia\/","title":{"rendered":"Riba-roja aprova una ajuda de fins a 600 euros a les dones v\u00edctimes de viol\u00e8ncia de g\u00e8nere per a casos d&#8217;emerg\u00e8ncia"},"content":{"rendered":"\n<p><strong>La comissi\u00f3 avaluadora tindr\u00e0 en compte factors socials o econ\u00f2mics<\/strong><\/p>\n\n\n\n<p>L&#8217;Ajuntament de Riba-roja de T\u00faria ha aprovat la concessi\u00f3 d&#8217;una ajuda econ\u00f2mica de fins a 600 euros en total per a totes aquelles dones que hagen patit un cas de viol\u00e8ncia de g\u00e8nere. La convocat\u00f2ria contempla els casos en els quals les v\u00edctimes no disposen de suficients recursos econ\u00f2mics i per a aquelles situacions qualificades, \u00fanicament, d&#8217;emerg\u00e8ncia.&nbsp;<\/p>\n\n\n\n<p>Aquest programa d&#8217;ajudes de Riba-roja de T\u00faria, aprovat mitjan\u00e7ant una resoluci\u00f3 de l&#8217;alcaldia, s&#8217;ha dissenyat, principalment, de manera \u00fanica i puntual per a fer front de manera immediata a situacions de greu risc personal, en aquells casos en els quals la v\u00edctima de viol\u00e8ncia de g\u00e8nere no dispose, de cap manera, dels recursos econ\u00f2mics suficients.&nbsp;<\/p>\n\n\n\n<p>La resoluci\u00f3 municipal estableix els criteris que han de complir aquelles dones que hagen patit alguns dels sup\u00f2sits contemplats en els mateixos i que se centraran en els factors socials, familiars i econ\u00f2mics de la sol\u00b7licitant i de la seua unitat familiar. El criteri econ\u00f2mic per a concedir aquest tipus d&#8217;ajudes tindr\u00e0 en compte que la persona sol\u00b7licitant manque de la renda disponible superior a l&#8217;Indicador P\u00fablic de Renda d&#8217;Efectes M\u00faltiples (Iprem)&nbsp;que es fixa, puntualment, a cada moment.<\/p>\n\n\n\n<p>La quantia econ\u00f2mica que es concedir\u00e0 a les futures benefici\u00e0ries de Riba-roja de T\u00faria tindr\u00e0 un import \u00fanic de 600 euros per persona, que s&#8217;aplicar\u00e0, posteriorment, a la corresponent partida pressupost\u00e0ria de les arques municipals. La citada quantitat econ\u00f2mica s&#8217;abonar\u00e0 mitjan\u00e7ant un tal\u00f3 nominatiu de bestreta de caixa fixa sobre la viol\u00e8ncia de g\u00e8nere.&nbsp;<\/p>\n\n\n\n<p>Les bases d&#8217;aquestes ajudes contemplen aquells casos en els quals les v\u00edctimes de viol\u00e8ncia necessiten de recursos d&#8217;allotjament alternatiu, l&#8217;import del qual de la despesa derivada formar\u00e0 part del total de l&#8217;ajuda concedida. A m\u00e9s, la concessi\u00f3 d&#8217;aquestes ajudes \u201cno excedir\u00e0 del per\u00edode d&#8217;un mes, es pot prorrogar per un altre mes m\u00e9s en casos excepcionals i sempre a criteri de la comissi\u00f3 avaluadora.&nbsp;<\/p>\n\n\n\n<p>Les sol\u00b7licituds de les persones que hagen patit casos de viol\u00e8ncia de g\u00e8nere s&#8217;estudiaran i analitzaran en la corresponent comissi\u00f3 avaluadora que estar\u00e0 integrada, al mateix temps, per un president que ser\u00e0 el coordinador de l&#8217;\u00e0rea, un altre president suplent designat, un secretari titular que ser\u00e0 el personal auxiliar de l&#8217;\u00e0rea que tindr\u00e0 veu per\u00f2 mancar\u00e0 de vot, un altre secretari suplent, un vocal titular constitu\u00eft pel t\u00e8cnic d&#8217;Igualtat, un altre vocal suplent i, finalment, un vocal titular que ser\u00e0 el t\u00e8cnic de Pol\u00edtiques Inclusives i un vocal suplent.&nbsp;<\/p>\n\n\n\n<p>Aquesta comissi\u00f3 municipal tindr\u00e0 compet\u00e8ncies legals per a realitzar totes aquelles comprovacions que s&#8217;estimen necess\u00e0ries per a la millor valoraci\u00f3 de l&#8217;ajuda, entre les quals s&#8217;inclouen, a m\u00e9s, una entrevista personal de la sol\u00b7licitant, aix\u00ed com el requeriment dels informes i els documents addicionals que s&#8217;estime oport\u00fa reclamar a la possible benefici\u00e0ria de l&#8217;ajuda.&nbsp;<\/p>\n\n\n\n<p>El termini m\u00e0xim per a resoldre el procediment i informar sobre el mateix a les persones interessades no podr\u00e0 excedir d&#8217;un mes, de manera que, si transcorregut el termini fixat, no es notifica la resoluci\u00f3 de l&#8217;Ajuntament de Riba-roja de T\u00faria es considerar\u00e0 \u201ccom desestimada per silenci administratiu\u201d. En el cas d&#8217;una resoluci\u00f3 afirmativa, la quantia concedida haur\u00e0 de ser justificada en tots els seus punts, tal com s&#8217;estableix en les bases reguladores d&#8217;aquestes.&nbsp;<\/p>\n\n\n\n<p>L&#8217;Ajuntament de&nbsp;Riba-roja&nbsp;disposa actualment d&#8217;un servei d&#8217;assessorament contra la viol\u00e8ncia de g\u00e8nere, a m\u00e9s d&#8217;un gabinet psicol\u00f2gic, mentre que la policia local compta amb una unitat d&#8217;atenci\u00f3 especialitzada a les v\u00edctimes \u2013denominada&nbsp;Gevim-&nbsp;que refor\u00e7a el sistema&nbsp;Viogen&nbsp;de la Gu\u00e0rdia Civil per a avaluar el risc i protecci\u00f3 de les dones.&nbsp;Riba-roja&nbsp;est\u00e0 adherida a la&nbsp;Xarxa&nbsp;de&nbsp;Municipis&nbsp;Protegits contra la viol\u00e8ncia impulsada per la Diputaci\u00f3 de Val\u00e8ncia.&nbsp;<\/p>\n\n\n\n<p>L&#8217;alcalde de Riba-roja de T\u00faria, Robert\u00a0Raga, ha subratllat \u201cla import\u00e0ncia d&#8217;aprovar aquest tipus d&#8217;ajuda per a totes aquelles dones que pateixen aquest tipus de viol\u00e8ncia i per a aquelles situacions que es contemplen com d&#8217;emerg\u00e8ncia, per aix\u00f2 des de l&#8217;administraci\u00f3 local hem de vetlar perqu\u00e8 les v\u00edctimes de la viol\u00e8ncia de g\u00e8nere puguen tindre cobertes les m\u00ednimes condicions per a viure\u201d.<\/p>\n","protected":false},"excerpt":{"rendered":"<div class=\"mh-excerpt\">La comissi\u00f3 avaluadora tindr\u00e0 en compte factors socials o econ\u00f2mics L&#8217;Ajuntament de Riba-roja de T\u00faria ha aprovat la concessi\u00f3 d&#8217;una ajuda econ\u00f2mica de fins a 600 euros en total per a totes aquelles dones que <a class=\"mh-excerpt-more\" href=\"https:\/\/www.tucomarca.com\/wordpress\/segunda\/ca\/riba-roja-aprova-una-ajuda-de-fins-a-600-euros-a-les-dones-victimes-de-violencia-de-genere-per-a-casos-demergencia\/\" title=\"Riba-roja aprova una ajuda de fins a 600 euros a les dones v\u00edctimes de viol\u00e8ncia de g\u00e8nere per a casos d&#8217;emerg\u00e8ncia\">[+] <\/a><\/div>\n","protected":false},"author":1,"featured_media":129336,"comment_status":"open","ping_status":"open","sticky":false,"template":"","format":"standard","meta":{"footnotes":""},"categories":[10892,10948,10894,10947,10906,10896,10897],"tags":[10899,10907],"class_list":{"0":"post-129339","1":"post","2":"type-post","3":"status-publish","4":"format-standard","5":"has-post-thumbnail","7":"category-camp-de-turia-ca","8":"category-infraestructuras-ca","9":"category-la-comarca-ca","10":"category-politica","11":"category-riba-roja-ca","12":"category-seccion-ca","13":"category-sucesos-la-comarca-ca","14":"tag-camp-de-turia-ca","15":"tag-riba-roja-del-turia-ca"},"_links":{"self":[{"href":"https:\/\/www.tucomarca.com\/wordpress\/segunda\/ca\/wp-json\/wp\/v2\/posts\/129339","targetHints":{"allow":["GET"]}}],"collection":[{"href":"https:\/\/www.tucomarca.com\/wordpress\/segunda\/ca\/wp-json\/wp\/v2\/posts"}],"about":[{"href":"https:\/\/www.tucomarca.com\/wordpress\/segunda\/ca\/wp-json\/wp\/v2\/types\/post"}],"author":[{"embeddable":true,"href":"https:\/\/www.tucomarca.com\/wordpress\/segunda\/ca\/wp-json\/wp\/v2\/users\/1"}],"replies":[{"embeddable":true,"href":"https:\/\/www.tucomarca.com\/wordpress\/segunda\/ca\/wp-json\/wp\/v2\/comments?post=129339"}],"version-history":[{"count":0,"href":"https:\/\/www.tucomarca.com\/wordpress\/segunda\/ca\/wp-json\/wp\/v2\/posts\/129339\/revisions"}],"wp:featuredmedia":[{"embeddable":true,"href":"https:\/\/www.tucomarca.com\/wordpress\/segunda\/ca\/wp-json\/wp\/v2\/media\/129336"}],"wp:attachment":[{"href":"https:\/\/www.tucomarca.com\/wordpress\/segunda\/ca\/wp-json\/wp\/v2\/media?parent=129339"}],"wp:term":[{"taxonomy":"category","embeddable":true,"href":"https:\/\/www.tucomarca.com\/wordpress\/segunda\/ca\/wp-json\/wp\/v2\/categories?post=129339"},{"taxonomy":"post_tag","embeddable":true,"href":"https:\/\/www.tucomarca.com\/wordpress\/segunda\/ca\/wp-json\/wp\/v2\/tags?post=129339"}],"curies":[{"name":"wp","href":"https:\/\/api.w.org\/{rel}","templated":true}]}}