{"id":129446,"date":"2021-03-24T07:28:00","date_gmt":"2021-03-24T06:28:00","guid":{"rendered":"http:\/\/www.tucomarca.com\/wordpress\/segunda\/?p=129446"},"modified":"2021-03-24T22:30:50","modified_gmt":"2021-03-24T21:30:50","slug":"gaspar-anuncia-el-tancament-de-divalterra-i-garantix-el-futur-dels-brigadistes","status":"publish","type":"post","link":"https:\/\/www.tucomarca.com\/wordpress\/segunda\/ca\/gaspar-anuncia-el-tancament-de-divalterra-i-garantix-el-futur-dels-brigadistes\/","title":{"rendered":"Gaspar anuncia el tancament de Divalterra i garantix el futur dels brigadistes"},"content":{"rendered":"\n<h4 class=\"wp-block-heading\"><strong><strong>El president de la Diputaci\u00f3 avan\u00e7a que convocar\u00e0 una Junta General en la qual es destituir\u00e0 els membres del consell i es nomenar\u00e0 els liquidadors. El Consorci de Bombers absorbir\u00e0 a les brigades forestals i la resta de la plantilla ser\u00e0 assumida per la corporaci\u00f3<\/strong><\/strong><\/h4>\n\n\n\n<p>El president de la Diputaci\u00f3 de Val\u00e8ncia, Toni Gaspar, ha anunciat este dimarts el \u201ctancament ordenat i definitiu\u201d de Divalterra. Durant la celebraci\u00f3 de la Junta General extraordin\u00e0ria convocada per a debatre sobre l&#8217;estat de l&#8217;empresa dependent de la Diputaci\u00f3, Gaspar ha avan\u00e7at que convocar\u00e0 \u201ccom m\u00e9s prompte millor\u201d una nova Junta General en la qual es destituir\u00e0 els membres del Consell i es nomenar\u00e0 els liquidadors, pas previ a la dissoluci\u00f3, liquidaci\u00f3 i extinci\u00f3 de Divalterra SA.<\/p>\n\n\n\n<p>En paraules del president, que ha tancat el debat sol\u00b7licitat pels grups de l&#8217;oposici\u00f3 en la instituci\u00f3 provincial, \u201cesta mesura permetr\u00e0 l&#8217;\u00fanica obsessi\u00f3 que mou les meues decisions des de Presid\u00e8ncia i la de la resta de l&#8217;equip de govern de la Diputaci\u00f3, que no \u00e9s una altra que assegurar el treball digne de les quasi 600 persones que integren l&#8217;actual Divalterra\u201d.<\/p>\n\n\n\n<p>Amb la dissoluci\u00f3 de Divalterra, el Consorci Provincial de Bombers absorbir\u00e0 als brigadistes, la major part dels treballadors de l&#8217;empresa, mentre que la pr\u00f2pia corporaci\u00f3 assumir\u00e0 i reubicar\u00e0 a la resta de la plantilla, com ha succe\u00eft amb el Patronat de Turisme. \u201cLes persones continuen sent la m\u00e0xima prioritat\u201d, ha assegurat el president Gaspar, que ha informat les treballadores i treballadors de l&#8217;empresa de la decisi\u00f3 presa al mateix temps que es feia p\u00fablica en la Junta General.<\/p>\n\n\n\n<p><strong>\u201cDivalterra s\u2019ha acabat\u201d<\/strong><\/p>\n\n\n\n<p>El m\u00e0xim responsable provincial ha situat Divalterra com a \u201cexponent de la malaltia que patix la pol\u00edtica en estos temps incerts, que \u00e9s insistir en el mal que ho fan els altres i justificar el b\u00e9 que ho han fet els nostres\u201d. Enfront d&#8217;esta realitat guionitzada, Gaspar preferix \u201cdonar resposta als problemes hist\u00f2rics que perduren en esta instituci\u00f3 tractant de donar-los soluci\u00f3, sense contribuir al molest soroll que nom\u00e9s aporta descr\u00e8dit\u201d. \u201cEls errors comesos en Imelsa i despr\u00e9s en Divalterra van impulsar la voluntat d&#8217;este equip de govern de donar estabilitat i viabilitat a l&#8217;empresa\u201d, ha afegit el president.<\/p>\n\n\n\n<p>I eixa soluci\u00f3 \u00e9s fruit de la voluntat de l&#8217;equip de govern que encap\u00e7ala Gaspar i de l&#8217;informe conjunt encarregat als departaments de Secretaria i Intervenci\u00f3 de la Diputaci\u00f3, que ha analitzat els diferents escenaris plantejats per al futur de l&#8217;empresa. El resultat del mateix condu\u00efx cap a un proc\u00e9s de dissoluci\u00f3 que abordar\u00e0 amb urg\u00e8ncia la integraci\u00f3 dels brigadistes, part principal i majorit\u00e0ria de Divalterra, en el Consorci Provincial de Bombers, al mateix temps que la resta de serveis minoritaris que presta l&#8217;empresa s&#8217;integraran en la Diputaci\u00f3.<\/p>\n\n\n\n<p>Toni Gaspar t\u00e9 clar que \u201cs&#8217;ha acabat Divalterra\u201d i pensa ja en el futur de les treballadores i treballadors de l&#8217;empresa dependent de la corporaci\u00f3 provincial. \u201cLa lletra xicoteta l&#8217;anirem definint de manera conjunta; dem\u00e0 mateix he convocat als representants dels treballadors per a comen\u00e7ar a escriure-la\u201d, ha assenyalat Gaspar, que espera tindre \u201cla col\u00b7laboraci\u00f3 de tots en este hist\u00f2ric pas\u201d, ja que \u201cl&#8217;\u00fanic benefici al qual aspirem en este \u00faltim cap\u00edtol de l&#8217;empresa \u00e9s el futur laboral dels qui la integren i el servei que presten als municipis valencians\u201d.<\/p>\n\n\n\n<p>Per part seua, la vicepresidenta de la Diputaci\u00f3 i responsable del Consorci Provincial de Bombers, M\u00aa Josep Amig\u00f3, ha considerat que esta ha sigut \u201cuna decisi\u00f3 molt meditada, des que al juliol de 2018 varem avan\u00e7ar el tancament ordenat de Divalterra, que despr\u00e9s de quasi tres anys i els informes pertinents ha arribat el moment d&#8217;anunciar\u201d. Amig\u00f3 ha afegit que esta decisi\u00f3 \u201ces pren per a preservar els drets de les treballadores i treballadors, que no s\u00f3n responsables de les coses que hist\u00f2ricament han passat en l&#8217;empresa\u201d.<\/p>\n\n\n\n<p><strong>Debat previ<\/strong><\/p>\n\n\n\n<p>La intervenci\u00f3 del president Gaspar ha estat precedida del debat sol\u00b7licitat pels grups en l&#8217;oposici\u00f3 per a parlar sobre Divalterra i les seues circumst\u00e0ncies, en el qual Ciutadans i el PP han demanat nomenar un nou president del Consell, de perfil t\u00e8cnic, i un nou responsable jur\u00eddic en substituci\u00f3 de Ramiro Rivera i Jos\u00e9 Luis Vera per a \u201cacabar amb la incertesa entre els treballadors i la vergonya en els mitjans\u201d.<\/p>\n\n\n\n<p>El debat l&#8217;ha obert el portaveu de Vox, Joaqu\u00edn Al\u00e9s, un dels 11 diputats de l&#8217;oposici\u00f3 que van sol\u00b7licitar esta junta extraordin\u00e0ria. Al\u00e9s va mostrar la seua preocupaci\u00f3 i \u201cprofunda desconfian\u00e7a\u201d per la situaci\u00f3 de Divalterra i va assegurar estar pendent de l&#8217;informe definitiu de l&#8217;Ag\u00e8ncia Valenciana Antifrau en refer\u00e8ncia al proc\u00e9s de selecci\u00f3 de la cap de Recursos Humans de l&#8217;empresa.<\/p>\n\n\n\n<p>La portaveu de Ciutadans, Roc\u00edo Gil, va lamentar que els treballadors de Divalterra \u201cestiguen sempre en el punt de mira per culpa dels pol\u00edtics que ens governen\u201d, i es va preguntar si \u201cel president del Consell haguera posat tant d&#8217;\u00edmpetu en el proc\u00e9s de selecci\u00f3 de qualsevol altre lloc de treball de l&#8217;empresa\u201d. Per tot aix\u00f2, la responsable de Ciutadans va demanar que deixen d&#8217;haver-hi pol\u00edtics al capdavant del Consell de Divalterra i va proposar a la Junta realitzar un mandat per a destituir el cap dels Serveis Jur\u00eddics, al mateix temps que es posa el cas de la cap de Recursos Humans en mans de la Fiscalia.<\/p>\n\n\n\n<p>En la mateixa l\u00ednia es va expressar el portaveu del PP, Vicente Momp\u00f3, qui va considerar que \u201cno poden seguir en l&#8217;empresa ni el president del Consell d&#8217;Administraci\u00f3 ni qui va redactar l&#8217;informe que parlava de les irregularitats en el proc\u00e9s de selecci\u00f3 del cap de Recursos Humans\u201d. Momp\u00f3 va manifestar que \u201cel soroll causat per la hipoteca reputacional de Divalterra no es pot eliminar amb una ca\u00e7a de bruixes que s&#8217;ha acabat cobrant el cap del gerent\u201d. El portaveu del PP en la Diputaci\u00f3 va acabar tendint la m\u00e0 al president Gaspar per a acordar que Divalterra \u201cestiga administrada pels t\u00e8cnics\u201d.<\/p>\n\n\n\n<p><strong>President del Consell<\/strong><\/p>\n\n\n\n<p>L&#8217;\u00faltim a intervindre ha sigut el president del Consell de Divalterra, Ramiro Rivera, qui despr\u00e9s de repassar l&#8217;activitat i l&#8217;estat actual d&#8217;una empresa \u201csolvent que compta amb la implicaci\u00f3 i la professionalitat dels seus 589 treballadors\u201d, ha donat resposta a les preguntes de l&#8217;oposici\u00f3. \u201cVaig ordenar suspendre de manera cautelar el proc\u00e9s de selecci\u00f3 en Recursos Humans amb la prud\u00e8ncia amb la qual sempre actue, vetlant per evitar irregularitats\u201d.<\/p>\n\n\n\n<p>Rivera va insistir en la transpar\u00e8ncia amb la qual ha actuat, tractant de resoldre un recurs que va arribar al Consell i que, per tant, \u201cera el meu deure resoldre&#8217;l pel b\u00e9 de l&#8217;empresa\u201d. A m\u00e9s, l&#8217;encara president del Consell de Divalterra va reclamar respecte per als treballadors de l&#8217;empresa que complixen amb les seues obligacions, \u201ccas del senyor Vera\u201d; va recordar a l&#8217;oposici\u00f3 que per a anar a la just\u00edcia \u201chauran de veure primer a qui acusen i de qu\u00e8\u201d; i va acabar responent sobre l&#8217;espectacle medi\u00e0tic generat entorn de l&#8217;empresa: \u201cno hauran vist declaracions meues en la premsa, per respecte a les treballadores i treballadors de Divalterra\u201d.<\/p>\n\n\n\n<p>Despr\u00e9s d&#8217;escoltar a totes les parts, Toni Gaspar va acceptar les mans tendides d&#8217;aquells que van mostrar la seua predisposici\u00f3 a treballar pel millor futur possible per a la plantilla de Divalterra i els va instar a aprofitar esta \u201c\u00faltima oportunitat per a ser part de la soluci\u00f3 i no eternitzar el problema\u201d.<\/p>\n\n\n\n<p><\/p>\n","protected":false},"excerpt":{"rendered":"<div class=\"mh-excerpt\">El president de la Diputaci\u00f3 avan\u00e7a que convocar\u00e0 una Junta General en la qual es destituir\u00e0 els membres del consell i es nomenar\u00e0 els liquidadors. El Consorci de Bombers absorbir\u00e0 a les brigades forestals i <a class=\"mh-excerpt-more\" href=\"https:\/\/www.tucomarca.com\/wordpress\/segunda\/ca\/gaspar-anuncia-el-tancament-de-divalterra-i-garantix-el-futur-dels-brigadistes\/\" title=\"Gaspar anuncia el tancament de Divalterra i garantix el futur dels brigadistes\">[+] <\/a><\/div>\n","protected":false},"author":1,"featured_media":129444,"comment_status":"open","ping_status":"open","sticky":false,"template":"","format":"standard","meta":{"footnotes":""},"categories":[10898,10948,10894,10904,10947,10896,10897],"tags":[11246,11096],"class_list":{"0":"post-129446","1":"post","2":"type-post","3":"status-publish","4":"format-standard","5":"has-post-thumbnail","7":"category-ventana-ca","8":"category-infraestructuras-ca","9":"category-la-comarca-ca","10":"category-sin-categorizar-ca","11":"category-politica","12":"category-seccion-ca","13":"category-sucesos-la-comarca-ca","14":"tag-diputacio-de-valencia-ca","15":"tag-divalterra-ca"},"_links":{"self":[{"href":"https:\/\/www.tucomarca.com\/wordpress\/segunda\/ca\/wp-json\/wp\/v2\/posts\/129446","targetHints":{"allow":["GET"]}}],"collection":[{"href":"https:\/\/www.tucomarca.com\/wordpress\/segunda\/ca\/wp-json\/wp\/v2\/posts"}],"about":[{"href":"https:\/\/www.tucomarca.com\/wordpress\/segunda\/ca\/wp-json\/wp\/v2\/types\/post"}],"author":[{"embeddable":true,"href":"https:\/\/www.tucomarca.com\/wordpress\/segunda\/ca\/wp-json\/wp\/v2\/users\/1"}],"replies":[{"embeddable":true,"href":"https:\/\/www.tucomarca.com\/wordpress\/segunda\/ca\/wp-json\/wp\/v2\/comments?post=129446"}],"version-history":[{"count":0,"href":"https:\/\/www.tucomarca.com\/wordpress\/segunda\/ca\/wp-json\/wp\/v2\/posts\/129446\/revisions"}],"wp:featuredmedia":[{"embeddable":true,"href":"https:\/\/www.tucomarca.com\/wordpress\/segunda\/ca\/wp-json\/wp\/v2\/media\/129444"}],"wp:attachment":[{"href":"https:\/\/www.tucomarca.com\/wordpress\/segunda\/ca\/wp-json\/wp\/v2\/media?parent=129446"}],"wp:term":[{"taxonomy":"category","embeddable":true,"href":"https:\/\/www.tucomarca.com\/wordpress\/segunda\/ca\/wp-json\/wp\/v2\/categories?post=129446"},{"taxonomy":"post_tag","embeddable":true,"href":"https:\/\/www.tucomarca.com\/wordpress\/segunda\/ca\/wp-json\/wp\/v2\/tags?post=129446"}],"curies":[{"name":"wp","href":"https:\/\/api.w.org\/{rel}","templated":true}]}}