{"id":129539,"date":"2021-03-25T22:30:00","date_gmt":"2021-03-25T21:30:00","guid":{"rendered":"http:\/\/www.tucomarca.com\/wordpress\/segunda\/?p=129539"},"modified":"2021-03-27T01:39:50","modified_gmt":"2021-03-27T00:39:50","slug":"la-viticultura-ecologica-a-utiel-requena-creix-un-47-en-quatre-anys","status":"publish","type":"post","link":"https:\/\/www.tucomarca.com\/wordpress\/segunda\/ca\/la-viticultura-ecologica-a-utiel-requena-creix-un-47-en-quatre-anys\/","title":{"rendered":"La viticultura ecol\u00f2gica a Utiel-Requena creix un 47% en quatre anys"},"content":{"rendered":"\n<h4 class=\"wp-block-heading\">El 76% de les hect\u00e0rees cultivades en org\u00e0nic de la Comunitat Valenciana i el 8% del total a Espanya se situen en la zona Utiel-Requena<\/h4>\n\n\n\n<p>La DO Utiel-Requena t\u00e9 un ferm comprom\u00eds amb la sostenibilitat mediambiental. Les seues caracter\u00edstiques agroclim\u00e0tiques faciliten un cultiu de la vinya respectu\u00f3s amb l&#8217;entorn. Amb dades recopilades pel Comit\u00e9 d&#8217;Agricultura Ecol\u00f2gica de la Comunitat Valenciana (CAECV) i el Ministeri d&#8217;Agricultura, Pesca i Alimentaci\u00f3, el nombre d&#8217;hect\u00e0rees dedicades a la viticultura ecol\u00f2gica a Utiel-Requena ha crescut un 47% de 2016 (amb 6.899 has) a 2020 (amb 10.183 has), que \u00e9s l&#8217;\u00faltim any amb dades recopilades fins ara.<\/p>\n\n\n\n<p>D&#8217;aquesta manera, les vinyes ecol\u00f2giques dins de la demarcaci\u00f3 geogr\u00e0fica de l&#8217;esmentada denominaci\u00f3 suposen el 76% del total de superf\u00edcie de vinya ecol\u00f2gica de vinificaci\u00f3 que se certifica en tota la Comunitat Valenciana i m\u00e9s del 8% del total en el conjunt d&#8217;Espanya. Pel que fa a la prov\u00edncia de Val\u00e8ncia, Utiel-Requena atresora fins al 90% del total de la vinya ecol\u00f2gica.<\/p>\n\n\n\n<p><strong>40 cellers certificats<\/strong><\/p>\n\n\n\n<p>Respecte a les activitats relacionades amb el sector del vi (elaboraci\u00f3 i envasament), un 60% dels operadors que treballen amb vi ecol\u00f2gic a la Comunitat Valenciana, estan certificats per la DO Utiel-Requena. Un percentatge tamb\u00e9 molt alt que suposa que en l&#8217;actualitat 40 cellers de la mateixa estan certificades pel CAECV per a elaborar i\/o envasar vi ecol\u00f2gic.<\/p>\n\n\n\n<p>La producci\u00f3 ecol\u00f2gica contribueix a la protecci\u00f3 del medi ambient i al desenvolupament rural, les denominacions d&#8217;origen vertebren els seus territoris i fixen poblaci\u00f3. El treball conjunt de la producci\u00f3 ecol\u00f2gica i de la DO Utiel-Requena potencia els valors d&#8217;ambdues.&nbsp;<\/p>\n\n\n\n<p><strong>T\u00e8cniques contra l&#8217;arna del ram<\/strong><\/p>\n\n\n\n<p>Un exemple de m\u00e8tode biot\u00e8cnic ecol\u00f2gic utilitzat en aquesta zona i que ha guanyat rellev\u00e0ncia en els \u00faltims anys \u00e9s el de la confusi\u00f3 sexual per a lluitar contra l&#8217;arna del ram (Lobesia Botrana). Aquesta enginyosa t\u00e8cnica, que no altera l&#8217;equilibri biol\u00f2gic ni suposa riscos per a l&#8217;aplicador, \u00e9s molt espec\u00edfica i c\u00f2moda d&#8217;aplicar. Consisteix a inundar la vinya amb feromones femenines que confonen als mascles de les arnes. Les feromones s\u00f3n emeses mitjan\u00e7ant uns difusors repartits per tot el camp. Aquesta confusi\u00f3 \u00e9s provocada per una desorientaci\u00f3, ja siga per camuflatge o per competici\u00f3. Aix\u00f2 provoca una reducci\u00f3 dels acoblaments i, per tant, una disminuci\u00f3 de les poblacions d&#8217;aquest insecte.<\/p>\n\n\n\n<p>La superf\u00edcie de vinyes beneficiades per aquest tractament ha crescut de manera exponencial, passant de 700 has en 2016 a 7.354 has en 2020*. Aix\u00f2 ha sigut principalment gr\u00e0cies a l&#8217;impuls dels cellers cooperatius adscrits a la DO Utiel-Requena i a l&#8217;esfor\u00e7 dels viticultors, que han aplicat aquesta mesura conjuntament. Mitjan\u00e7ant el consens, han aconseguit un control ecol\u00f2gic, pr\u00e0ctic i molt efectiu d&#8217;aquesta plaga. Aquesta t\u00e8cnica afavoreix un creixement important de les hect\u00e0rees en ecol\u00f2gic any a any.<\/p>\n\n\n\n<p>Les dades al consell regulador dels vins d&#8217;Utiel-Requena han sigut facilitats per la Conselleria d&#8217;Agricultura, Desenvolupament Rural, Emerg\u00e8ncia Clim\u00e0tica i Transici\u00f3 Ecol\u00f2gica. Direcci\u00f3 General d&#8217;Agricultura, Ramaderia i Pesca. Departament Vinya-Sanitat Vegetal. Informa, <strong>Luis Ib\u00e1\u00f1ez.<\/strong><\/p>\n","protected":false},"excerpt":{"rendered":"<div class=\"mh-excerpt\">El 76% de les hect\u00e0rees cultivades en org\u00e0nic de la Comunitat Valenciana i el 8% del total a Espanya se situen en la zona Utiel-Requena La DO Utiel-Requena t\u00e9 un ferm comprom\u00eds amb la sostenibilitat <a class=\"mh-excerpt-more\" href=\"https:\/\/www.tucomarca.com\/wordpress\/segunda\/ca\/la-viticultura-ecologica-a-utiel-requena-creix-un-47-en-quatre-anys\/\" title=\"La viticultura ecol\u00f2gica a Utiel-Requena creix un 47% en quatre anys\">[+] <\/a><\/div>\n","protected":false},"author":12,"featured_media":120482,"comment_status":"open","ping_status":"open","sticky":false,"template":"","format":"standard","meta":{"footnotes":""},"categories":[10905,10894,10908,10909,10896,11059],"tags":[12747,14199],"class_list":{"0":"post-129539","1":"post","2":"type-post","3":"status-publish","4":"format-standard","5":"has-post-thumbnail","7":"category-agricultura-la-comarca-ca","8":"category-la-comarca-ca","9":"category-requena-ca","10":"category-requena-utiel-ca","11":"category-seccion-ca","12":"category-utiel-ca","13":"tag-do-utiel-requena-ca","14":"tag-viticultura-ecologica-ca"},"_links":{"self":[{"href":"https:\/\/www.tucomarca.com\/wordpress\/segunda\/ca\/wp-json\/wp\/v2\/posts\/129539","targetHints":{"allow":["GET"]}}],"collection":[{"href":"https:\/\/www.tucomarca.com\/wordpress\/segunda\/ca\/wp-json\/wp\/v2\/posts"}],"about":[{"href":"https:\/\/www.tucomarca.com\/wordpress\/segunda\/ca\/wp-json\/wp\/v2\/types\/post"}],"author":[{"embeddable":true,"href":"https:\/\/www.tucomarca.com\/wordpress\/segunda\/ca\/wp-json\/wp\/v2\/users\/12"}],"replies":[{"embeddable":true,"href":"https:\/\/www.tucomarca.com\/wordpress\/segunda\/ca\/wp-json\/wp\/v2\/comments?post=129539"}],"version-history":[{"count":0,"href":"https:\/\/www.tucomarca.com\/wordpress\/segunda\/ca\/wp-json\/wp\/v2\/posts\/129539\/revisions"}],"wp:featuredmedia":[{"embeddable":true,"href":"https:\/\/www.tucomarca.com\/wordpress\/segunda\/ca\/wp-json\/wp\/v2\/media\/120482"}],"wp:attachment":[{"href":"https:\/\/www.tucomarca.com\/wordpress\/segunda\/ca\/wp-json\/wp\/v2\/media?parent=129539"}],"wp:term":[{"taxonomy":"category","embeddable":true,"href":"https:\/\/www.tucomarca.com\/wordpress\/segunda\/ca\/wp-json\/wp\/v2\/categories?post=129539"},{"taxonomy":"post_tag","embeddable":true,"href":"https:\/\/www.tucomarca.com\/wordpress\/segunda\/ca\/wp-json\/wp\/v2\/tags?post=129539"}],"curies":[{"name":"wp","href":"https:\/\/api.w.org\/{rel}","templated":true}]}}