{"id":129774,"date":"2021-03-29T10:05:00","date_gmt":"2021-03-29T09:05:00","guid":{"rendered":"http:\/\/www.tucomarca.com\/wordpress\/segunda\/?p=129774"},"modified":"2021-03-29T17:37:12","modified_gmt":"2021-03-29T16:37:12","slug":"xest-celebra-el-dia-mundial-del-teatre-amb-lespectacle-samarkanda-la-ruta-de-la-seda","status":"publish","type":"post","link":"https:\/\/www.tucomarca.com\/wordpress\/segunda\/ca\/xest-celebra-el-dia-mundial-del-teatre-amb-lespectacle-samarkanda-la-ruta-de-la-seda\/","title":{"rendered":"Xest celebra el Dia Mundial del Teatre amb l&#8217;espectacle \u201cSamarkanda, La Ruta de la Seda\u201d"},"content":{"rendered":"\n<p>La programaci\u00f3 cultural va continuar el passat cap de setmana en el teatre Liceu amb l&#8217;espectacle Samarkanda, La Ruta de la Seda, a c\u00e0rrec de l&#8217;Associaci\u00f3 Peus Nus, i amb la projecci\u00f3 de la pel\u00b7l\u00edcula Marie Curie.<\/p>\n\n\n\n<p>\u201cHui se celebra el dia mundial del teatre i des de la regidoria de Cultura vull felicitar a totes les persones que creguen la m\u00e0gia del teatre: actors i actrius, tramoistes, t\u00e8cnics, responsables de vestuari i core\u00f2grafs. Espere que prompte puguen tornar al seu treball i a veure de nou plens els teatres\u201d, apuntava la regidora de Cultura, M\u00aa \u00c1ngeles Llorente.<\/p>\n\n\n\n<p>Samarkanda, La Ruta de la Seda \u00e9s un espectacle guionizado per l&#8217;escriptora valenciana Eli Llorens i dirigit per la core\u00f2grafa Anna Mira, fundadora de Peus Nus, una entitat que pot\u00e8ncia i difon les danses del m\u00f3n i que ha impulsat propostes culturals i socials que han rebut gran acolliment entre el p\u00fablic.<\/p>\n\n\n\n<p>El descobriment d&#8217;una maleta oblidada en la golfa d&#8217;una casa vella d\u00f3na peu a reviure el viatge a Samarkanda a trav\u00e9s de les danses pr\u00f2pies dels pa\u00efsos pels quals passa l&#8217;antiga Ruta de la Seda: danses orientals, \u00edndies, tribals acompanyades de m\u00fasiques i textos que van convidar al p\u00fablic a imaginar-se en paisatges de llegenda.<\/p>\n","protected":false},"excerpt":{"rendered":"<div class=\"mh-excerpt\">La programaci\u00f3 cultural va continuar el passat cap de setmana en el teatre Liceu amb l&#8217;espectacle Samarkanda, La Ruta de la Seda, a c\u00e0rrec de l&#8217;Associaci\u00f3 Peus Nus, i amb la projecci\u00f3 de la pel\u00b7l\u00edcula <a class=\"mh-excerpt-more\" href=\"https:\/\/www.tucomarca.com\/wordpress\/segunda\/ca\/xest-celebra-el-dia-mundial-del-teatre-amb-lespectacle-samarkanda-la-ruta-de-la-seda\/\" title=\"Xest celebra el Dia Mundial del Teatre amb l&#8217;espectacle \u201cSamarkanda, La Ruta de la Seda\u201d\">[+] <\/a><\/div>\n","protected":false},"author":12,"featured_media":129773,"comment_status":"open","ping_status":"open","sticky":false,"template":"","format":"standard","meta":{"footnotes":""},"categories":[11005,10894,10912,11007,10896,10974],"tags":[11071,14232,10914],"class_list":{"0":"post-129774","1":"post","2":"type-post","3":"status-publish","4":"format-standard","5":"has-post-thumbnail","7":"category-canal-musica","8":"category-la-comarca-ca","9":"category-la-hoya-ca","10":"category-ocio-y-cultura-ca","11":"category-seccion-ca","12":"category-cheste-ca","13":"tag-cheste","14":"tag-dia-mundial-del-teatro-ca","15":"tag-la-hoya-de-bunol-chiva-ca"},"_links":{"self":[{"href":"https:\/\/www.tucomarca.com\/wordpress\/segunda\/ca\/wp-json\/wp\/v2\/posts\/129774","targetHints":{"allow":["GET"]}}],"collection":[{"href":"https:\/\/www.tucomarca.com\/wordpress\/segunda\/ca\/wp-json\/wp\/v2\/posts"}],"about":[{"href":"https:\/\/www.tucomarca.com\/wordpress\/segunda\/ca\/wp-json\/wp\/v2\/types\/post"}],"author":[{"embeddable":true,"href":"https:\/\/www.tucomarca.com\/wordpress\/segunda\/ca\/wp-json\/wp\/v2\/users\/12"}],"replies":[{"embeddable":true,"href":"https:\/\/www.tucomarca.com\/wordpress\/segunda\/ca\/wp-json\/wp\/v2\/comments?post=129774"}],"version-history":[{"count":0,"href":"https:\/\/www.tucomarca.com\/wordpress\/segunda\/ca\/wp-json\/wp\/v2\/posts\/129774\/revisions"}],"wp:featuredmedia":[{"embeddable":true,"href":"https:\/\/www.tucomarca.com\/wordpress\/segunda\/ca\/wp-json\/wp\/v2\/media\/129773"}],"wp:attachment":[{"href":"https:\/\/www.tucomarca.com\/wordpress\/segunda\/ca\/wp-json\/wp\/v2\/media?parent=129774"}],"wp:term":[{"taxonomy":"category","embeddable":true,"href":"https:\/\/www.tucomarca.com\/wordpress\/segunda\/ca\/wp-json\/wp\/v2\/categories?post=129774"},{"taxonomy":"post_tag","embeddable":true,"href":"https:\/\/www.tucomarca.com\/wordpress\/segunda\/ca\/wp-json\/wp\/v2\/tags?post=129774"}],"curies":[{"name":"wp","href":"https:\/\/api.w.org\/{rel}","templated":true}]}}