{"id":130235,"date":"2021-04-05T12:01:00","date_gmt":"2021-04-05T11:01:00","guid":{"rendered":"http:\/\/www.tucomarca.com\/wordpress\/segunda\/?p=130235"},"modified":"2021-04-05T19:44:53","modified_gmt":"2021-04-05T18:44:53","slug":"la-sm-la-artistica-de-bunyol-celebra-el-lxviii-aniversari-del-teatre-montecarlo","status":"publish","type":"post","link":"https:\/\/www.tucomarca.com\/wordpress\/segunda\/ca\/la-sm-la-artistica-de-bunyol-celebra-el-lxviii-aniversari-del-teatre-montecarlo\/","title":{"rendered":"La SM \u00abLa Art\u00edstica\u00bb de Bunyol celebra el LXVIII aniversari del Teatre Montecarlo"},"content":{"rendered":"\n<p>Dissabte que ve 10 d&#8217;abril, el Teatre Montecarlo complir\u00e0 68 anys de vida. A causa de la situaci\u00f3 d&#8217;emerg\u00e8ncia sanit\u00e0ria, l&#8217;any passat la Societat Musical L&#8217;Art\u00edstica no va poder celebrar aquest aniversari com es mereix, per\u00f2 en aquest 2021 celebra un xicotet concert amb aforament limitat i les mesures que exigeix la situaci\u00f3 en la qual encara estem immersos. D&#8217;aquesta manera, l&#8217;escenari de Montecarlo tornar\u00e0 a omplir-se de m\u00fasica despr\u00e9s de mesos de silenci, gr\u00e0cies al Ensemble de Metalls de la Banda Simf\u00f2nica, que preparen un concert extraordinari sota la batuta del seu director Mario Ortu\u00f1o Gelardo. Amb el t\u00edtol \u201cMontecarlo\u2019s brass\u201d, el concert tindr\u00e0 lloc a les 19 hores amb entrada gratu\u00efta, servint de xicotet homenatge als socis que han continuat fent costat a la Societat en aquesta \u00e8poca tan complicada. Les entrades estan disponibles de manera anticipada des de dijous passat 1 d&#8217;abril en el Bar Rosales, i podran recollir-se tamb\u00e9 en les taquilles del Teatre, que estaran obertes una hora abans del concert.<\/p>\n\n\n\n<p>Com a protocol anti-covid, l&#8217;aforament d&#8217;aquest acte estar\u00e0 limitat a 300 assistents, l&#8217;\u00fas de m\u00e0scara ser\u00e0 obligatori durant tot l&#8217;acte, s&#8217;organitzar\u00e0 als espectadors guardant la dist\u00e0ncia interpersonal, i es realitzar\u00e0 una presa de temperatura i dades abans de l&#8217;acc\u00e9s al recinte.<\/p>\n\n\n\n<p>Per part seua, la Comissi\u00f3 de la Festa del Mant\u00f3 ha cancel\u00b7lat els tradicionals actes que es realitzen amb motiu de l&#8217;Aniversari del Teatre Montecarlo per\u00f2 convida als socis i simpatitzants a engalanar els seus balcons i finestres amb mantons, banderes i pendons dels &#8220;Feos&#8221; per a compartir junts encara que separats, aquest dia tan especial per als &#8220;Feos&#8221;.<\/p>\n","protected":false},"excerpt":{"rendered":"<div class=\"mh-excerpt\">Dissabte que ve 10 d&#8217;abril, el Teatre Montecarlo complir\u00e0 68 anys de vida. A causa de la situaci\u00f3 d&#8217;emerg\u00e8ncia sanit\u00e0ria, l&#8217;any passat la Societat Musical L&#8217;Art\u00edstica no va poder celebrar aquest aniversari com es mereix, <a class=\"mh-excerpt-more\" href=\"https:\/\/www.tucomarca.com\/wordpress\/segunda\/ca\/la-sm-la-artistica-de-bunyol-celebra-el-lxviii-aniversari-del-teatre-montecarlo\/\" title=\"La SM \u00abLa Art\u00edstica\u00bb de Bunyol celebra el LXVIII aniversari del Teatre Montecarlo\">[+] <\/a><\/div>\n","protected":false},"author":12,"featured_media":130234,"comment_status":"open","ping_status":"open","sticky":false,"template":"","format":"standard","meta":{"footnotes":""},"categories":[11019,10911,11005,10894,10912,11007,10896],"tags":[10913,10914,11154,12858],"class_list":{"0":"post-130235","1":"post","2":"type-post","3":"status-publish","4":"format-standard","5":"has-post-thumbnail","7":"category-agenda-ca","8":"category-bunol-ca","9":"category-canal-musica","10":"category-la-comarca-ca","11":"category-la-hoya-ca","12":"category-ocio-y-cultura-ca","13":"category-seccion-ca","14":"tag-bunol-ca","15":"tag-la-hoya-de-bunol-chiva-ca","16":"tag-sm-la-artistica-de-bunol-ca","17":"tag-teatro-montecarlo-ca"},"_links":{"self":[{"href":"https:\/\/www.tucomarca.com\/wordpress\/segunda\/ca\/wp-json\/wp\/v2\/posts\/130235","targetHints":{"allow":["GET"]}}],"collection":[{"href":"https:\/\/www.tucomarca.com\/wordpress\/segunda\/ca\/wp-json\/wp\/v2\/posts"}],"about":[{"href":"https:\/\/www.tucomarca.com\/wordpress\/segunda\/ca\/wp-json\/wp\/v2\/types\/post"}],"author":[{"embeddable":true,"href":"https:\/\/www.tucomarca.com\/wordpress\/segunda\/ca\/wp-json\/wp\/v2\/users\/12"}],"replies":[{"embeddable":true,"href":"https:\/\/www.tucomarca.com\/wordpress\/segunda\/ca\/wp-json\/wp\/v2\/comments?post=130235"}],"version-history":[{"count":0,"href":"https:\/\/www.tucomarca.com\/wordpress\/segunda\/ca\/wp-json\/wp\/v2\/posts\/130235\/revisions"}],"wp:featuredmedia":[{"embeddable":true,"href":"https:\/\/www.tucomarca.com\/wordpress\/segunda\/ca\/wp-json\/wp\/v2\/media\/130234"}],"wp:attachment":[{"href":"https:\/\/www.tucomarca.com\/wordpress\/segunda\/ca\/wp-json\/wp\/v2\/media?parent=130235"}],"wp:term":[{"taxonomy":"category","embeddable":true,"href":"https:\/\/www.tucomarca.com\/wordpress\/segunda\/ca\/wp-json\/wp\/v2\/categories?post=130235"},{"taxonomy":"post_tag","embeddable":true,"href":"https:\/\/www.tucomarca.com\/wordpress\/segunda\/ca\/wp-json\/wp\/v2\/tags?post=130235"}],"curies":[{"name":"wp","href":"https:\/\/api.w.org\/{rel}","templated":true}]}}