{"id":130391,"date":"2021-04-07T10:30:00","date_gmt":"2021-04-07T09:30:00","guid":{"rendered":"http:\/\/www.tucomarca.com\/wordpress\/segunda\/?p=130391"},"modified":"2021-04-07T19:31:21","modified_gmt":"2021-04-07T18:31:21","slug":"el-termini-anual-per-a-la-neteja-de-parcelles-i-solars-a-leliana-expirara-el-proper-mes-de-maig","status":"publish","type":"post","link":"https:\/\/www.tucomarca.com\/wordpress\/segunda\/ca\/el-termini-anual-per-a-la-neteja-de-parcelles-i-solars-a-leliana-expirara-el-proper-mes-de-maig\/","title":{"rendered":"El termini anual per a la neteja de parcel\u2022les i solars a L&#8217;Eliana expirar\u00e0 el proper mes de maig"},"content":{"rendered":"\n<p>La Regidoria d&#8217;Urbanisme ha comen\u00e7at a repartir entre les llars elianeres un total de 5.000 fullets informatius amb els detalls de la nova Ordenan\u00e7a Municipal Reguladora de les normes b\u00e0siques de neteja i tancament de parcel\u2022les i solars de l&#8217;Ajuntament. En ells, es recorda als propietaris l&#8217;obligaci\u00f3 de mantindre&#8217;ls en condicions de seguretat, ornament i nets d&#8217;enderrocs, residus de tota mena i vegetaci\u00f3 espont\u00e0nia amb altura superior a 40 cent\u00edmetres. En tot cas la neteja haur\u00e0 d&#8217;efectuar-se obligat\u00f2riament una vegada a l&#8217;any, entre els mesos de mar\u00e7 a maig.<\/p>\n\n\n\n<p>Una vegada transcorregut aquest per\u00edode i si el solar o la parcel\u2022la incompleix les condicions fixades, el Consistori iniciar\u00e0 un procediment sancionador, podent-se considerar l&#8217;incompliment d&#8217;aquesta obligaci\u00f3 com a infracci\u00f3 lleu, sancionada amb una multa de fins a 1.500 euros. Encara que s&#8217;haguera realitzat l&#8217;actuaci\u00f3 anual, si la parcel\u2022la o solar contrav\u00e9 en qualsevol moment les condicions indicades, es podr\u00e0 igualment requerir a la persona propiet\u00e0ria perqu\u00e8 procedisca a la seua neteja.<\/p>\n\n\n\n<p>Finalment, segons les normes que regulen el nou text, hauran de mantindre&#8217;s tots els elements vegetals degudament retallats, sense envair la via p\u00fablica. L&#8217;incompliment d&#8217;aquesta obligaci\u00f3 pot ser considerada infracci\u00f3 lleu, sancionada amb una multa de fins a 750 euros.<\/p>\n\n\n\n<p>L&#8217;edil d&#8217;Urbanisme, Vicente Zamora, ha recordat que l&#8217;Ordenan\u00e7a busca acabar amb les males herbes, insectes o enderrocs que es generen en aquests espais i que, en molts casos, suposen un problema de salubritat i conviv\u00e8ncia en el municipi.<\/p>\n\n\n\n<p><\/p>\n\n\n\n<figure class=\"wp-block-image size-large\"><img loading=\"lazy\" decoding=\"async\" width=\"721\" height=\"1024\" src=\"http:\/\/www.tucomarca.com\/wordpress\/segunda\/wp-content\/uploads\/2021\/04\/ElianaLimpiezaSolaresval-721x1024.jpg\" alt=\"\" class=\"wp-image-130389\" srcset=\"https:\/\/www.tucomarca.com\/wordpress\/segunda\/wp-content\/uploads\/2021\/04\/ElianaLimpiezaSolaresval-721x1024.jpg 721w, https:\/\/www.tucomarca.com\/wordpress\/segunda\/wp-content\/uploads\/2021\/04\/ElianaLimpiezaSolaresval-211x300.jpg 211w, https:\/\/www.tucomarca.com\/wordpress\/segunda\/wp-content\/uploads\/2021\/04\/ElianaLimpiezaSolaresval-768x1090.jpg 768w, https:\/\/www.tucomarca.com\/wordpress\/segunda\/wp-content\/uploads\/2021\/04\/ElianaLimpiezaSolaresval.jpg 787w\" sizes=\"auto, (max-width: 721px) 100vw, 721px\" \/><\/figure>\n","protected":false},"excerpt":{"rendered":"<div class=\"mh-excerpt\">La Regidoria d&#8217;Urbanisme ha comen\u00e7at a repartir entre les llars elianeres un total de 5.000 fullets informatius amb els detalls de la nova Ordenan\u00e7a Municipal Reguladora de les normes b\u00e0siques de neteja i tancament de <a class=\"mh-excerpt-more\" href=\"https:\/\/www.tucomarca.com\/wordpress\/segunda\/ca\/el-termini-anual-per-a-la-neteja-de-parcelles-i-solars-a-leliana-expirara-el-proper-mes-de-maig\/\" title=\"El termini anual per a la neteja de parcel\u2022les i solars a L&#8217;Eliana expirar\u00e0 el proper mes de maig\">[+] <\/a><\/div>\n","protected":false},"author":12,"featured_media":130387,"comment_status":"open","ping_status":"open","sticky":false,"template":"","format":"standard","meta":{"footnotes":""},"categories":[10892,10948,10894,10893,10903,10947,10896],"tags":[11145,10899],"class_list":{"0":"post-130391","1":"post","2":"type-post","3":"status-publish","4":"format-standard","5":"has-post-thumbnail","7":"category-camp-de-turia-ca","8":"category-infraestructuras-ca","9":"category-la-comarca-ca","10":"category-leliana-ca","11":"category-medio-ambiente-la-comarca-ca","12":"category-politica","13":"category-seccion-ca","14":"tag-ajuntament-de-leliana-ca","15":"tag-camp-de-turia-ca"},"_links":{"self":[{"href":"https:\/\/www.tucomarca.com\/wordpress\/segunda\/ca\/wp-json\/wp\/v2\/posts\/130391","targetHints":{"allow":["GET"]}}],"collection":[{"href":"https:\/\/www.tucomarca.com\/wordpress\/segunda\/ca\/wp-json\/wp\/v2\/posts"}],"about":[{"href":"https:\/\/www.tucomarca.com\/wordpress\/segunda\/ca\/wp-json\/wp\/v2\/types\/post"}],"author":[{"embeddable":true,"href":"https:\/\/www.tucomarca.com\/wordpress\/segunda\/ca\/wp-json\/wp\/v2\/users\/12"}],"replies":[{"embeddable":true,"href":"https:\/\/www.tucomarca.com\/wordpress\/segunda\/ca\/wp-json\/wp\/v2\/comments?post=130391"}],"version-history":[{"count":0,"href":"https:\/\/www.tucomarca.com\/wordpress\/segunda\/ca\/wp-json\/wp\/v2\/posts\/130391\/revisions"}],"wp:featuredmedia":[{"embeddable":true,"href":"https:\/\/www.tucomarca.com\/wordpress\/segunda\/ca\/wp-json\/wp\/v2\/media\/130387"}],"wp:attachment":[{"href":"https:\/\/www.tucomarca.com\/wordpress\/segunda\/ca\/wp-json\/wp\/v2\/media?parent=130391"}],"wp:term":[{"taxonomy":"category","embeddable":true,"href":"https:\/\/www.tucomarca.com\/wordpress\/segunda\/ca\/wp-json\/wp\/v2\/categories?post=130391"},{"taxonomy":"post_tag","embeddable":true,"href":"https:\/\/www.tucomarca.com\/wordpress\/segunda\/ca\/wp-json\/wp\/v2\/tags?post=130391"}],"curies":[{"name":"wp","href":"https:\/\/api.w.org\/{rel}","templated":true}]}}