{"id":130510,"date":"2021-04-08T23:30:00","date_gmt":"2021-04-08T22:30:00","guid":{"rendered":"http:\/\/www.tucomarca.com\/wordpress\/segunda\/?p=130510"},"modified":"2021-04-09T12:50:33","modified_gmt":"2021-04-09T11:50:33","slug":"sant-antoni-de-benaixeve-celebra-el-8-de-abril-de-manera-simbolica","status":"publish","type":"post","link":"https:\/\/www.tucomarca.com\/wordpress\/segunda\/ca\/sant-antoni-de-benaixeve-celebra-el-8-de-abril-de-manera-simbolica\/","title":{"rendered":"Sant Antoni de Benaixeve celebra el 8 de abril de manera simb\u00f2lica"},"content":{"rendered":"\n<h4 class=\"wp-block-heading\">La festivitat commemora el Dia de la Segregaci\u00f3 del municipi respecte de Paterna el 1997<\/h4>\n\n\n\n<p>Amb motiu de la pand\u00e8mia del Covid-19, enguany Sant Antoni de Benaixeve tampoc podr\u00e0 celebrar la festivitat del 8 d&#8217;abril, dia en qu\u00e8 es commemora la segregaci\u00f3 del municipi respecte de Paterna. \u00c9s per aix\u00f2 que des de la regidoria de Festes s&#8217;ha apostat per celebrar aquesta festa de manera simb\u00f2lica, a trav\u00e9s d&#8217;una xicoteta exposici\u00f3 d&#8217;imatges que es troba en els expositors de vidre de la Pla\u00e7a de l&#8217;Ajuntament.<\/p>\n\n\n\n<figure class=\"wp-block-gallery columns-2 is-cropped wp-block-gallery-1 is-layout-flex wp-block-gallery-is-layout-flex\"><ul class=\"blocks-gallery-grid\"><li class=\"blocks-gallery-item\"><figure><img loading=\"lazy\" decoding=\"async\" width=\"787\" height=\"443\" src=\"http:\/\/www.tucomarca.com\/wordpress\/segunda\/wp-content\/uploads\/2021\/04\/SanAntonioBenageberExpo2.jpg\" alt=\"\" data-id=\"130506\" data-full-url=\"http:\/\/www.tucomarca.com\/wordpress\/segunda\/wp-content\/uploads\/2021\/04\/SanAntonioBenageberExpo2.jpg\" data-link=\"http:\/\/www.tucomarca.com\/wordpress\/segunda\/?attachment_id=130506\" class=\"wp-image-130506\" srcset=\"https:\/\/www.tucomarca.com\/wordpress\/segunda\/wp-content\/uploads\/2021\/04\/SanAntonioBenageberExpo2.jpg 787w, https:\/\/www.tucomarca.com\/wordpress\/segunda\/wp-content\/uploads\/2021\/04\/SanAntonioBenageberExpo2-300x169.jpg 300w, https:\/\/www.tucomarca.com\/wordpress\/segunda\/wp-content\/uploads\/2021\/04\/SanAntonioBenageberExpo2-768x432.jpg 768w, https:\/\/www.tucomarca.com\/wordpress\/segunda\/wp-content\/uploads\/2021\/04\/SanAntonioBenageberExpo2-678x381.jpg 678w\" sizes=\"auto, (max-width: 787px) 100vw, 787px\" \/><\/figure><\/li><li class=\"blocks-gallery-item\"><figure><img loading=\"lazy\" decoding=\"async\" width=\"787\" height=\"443\" src=\"http:\/\/www.tucomarca.com\/wordpress\/segunda\/wp-content\/uploads\/2021\/04\/SanAntonioBenageberExpo1.jpg\" alt=\"\" data-id=\"130504\" data-full-url=\"http:\/\/www.tucomarca.com\/wordpress\/segunda\/wp-content\/uploads\/2021\/04\/SanAntonioBenageberExpo1.jpg\" data-link=\"http:\/\/www.tucomarca.com\/wordpress\/segunda\/?attachment_id=130504\" class=\"wp-image-130504\" srcset=\"https:\/\/www.tucomarca.com\/wordpress\/segunda\/wp-content\/uploads\/2021\/04\/SanAntonioBenageberExpo1.jpg 787w, https:\/\/www.tucomarca.com\/wordpress\/segunda\/wp-content\/uploads\/2021\/04\/SanAntonioBenageberExpo1-300x169.jpg 300w, https:\/\/www.tucomarca.com\/wordpress\/segunda\/wp-content\/uploads\/2021\/04\/SanAntonioBenageberExpo1-768x432.jpg 768w, https:\/\/www.tucomarca.com\/wordpress\/segunda\/wp-content\/uploads\/2021\/04\/SanAntonioBenageberExpo1-678x381.jpg 678w\" sizes=\"auto, (max-width: 787px) 100vw, 787px\" \/><\/figure><\/li><\/ul><\/figure>\n\n\n\n<p>Aix\u00ed, les imatges exposades ens remeten a la hist\u00f2ria de la localitat a trav\u00e9s de diversos fils conductors: el moment de la seua fundaci\u00f3, als anys 50, amb l&#8217;\u00e8xode de poblaci\u00f3 procedent de Benaixeve per la construcci\u00f3 del pant\u00e0; el proc\u00e9s de segregaci\u00f3 de Paterna, que va tindre el seu inici l&#8217;any 1988 i que va culminar amb la seua aprovaci\u00f3 el 8 d&#8217;abril de 1997, aix\u00ed com l&#8217;agermanament amb la localitat de Sant Isidre de Benaixeve, on tamb\u00e9 va migrar bona part de la poblaci\u00f3 de Benaixeve.<\/p>\n\n\n\n<p>Amb aquest recorregut hist\u00f2ric a trav\u00e9s de les imatges, el Consistori ha volgut constatar l&#8217;evoluci\u00f3 del municipi i l&#8217;empremta que han anat deixant les seues gents, des dels primers pobladors fins als vora 10.000 habitants que resideixen hui al municipi. Una mostra amb la qual la poblaci\u00f3 pot con\u00e9ixer els or\u00edgens de Sant Antoni i recordar als seus avantpassats.<\/p>\n\n\n\n<p>Malgrat que en 2021 tampoc puguen celebrar-se els festejos com sempre s&#8217;ha fet, amb la tradicional paella gegant a la Pla\u00e7a de l&#8217;Ajuntament, l&#8217;Alcalde de Sant Antoni de Benaixeve, Quique Santafosta, convida a la ciutadania a \u201cgaudir de la mostra fotogr\u00e0fica respectant totes les mesures de seguretat\u201d i manifesta que, \u201cl&#8217;any vinent, amb motiu del 25 aniversari del Dia de la Segregaci\u00f3, esperem poder celebrar-lo junts i en gran\u201d.<\/p>\n","protected":false},"excerpt":{"rendered":"<div class=\"mh-excerpt\">La festivitat commemora el Dia de la Segregaci\u00f3 del municipi respecte de Paterna el 1997 Amb motiu de la pand\u00e8mia del Covid-19, enguany Sant Antoni de Benaixeve tampoc podr\u00e0 celebrar la festivitat del 8 d&#8217;abril, <a class=\"mh-excerpt-more\" href=\"https:\/\/www.tucomarca.com\/wordpress\/segunda\/ca\/sant-antoni-de-benaixeve-celebra-el-8-de-abril-de-manera-simbolica\/\" title=\"Sant Antoni de Benaixeve celebra el 8 de abril de manera simb\u00f2lica\">[+] <\/a><\/div>\n","protected":false},"author":12,"featured_media":130503,"comment_status":"open","ping_status":"open","sticky":false,"template":"","format":"standard","meta":{"footnotes":""},"categories":[10892,10948,10894,11007,11008,10947,10934,10896],"tags":[14341,10899,11147],"class_list":{"0":"post-130510","1":"post","2":"type-post","3":"status-publish","4":"format-standard","5":"has-post-thumbnail","7":"category-camp-de-turia-ca","8":"category-infraestructuras-ca","9":"category-la-comarca-ca","10":"category-ocio-y-cultura-ca","11":"category-pueblos-en-fiestas-ca","12":"category-politica","13":"category-san-antonio-de-benageber-ca","14":"category-seccion-ca","15":"tag-8-de-abril-ca","16":"tag-camp-de-turia-ca","17":"tag-san-antoni-de-benageber"},"_links":{"self":[{"href":"https:\/\/www.tucomarca.com\/wordpress\/segunda\/ca\/wp-json\/wp\/v2\/posts\/130510","targetHints":{"allow":["GET"]}}],"collection":[{"href":"https:\/\/www.tucomarca.com\/wordpress\/segunda\/ca\/wp-json\/wp\/v2\/posts"}],"about":[{"href":"https:\/\/www.tucomarca.com\/wordpress\/segunda\/ca\/wp-json\/wp\/v2\/types\/post"}],"author":[{"embeddable":true,"href":"https:\/\/www.tucomarca.com\/wordpress\/segunda\/ca\/wp-json\/wp\/v2\/users\/12"}],"replies":[{"embeddable":true,"href":"https:\/\/www.tucomarca.com\/wordpress\/segunda\/ca\/wp-json\/wp\/v2\/comments?post=130510"}],"version-history":[{"count":0,"href":"https:\/\/www.tucomarca.com\/wordpress\/segunda\/ca\/wp-json\/wp\/v2\/posts\/130510\/revisions"}],"wp:featuredmedia":[{"embeddable":true,"href":"https:\/\/www.tucomarca.com\/wordpress\/segunda\/ca\/wp-json\/wp\/v2\/media\/130503"}],"wp:attachment":[{"href":"https:\/\/www.tucomarca.com\/wordpress\/segunda\/ca\/wp-json\/wp\/v2\/media?parent=130510"}],"wp:term":[{"taxonomy":"category","embeddable":true,"href":"https:\/\/www.tucomarca.com\/wordpress\/segunda\/ca\/wp-json\/wp\/v2\/categories?post=130510"},{"taxonomy":"post_tag","embeddable":true,"href":"https:\/\/www.tucomarca.com\/wordpress\/segunda\/ca\/wp-json\/wp\/v2\/tags?post=130510"}],"curies":[{"name":"wp","href":"https:\/\/api.w.org\/{rel}","templated":true}]}}