{"id":130535,"date":"2021-04-09T13:45:00","date_gmt":"2021-04-09T12:45:00","guid":{"rendered":"http:\/\/www.tucomarca.com\/wordpress\/segunda\/?p=130535"},"modified":"2021-04-09T23:01:32","modified_gmt":"2021-04-09T22:01:32","slug":"leliana-dissenya-el-seu-primer-pla-municipal-dinclusio-i-cohesio-social","status":"publish","type":"post","link":"https:\/\/www.tucomarca.com\/wordpress\/segunda\/ca\/leliana-dissenya-el-seu-primer-pla-municipal-dinclusio-i-cohesio-social\/","title":{"rendered":"L&#8217;Eliana dissenya el seu primer Pla Municipal d&#8217;inclusi\u00f3 i cohesi\u00f3 social"},"content":{"rendered":"\n<h4 class=\"wp-block-heading\">L&#8217;Ajuntament crear\u00e0 posteriorment un Consell local amb l&#8217;objectiu d&#8217;erradicar les desigualtats en el municipi.&nbsp;<\/h4>\n\n\n\n<p>La Regidoria de Pol\u00edtiques Socials ha iniciat un nou projecte d&#8217;innovaci\u00f3 amb l&#8217;objectiu d&#8217;impulsar pol\u00edtiques de proximitat que donen resposta a les necessitats i interessos reals de la ciutadania de l&#8217;Eliana, a trav\u00e9s del disseny i redacci\u00f3 del seu I Pla Municipal d&#8217;Inclusi\u00f3 i Cohesi\u00f3 Social i la posterior creaci\u00f3 d&#8217;un Consell local participatiu.<\/p>\n\n\n\n<p>El propi Pla s&#8217;impulsar\u00e0, aix\u00ed mateix, a trav\u00e9s d&#8217;un proc\u00e9s de participaci\u00f3 i suposar\u00e0 una eina de planificaci\u00f3 i gesti\u00f3 amb la finalitat de reduir els factors de desigualtat social, promoure l&#8217;autonomia de les persones i col\u00b7lectius vulnerables i fomentar la cohesi\u00f3 social a partir de l&#8217;enfortiment dels lla\u00e7os familiars i comunitaris, el sentiment de pertinen\u00e7a a la col\u00b7lectivitat i el territori.&nbsp;<\/p>\n\n\n\n<p>Per a aconseguir tots aquests objectius, l&#8217;estudi incorporar\u00e0 indicadors d&#8217;avaluaci\u00f3 i realitzar\u00e0 un seguiment de la seua execuci\u00f3 i aplicaci\u00f3 el propi Consell Municipal, que estar\u00e0 compost per representants locals i de la societat civil, aix\u00ed com persones expertes.<\/p>\n\n\n\n<p>Tal com ha explicat l&#8217;edil de Pol\u00edtiques Socials, M\u00aa Jos\u00e9 Valenzuela, aquesta iniciativa generar\u00e0 un nou marc de refer\u00e8ncia en el municipi, on el benestar dels elianers i les elianeres ser\u00e0 l&#8217;objectiu principal. \u201c<em>Amb ell buscarem conscienciar sobre la situaci\u00f3 de desigualtat i risc d&#8217;exclusi\u00f3 d&#8217;una part important de la nostra societat i de la necessitat d&#8217;implementar pol\u00edtiques p\u00fabliques inclusives orientades a la seua erradicaci\u00f3<\/em>\u201d, ha afegit.<\/p>\n\n\n\n<p><\/p>\n","protected":false},"excerpt":{"rendered":"<div class=\"mh-excerpt\">L&#8217;Ajuntament crear\u00e0 posteriorment un Consell local amb l&#8217;objectiu d&#8217;erradicar les desigualtats en el municipi.&nbsp; La Regidoria de Pol\u00edtiques Socials ha iniciat un nou projecte d&#8217;innovaci\u00f3 amb l&#8217;objectiu d&#8217;impulsar pol\u00edtiques de proximitat que donen resposta a <a class=\"mh-excerpt-more\" href=\"https:\/\/www.tucomarca.com\/wordpress\/segunda\/ca\/leliana-dissenya-el-seu-primer-pla-municipal-dinclusio-i-cohesio-social\/\" title=\"L&#8217;Eliana dissenya el seu primer Pla Municipal d&#8217;inclusi\u00f3 i cohesi\u00f3 social\">[+] <\/a><\/div>\n","protected":false},"author":12,"featured_media":123068,"comment_status":"open","ping_status":"open","sticky":false,"template":"","format":"standard","meta":{"footnotes":""},"categories":[10892,10948,10894,10893,10947,10896],"tags":[10395,10433,14342],"class_list":{"0":"post-130535","1":"post","2":"type-post","3":"status-publish","4":"format-standard","5":"has-post-thumbnail","7":"category-camp-de-turia-ca","8":"category-infraestructuras-ca","9":"category-la-comarca-ca","10":"category-leliana-ca","11":"category-politica","12":"category-seccion-ca","13":"tag-camp-de-turia","14":"tag-leliana","15":"tag-plan-municipal-de-inclusion"},"_links":{"self":[{"href":"https:\/\/www.tucomarca.com\/wordpress\/segunda\/ca\/wp-json\/wp\/v2\/posts\/130535","targetHints":{"allow":["GET"]}}],"collection":[{"href":"https:\/\/www.tucomarca.com\/wordpress\/segunda\/ca\/wp-json\/wp\/v2\/posts"}],"about":[{"href":"https:\/\/www.tucomarca.com\/wordpress\/segunda\/ca\/wp-json\/wp\/v2\/types\/post"}],"author":[{"embeddable":true,"href":"https:\/\/www.tucomarca.com\/wordpress\/segunda\/ca\/wp-json\/wp\/v2\/users\/12"}],"replies":[{"embeddable":true,"href":"https:\/\/www.tucomarca.com\/wordpress\/segunda\/ca\/wp-json\/wp\/v2\/comments?post=130535"}],"version-history":[{"count":0,"href":"https:\/\/www.tucomarca.com\/wordpress\/segunda\/ca\/wp-json\/wp\/v2\/posts\/130535\/revisions"}],"wp:featuredmedia":[{"embeddable":true,"href":"https:\/\/www.tucomarca.com\/wordpress\/segunda\/ca\/wp-json\/wp\/v2\/media\/123068"}],"wp:attachment":[{"href":"https:\/\/www.tucomarca.com\/wordpress\/segunda\/ca\/wp-json\/wp\/v2\/media?parent=130535"}],"wp:term":[{"taxonomy":"category","embeddable":true,"href":"https:\/\/www.tucomarca.com\/wordpress\/segunda\/ca\/wp-json\/wp\/v2\/categories?post=130535"},{"taxonomy":"post_tag","embeddable":true,"href":"https:\/\/www.tucomarca.com\/wordpress\/segunda\/ca\/wp-json\/wp\/v2\/tags?post=130535"}],"curies":[{"name":"wp","href":"https:\/\/api.w.org\/{rel}","templated":true}]}}