{"id":130619,"date":"2021-04-10T08:00:00","date_gmt":"2021-04-10T07:00:00","guid":{"rendered":"http:\/\/www.tucomarca.com\/wordpress\/segunda\/?p=130619"},"modified":"2021-04-10T13:23:52","modified_gmt":"2021-04-10T12:23:52","slug":"la-guardia-civil-dete-a-dues-persones-implicades-en-25-robatoris-amb-forca-a-betera-i-naquera","status":"publish","type":"post","link":"https:\/\/www.tucomarca.com\/wordpress\/segunda\/ca\/la-guardia-civil-dete-a-dues-persones-implicades-en-25-robatoris-amb-forca-a-betera-i-naquera\/","title":{"rendered":"La Gu\u00e0rdia Civil det\u00e9 a dues persones implicades en 25 robatoris amb for\u00e7a a B\u00e9tera i N\u00e0quera"},"content":{"rendered":"\n<p><strong>La Gu\u00e0rdia Civil det\u00e9 a dues persones implicades en 25 robatoris amb for\u00e7a a B\u00e9tera i N\u00e0quera<\/strong><\/p>\n\n\n\n<p>Por parte de agentes pertenecientes al \u00e1rea de investigaci\u00f3n de la Guardia Civil de B\u00e9tera se ven\u00eda investigando en el marco de la Operaci\u00f3n \u201cFAUCETES\u201d una serie de robos que se produc\u00edan en diversas urbanizaciones, chalets y diseminados pr\u00f3ximos a las localidades de N\u00e1quera y B\u00e9tera.<\/p>\n\n\n\n<p>&nbsp;Un total de 25 delitos de robo con fuerza en las cosas, sustrayendo ventanas de aluminio, grifer\u00eda, as\u00ed como tuber\u00edas de cobre y cualquier tipo de metal susceptible de ser vendido como chatarra.<\/p>\n\n\n\n<p><strong>Modus Operandi<\/strong><\/p>\n\n\n\n<p>Los autores realizaban cortes en las vallas perimetrales de las parcelas, fracturas en las ventanas de las viviendas para acceder al interior y, mediante la utilizaci\u00f3n de herramientas de grandes dimensiones, arrancaban \u00e9stas para una mejor maniobrabilidad y as\u00ed poder almacenar m\u00e1s cantidad en el interior del veh\u00edculo que utilizaban para su traslado.&nbsp;<\/p>\n\n\n\n<p>Por parte de los agentes, tras una ardua investigaci\u00f3n, recopilan indicios suficientemente razonables para la imputaci\u00f3n de los hechos anteriormente citados, se procede a la detenci\u00f3n de los autores, un hombre y una mujer, de 36 y 44 a\u00f1os de edad, como presuntos autores de los delitos continuados de robo con fuerza en interior de vivienda, as\u00ed como a la investigaci\u00f3n de la persona titular de la chatarrer\u00eda donde el material sustra\u00eddo era vendido, procediendo a la aprehensi\u00f3n y puesta a disposici\u00f3n judicial del veh\u00edculo utilizado en los hechos acontecidos.<\/p>\n\n\n\n<p>Las diligencias han pasado a disposici\u00f3n del Juzgado de primera Instancia e Instrucci\u00f3n n\u00ba 1 de la localidad de B\u00e9tera (Valencia).<\/p>\n","protected":false},"excerpt":{"rendered":"<div class=\"mh-excerpt\">La Gu\u00e0rdia Civil det\u00e9 a dues persones implicades en 25 robatoris amb for\u00e7a a B\u00e9tera i N\u00e0quera Por parte de agentes pertenecientes al \u00e1rea de investigaci\u00f3n de la Guardia Civil de B\u00e9tera se ven\u00eda investigando <a class=\"mh-excerpt-more\" href=\"https:\/\/www.tucomarca.com\/wordpress\/segunda\/ca\/la-guardia-civil-dete-a-dues-persones-implicades-en-25-robatoris-amb-forca-a-betera-i-naquera\/\" title=\"La Gu\u00e0rdia Civil det\u00e9 a dues persones implicades en 25 robatoris amb for\u00e7a a B\u00e9tera i N\u00e0quera\">[+] <\/a><\/div>\n","protected":false},"author":1,"featured_media":130617,"comment_status":"open","ping_status":"open","sticky":false,"template":"","format":"standard","meta":{"footnotes":""},"categories":[10937,10892,10894,10936,10896,10897],"tags":[11202,10899,11134],"class_list":{"0":"post-130619","1":"post","2":"type-post","3":"status-publish","4":"format-standard","5":"has-post-thumbnail","7":"category-betera-ca","8":"category-camp-de-turia-ca","9":"category-la-comarca-ca","10":"category-naquera-ca","11":"category-seccion-ca","12":"category-sucesos-la-comarca-ca","13":"tag-betera-ca","14":"tag-camp-de-turia-ca","15":"tag-naquera-ca"},"_links":{"self":[{"href":"https:\/\/www.tucomarca.com\/wordpress\/segunda\/ca\/wp-json\/wp\/v2\/posts\/130619","targetHints":{"allow":["GET"]}}],"collection":[{"href":"https:\/\/www.tucomarca.com\/wordpress\/segunda\/ca\/wp-json\/wp\/v2\/posts"}],"about":[{"href":"https:\/\/www.tucomarca.com\/wordpress\/segunda\/ca\/wp-json\/wp\/v2\/types\/post"}],"author":[{"embeddable":true,"href":"https:\/\/www.tucomarca.com\/wordpress\/segunda\/ca\/wp-json\/wp\/v2\/users\/1"}],"replies":[{"embeddable":true,"href":"https:\/\/www.tucomarca.com\/wordpress\/segunda\/ca\/wp-json\/wp\/v2\/comments?post=130619"}],"version-history":[{"count":0,"href":"https:\/\/www.tucomarca.com\/wordpress\/segunda\/ca\/wp-json\/wp\/v2\/posts\/130619\/revisions"}],"wp:featuredmedia":[{"embeddable":true,"href":"https:\/\/www.tucomarca.com\/wordpress\/segunda\/ca\/wp-json\/wp\/v2\/media\/130617"}],"wp:attachment":[{"href":"https:\/\/www.tucomarca.com\/wordpress\/segunda\/ca\/wp-json\/wp\/v2\/media?parent=130619"}],"wp:term":[{"taxonomy":"category","embeddable":true,"href":"https:\/\/www.tucomarca.com\/wordpress\/segunda\/ca\/wp-json\/wp\/v2\/categories?post=130619"},{"taxonomy":"post_tag","embeddable":true,"href":"https:\/\/www.tucomarca.com\/wordpress\/segunda\/ca\/wp-json\/wp\/v2\/tags?post=130619"}],"curies":[{"name":"wp","href":"https:\/\/api.w.org\/{rel}","templated":true}]}}