{"id":130675,"date":"2021-04-11T11:00:00","date_gmt":"2021-04-11T10:00:00","guid":{"rendered":"http:\/\/www.tucomarca.com\/wordpress\/segunda\/?p=130675"},"modified":"2021-04-12T15:38:19","modified_gmt":"2021-04-12T14:38:19","slug":"sanitat-registra-147-nous-casos-de-coronavirus-en-la-comunitat-valenciana","status":"publish","type":"post","link":"https:\/\/www.tucomarca.com\/wordpress\/segunda\/ca\/sanitat-registra-147-nous-casos-de-coronavirus-en-la-comunitat-valenciana\/","title":{"rendered":"Sanitat registra 147 nous casos de coronavirus en la Comunitat Valenciana"},"content":{"rendered":"\n<p><strong>Per prov\u00edncies, s&#8217;han comptabilitzat 34 nous positius a Castell\u00f3, 35 a Alacant i 78 a la prov\u00edncia de Val\u00e8ncia<\/strong><\/p>\n\n\n\n<p>La Comunitat Valenciana ha notificat 147 casos nous de coronavirus confirmats per prova PCR o a trav\u00e9s de test d&#8217;ant\u00edgens des de l&#8217;\u00faltima actualitzaci\u00f3, que situen la xifra total de positius en 387.277 persones. Per prov\u00edncies, la distribuci\u00f3 de nous positius \u00e9s la seg\u00fcent: 34 a Castell\u00f3 (39.648 en total), 35 a Alacant (145.462 en total) i 78 a la prov\u00edncia de Val\u00e8ncia (202.166). Continua havent-hi un cas sense assignar.<\/p>\n","protected":false},"excerpt":{"rendered":"<div class=\"mh-excerpt\">Per prov\u00edncies, s&#8217;han comptabilitzat 34 nous positius a Castell\u00f3, 35 a Alacant i 78 a la prov\u00edncia de Val\u00e8ncia La Comunitat Valenciana ha notificat 147 casos nous de coronavirus confirmats per prova PCR o a <a class=\"mh-excerpt-more\" href=\"https:\/\/www.tucomarca.com\/wordpress\/segunda\/ca\/sanitat-registra-147-nous-casos-de-coronavirus-en-la-comunitat-valenciana\/\" title=\"Sanitat registra 147 nous casos de coronavirus en la Comunitat Valenciana\">[+] <\/a><\/div>\n","protected":false},"author":1,"featured_media":124136,"comment_status":"open","ping_status":"open","sticky":false,"template":"","format":"standard","meta":{"footnotes":""},"categories":[11010,10898,10948,10894,10904,10903,10947,10897],"tags":[11939,11940],"class_list":{"0":"post-130675","1":"post","2":"type-post","3":"status-publish","4":"format-standard","5":"has-post-thumbnail","7":"category-canal-salud","8":"category-ventana-ca","9":"category-infraestructuras-ca","10":"category-la-comarca-ca","11":"category-sin-categorizar-ca","12":"category-medio-ambiente-la-comarca-ca","13":"category-politica","14":"category-sucesos-la-comarca-ca","15":"tag-coronavirus-ca","16":"tag-covid-19-ca"},"_links":{"self":[{"href":"https:\/\/www.tucomarca.com\/wordpress\/segunda\/ca\/wp-json\/wp\/v2\/posts\/130675","targetHints":{"allow":["GET"]}}],"collection":[{"href":"https:\/\/www.tucomarca.com\/wordpress\/segunda\/ca\/wp-json\/wp\/v2\/posts"}],"about":[{"href":"https:\/\/www.tucomarca.com\/wordpress\/segunda\/ca\/wp-json\/wp\/v2\/types\/post"}],"author":[{"embeddable":true,"href":"https:\/\/www.tucomarca.com\/wordpress\/segunda\/ca\/wp-json\/wp\/v2\/users\/1"}],"replies":[{"embeddable":true,"href":"https:\/\/www.tucomarca.com\/wordpress\/segunda\/ca\/wp-json\/wp\/v2\/comments?post=130675"}],"version-history":[{"count":0,"href":"https:\/\/www.tucomarca.com\/wordpress\/segunda\/ca\/wp-json\/wp\/v2\/posts\/130675\/revisions"}],"wp:featuredmedia":[{"embeddable":true,"href":"https:\/\/www.tucomarca.com\/wordpress\/segunda\/ca\/wp-json\/wp\/v2\/media\/124136"}],"wp:attachment":[{"href":"https:\/\/www.tucomarca.com\/wordpress\/segunda\/ca\/wp-json\/wp\/v2\/media?parent=130675"}],"wp:term":[{"taxonomy":"category","embeddable":true,"href":"https:\/\/www.tucomarca.com\/wordpress\/segunda\/ca\/wp-json\/wp\/v2\/categories?post=130675"},{"taxonomy":"post_tag","embeddable":true,"href":"https:\/\/www.tucomarca.com\/wordpress\/segunda\/ca\/wp-json\/wp\/v2\/tags?post=130675"}],"curies":[{"name":"wp","href":"https:\/\/api.w.org\/{rel}","templated":true}]}}