{"id":130712,"date":"2021-04-13T08:00:00","date_gmt":"2021-04-13T07:00:00","guid":{"rendered":"http:\/\/www.tucomarca.com\/wordpress\/segunda\/?p=130712"},"modified":"2021-04-13T14:25:41","modified_gmt":"2021-04-13T13:25:41","slug":"fotogaleria-xeste-celebra-unes-festes-patronals-adaptades-a-la-pandemia","status":"publish","type":"post","link":"https:\/\/www.tucomarca.com\/wordpress\/segunda\/ca\/fotogaleria-xeste-celebra-unes-festes-patronals-adaptades-a-la-pandemia\/","title":{"rendered":"Fotogaleria: Xeste celebra unes festes patronals adaptades a la pand\u00e8mia"},"content":{"rendered":"\n<p>Xest ha comen\u00e7at la celebraci\u00f3 de la festes patronals d&#8217;abril, en honor a la Verge de la Soledat. La situaci\u00f3 de pand\u00e8mia impedeix la realitzaci\u00f3 de les activitats habituals, com a actes taurins, festes de disfresses i paelles, cercaviles multitudin\u00e0ries o ofrena; per\u00f2 la regidoria de Festes, els Clavaris de la Verge de la Soledat, la Penya Taurina i l&#8217;Associaci\u00f3 Musical la Lira s&#8217;han coordinat perqu\u00e8 l&#8217;ess\u00e8ncia festiva siga present durant aquestes setmanes en la localitat.<\/p>\n\n\n\n<figure class=\"wp-block-gallery columns-2 is-cropped wp-block-gallery-1 is-layout-flex wp-block-gallery-is-layout-flex\"><ul class=\"blocks-gallery-grid\"><li class=\"blocks-gallery-item\"><figure><img loading=\"lazy\" decoding=\"async\" width=\"787\" height=\"525\" src=\"http:\/\/www.tucomarca.com\/wordpress\/segunda\/wp-content\/uploads\/2021\/04\/ChesteSoledad21_02.jpg\" alt=\"\" data-id=\"130702\" data-full-url=\"http:\/\/www.tucomarca.com\/wordpress\/segunda\/wp-content\/uploads\/2021\/04\/ChesteSoledad21_02.jpg\" data-link=\"http:\/\/www.tucomarca.com\/wordpress\/segunda\/?attachment_id=130702\" class=\"wp-image-130702\" srcset=\"https:\/\/www.tucomarca.com\/wordpress\/segunda\/wp-content\/uploads\/2021\/04\/ChesteSoledad21_02.jpg 787w, https:\/\/www.tucomarca.com\/wordpress\/segunda\/wp-content\/uploads\/2021\/04\/ChesteSoledad21_02-300x200.jpg 300w, https:\/\/www.tucomarca.com\/wordpress\/segunda\/wp-content\/uploads\/2021\/04\/ChesteSoledad21_02-768x512.jpg 768w\" sizes=\"auto, (max-width: 787px) 100vw, 787px\" \/><\/figure><\/li><li class=\"blocks-gallery-item\"><figure><img loading=\"lazy\" decoding=\"async\" width=\"787\" height=\"525\" src=\"http:\/\/www.tucomarca.com\/wordpress\/segunda\/wp-content\/uploads\/2021\/04\/ChesteSoledad21_03.jpg\" alt=\"\" data-id=\"130704\" data-full-url=\"http:\/\/www.tucomarca.com\/wordpress\/segunda\/wp-content\/uploads\/2021\/04\/ChesteSoledad21_03.jpg\" data-link=\"http:\/\/www.tucomarca.com\/wordpress\/segunda\/?attachment_id=130704\" class=\"wp-image-130704\" srcset=\"https:\/\/www.tucomarca.com\/wordpress\/segunda\/wp-content\/uploads\/2021\/04\/ChesteSoledad21_03.jpg 787w, https:\/\/www.tucomarca.com\/wordpress\/segunda\/wp-content\/uploads\/2021\/04\/ChesteSoledad21_03-300x200.jpg 300w, https:\/\/www.tucomarca.com\/wordpress\/segunda\/wp-content\/uploads\/2021\/04\/ChesteSoledad21_03-768x512.jpg 768w\" sizes=\"auto, (max-width: 787px) 100vw, 787px\" \/><\/figure><\/li><li class=\"blocks-gallery-item\"><figure><img loading=\"lazy\" decoding=\"async\" width=\"787\" height=\"525\" src=\"http:\/\/www.tucomarca.com\/wordpress\/segunda\/wp-content\/uploads\/2021\/04\/ChesteSoledad21_04.jpg\" alt=\"\" data-id=\"130706\" data-full-url=\"http:\/\/www.tucomarca.com\/wordpress\/segunda\/wp-content\/uploads\/2021\/04\/ChesteSoledad21_04.jpg\" data-link=\"http:\/\/www.tucomarca.com\/wordpress\/segunda\/?attachment_id=130706\" class=\"wp-image-130706\" srcset=\"https:\/\/www.tucomarca.com\/wordpress\/segunda\/wp-content\/uploads\/2021\/04\/ChesteSoledad21_04.jpg 787w, https:\/\/www.tucomarca.com\/wordpress\/segunda\/wp-content\/uploads\/2021\/04\/ChesteSoledad21_04-300x200.jpg 300w, https:\/\/www.tucomarca.com\/wordpress\/segunda\/wp-content\/uploads\/2021\/04\/ChesteSoledad21_04-768x512.jpg 768w\" sizes=\"auto, (max-width: 787px) 100vw, 787px\" \/><\/figure><\/li><li class=\"blocks-gallery-item\"><figure><img loading=\"lazy\" decoding=\"async\" width=\"787\" height=\"525\" src=\"http:\/\/www.tucomarca.com\/wordpress\/segunda\/wp-content\/uploads\/2021\/04\/ChesteSoledad21_05.jpg\" alt=\"\" data-id=\"130708\" data-full-url=\"http:\/\/www.tucomarca.com\/wordpress\/segunda\/wp-content\/uploads\/2021\/04\/ChesteSoledad21_05.jpg\" data-link=\"http:\/\/www.tucomarca.com\/wordpress\/segunda\/?attachment_id=130708\" class=\"wp-image-130708\" srcset=\"https:\/\/www.tucomarca.com\/wordpress\/segunda\/wp-content\/uploads\/2021\/04\/ChesteSoledad21_05.jpg 787w, https:\/\/www.tucomarca.com\/wordpress\/segunda\/wp-content\/uploads\/2021\/04\/ChesteSoledad21_05-300x200.jpg 300w, https:\/\/www.tucomarca.com\/wordpress\/segunda\/wp-content\/uploads\/2021\/04\/ChesteSoledad21_05-768x512.jpg 768w\" sizes=\"auto, (max-width: 787px) 100vw, 787px\" \/><\/figure><\/li><li class=\"blocks-gallery-item\"><figure><img loading=\"lazy\" decoding=\"async\" width=\"787\" height=\"431\" src=\"http:\/\/www.tucomarca.com\/wordpress\/segunda\/wp-content\/uploads\/2021\/04\/ChesteSoledad21_06.jpg\" alt=\"\" data-id=\"130710\" data-full-url=\"http:\/\/www.tucomarca.com\/wordpress\/segunda\/wp-content\/uploads\/2021\/04\/ChesteSoledad21_06.jpg\" data-link=\"http:\/\/www.tucomarca.com\/wordpress\/segunda\/?attachment_id=130710\" class=\"wp-image-130710\" srcset=\"https:\/\/www.tucomarca.com\/wordpress\/segunda\/wp-content\/uploads\/2021\/04\/ChesteSoledad21_06.jpg 787w, https:\/\/www.tucomarca.com\/wordpress\/segunda\/wp-content\/uploads\/2021\/04\/ChesteSoledad21_06-300x164.jpg 300w, https:\/\/www.tucomarca.com\/wordpress\/segunda\/wp-content\/uploads\/2021\/04\/ChesteSoledad21_06-768x421.jpg 768w\" sizes=\"auto, (max-width: 787px) 100vw, 787px\" \/><\/figure><\/li><\/ul><\/figure>\n\n\n\n<p>Aix\u00ed, dissabte passat, 10 d&#8217;abril, els Clavaris van instal\u00b7lar a la porta de l&#8217;esgl\u00e9sia una imatge de la Verge de la Soledat impresa sobre una lona de gran format perqu\u00e8 els ve\u00efns i ve\u00efnes que volgueren pogueren fer les seues ofrenes florals, evitant aglomeracions.&nbsp;<\/p>\n\n\n\n<p>El diumenge, 11 d&#8217;abril, Cheste comen\u00e7ava el dia amb el tradicional volteig de campanes en honor a la verge i a les 12 hores els seus carrers s&#8217;omplien de m\u00fasica amb l&#8217;actuaci\u00f3 de l&#8217;Associaci\u00f3 Musical La Lira, que va oferir un concert itinerant per les places del municipi. \u201cDiumenge que ve La Lira repetir\u00e0 aquest concert i es tornar\u00e0 a escoltar la caracter\u00edstica m\u00fasica de pasdoble que sol acompanyar-nos en els dies de festa\u201d, apunta el regidor, Ra\u00fal Mota. \u201cLa idea \u00e9s que els *chestanos i *chestanas gaudisquen dels actes amb total seguretat i que tinguem present el m\u00e9s representatiu de les nostres festes, com hem intentat fer aquest cap de setmana, amb l&#8217;ofrena simb\u00f2lica, l&#8217;actuaci\u00f3 de la banda i els focs artificials\u201d.<\/p>\n\n\n\n<p>El Dia de la Soledat va acabar amb les 20 salves d&#8217;ordenan\u00e7a i una palmera de focs artificials. \u201cPer sort, la pluja no ha impedit realitzar els actes programats; a m\u00e9s, la participaci\u00f3 ha sigut molt bona i la gent ha respectat les dist\u00e0ncies i la resta de mesures de seguretat\u201d, conclou el regidor de Festes. \u201cAgra\u00efsc especialment la col\u00b7laboraci\u00f3 dels Clavaris 2019 i de l&#8217;Associaci\u00f3 Musical La Lira, per la seua participaci\u00f3 en les activitats d&#8217;aquesta finalitat de setmana\u201d.<\/p>\n\n\n\n<p><strong>Pr\u00f2xims actes<\/strong><\/p>\n\n\n\n<p>El dimarts, 13 d&#8217;abril, la pla\u00e7a Doctor Cajal albergar\u00e0 una exposici\u00f3 fotogr\u00e0fica, a c\u00e0rrec de la Penya Taurina, per a recordar moments emblem\u00e0tics de les festes i s&#8217;instal\u00b7lar\u00e0 un *cadafal en al\u00b7lusi\u00f3 als festejos taurins.&nbsp;<\/p>\n\n\n\n<p>Els actes culminaran el diumenge, 18 d&#8217;abril, amb una celebraci\u00f3 alternativa del Dia de la Flor, que comptar\u00e0 de nou amb la participaci\u00f3 de la Lira, amb la realitzaci\u00f3 d&#8217;un altre concert en les places de la localitat, a les 12 hores; i amb un homenatge als ramaders en la pla\u00e7a Doctor Cajal, que ser\u00e0 retransm\u00e9s en el programa L&#8217;hora de Julio Tormo, de la 8 Mediterrani.<\/p>\n","protected":false},"excerpt":{"rendered":"<div class=\"mh-excerpt\">Xest ha comen\u00e7at la celebraci\u00f3 de la festes patronals d&#8217;abril, en honor a la Verge de la Soledat. La situaci\u00f3 de pand\u00e8mia impedeix la realitzaci\u00f3 de les activitats habituals, com a actes taurins, festes de <a class=\"mh-excerpt-more\" href=\"https:\/\/www.tucomarca.com\/wordpress\/segunda\/ca\/fotogaleria-xeste-celebra-unes-festes-patronals-adaptades-a-la-pandemia\/\" title=\"Fotogaleria: Xeste celebra unes festes patronals adaptades a la pand\u00e8mia\">[+] <\/a><\/div>\n","protected":false},"author":12,"featured_media":130701,"comment_status":"open","ping_status":"open","sticky":false,"template":"","format":"gallery","meta":{"footnotes":""},"categories":[12202,10894,10912,11004,11007,11008,10896,10974],"tags":[11071,11939,11940,14353,10914],"class_list":{"0":"post-130712","1":"post","2":"type-post","3":"status-publish","4":"format-gallery","5":"has-post-thumbnail","7":"category-covid-19-ca","8":"category-la-comarca-ca","9":"category-la-hoya-ca","10":"category-la-semana-en-imagenes-ca","11":"category-ocio-y-cultura-ca","12":"category-pueblos-en-fiestas-ca","13":"category-seccion-ca","14":"category-cheste-ca","15":"tag-cheste","16":"tag-coronavirus-ca","17":"tag-covid-19-ca","18":"tag-fiestas-de-la-soledad-de-cheste-ca","19":"tag-la-hoya-de-bunol-chiva-ca","20":"post_format-post-format-gallery"},"_links":{"self":[{"href":"https:\/\/www.tucomarca.com\/wordpress\/segunda\/ca\/wp-json\/wp\/v2\/posts\/130712","targetHints":{"allow":["GET"]}}],"collection":[{"href":"https:\/\/www.tucomarca.com\/wordpress\/segunda\/ca\/wp-json\/wp\/v2\/posts"}],"about":[{"href":"https:\/\/www.tucomarca.com\/wordpress\/segunda\/ca\/wp-json\/wp\/v2\/types\/post"}],"author":[{"embeddable":true,"href":"https:\/\/www.tucomarca.com\/wordpress\/segunda\/ca\/wp-json\/wp\/v2\/users\/12"}],"replies":[{"embeddable":true,"href":"https:\/\/www.tucomarca.com\/wordpress\/segunda\/ca\/wp-json\/wp\/v2\/comments?post=130712"}],"version-history":[{"count":0,"href":"https:\/\/www.tucomarca.com\/wordpress\/segunda\/ca\/wp-json\/wp\/v2\/posts\/130712\/revisions"}],"wp:featuredmedia":[{"embeddable":true,"href":"https:\/\/www.tucomarca.com\/wordpress\/segunda\/ca\/wp-json\/wp\/v2\/media\/130701"}],"wp:attachment":[{"href":"https:\/\/www.tucomarca.com\/wordpress\/segunda\/ca\/wp-json\/wp\/v2\/media?parent=130712"}],"wp:term":[{"taxonomy":"category","embeddable":true,"href":"https:\/\/www.tucomarca.com\/wordpress\/segunda\/ca\/wp-json\/wp\/v2\/categories?post=130712"},{"taxonomy":"post_tag","embeddable":true,"href":"https:\/\/www.tucomarca.com\/wordpress\/segunda\/ca\/wp-json\/wp\/v2\/tags?post=130712"}],"curies":[{"name":"wp","href":"https:\/\/api.w.org\/{rel}","templated":true}]}}