{"id":130732,"date":"2021-04-13T09:49:00","date_gmt":"2021-04-13T08:49:00","guid":{"rendered":"http:\/\/www.tucomarca.com\/wordpress\/segunda\/?p=130732"},"modified":"2021-04-13T10:51:25","modified_gmt":"2021-04-13T09:51:25","slug":"el-pspv-psoe-de-bunyol-commemora-el-norante-aniversari-de-la-proclamacio-de-la-ii-republica","status":"publish","type":"post","link":"https:\/\/www.tucomarca.com\/wordpress\/segunda\/ca\/el-pspv-psoe-de-bunyol-commemora-el-norante-aniversari-de-la-proclamacio-de-la-ii-republica\/","title":{"rendered":"El PSPV-PSOE de Bunyol commemora el norant\u00e9 aniversari de la proclamaci\u00f3 de la II Rep\u00fablica"},"content":{"rendered":"\n<p>El pr\u00f2xim 14 d&#8217;abril es complir\u00e0 el norant\u00e9 aniversari de la proclamaci\u00f3 de la II Rep\u00fablica. Espanya, tantes vegades ressagada en termes democr\u00e0tics amb els pa\u00efsos del nostre entorn, va viure la il\u00b7lusi\u00f3 de construir des del poble, un sistema pol\u00edtic a l&#8217;altura dels m\u00e9s avan\u00e7ats del moment.&nbsp;<\/p>\n\n\n\n<p>Des del principi es va albirar que la tasca d&#8217;avan\u00e7ar en drets i llibertats anava a ser \u00e0rdua i que aquells que havien ostentat el poder fins llavors, no l&#8217;anaven a posar gens f\u00e0cil. El colp militar de 18 de juliol de 1936, que desembocaria en una fratricida Guerra Civil, donaria amb el trast d&#8217;aqueix intent de sentir-nos orgullosos del nostre pa\u00eds, guanyant la contesa els revoltats l&#8217;1 d&#8217;abril de 1939 i instaurant un r\u00e8gim on el terror i la repressi\u00f3, eren pastura del dia a dia, entre aquells que es trobaven entre els perdedors del conflicte b\u00e8l\u00b7lic. Espanya no va poder recuperar la democr\u00e0cia fins a la mort del dictador Francisco Franco i l&#8217;aprovaci\u00f3 de la Constituci\u00f3 de 1978.<\/p>\n\n\n\n<p>Des del PSOE de Bu\u00f1ol, com fem durant els \u00faltims anys, volem recordar la proclamaci\u00f3 de la II Rep\u00fablica i sumar-nos a tots els actes que es duguen a terme en la nostra poblaci\u00f3, sense idealismes que impedisquen poder ser cr\u00edtics amb ella, per\u00f2 al mateix temps denunciant l&#8217;intent per part de la dreta m\u00e9s extrema, d&#8217;equiparar a republicans i revoltats, fent gala d&#8217;un revisionisme injust que nom\u00e9s busca tapar les mis\u00e8ries d&#8217;alguns sectors de la societat, que no han de tindre la consci\u00e8ncia molt tranquil\u00b7la.<\/p>\n\n\n\n<p>El PSOE, com a partit de govern de profundes conviccions democr\u00e0tiques, sempre tindr\u00e0 en els valors republicans, uns forts aliats per a construir dia a dia sense descans, una societat m\u00e9s justa, igualit\u00e0ria i en llibertat.<\/p>\n\n\n\n<p>Agrupaci\u00f3 Socialista de Bunyol.<\/p>\n","protected":false},"excerpt":{"rendered":"<div class=\"mh-excerpt\">El pr\u00f2xim 14 d&#8217;abril es complir\u00e0 el norant\u00e9 aniversari de la proclamaci\u00f3 de la II Rep\u00fablica. Espanya, tantes vegades ressagada en termes democr\u00e0tics amb els pa\u00efsos del nostre entorn, va viure la il\u00b7lusi\u00f3 de construir <a class=\"mh-excerpt-more\" href=\"https:\/\/www.tucomarca.com\/wordpress\/segunda\/ca\/el-pspv-psoe-de-bunyol-commemora-el-norante-aniversari-de-la-proclamacio-de-la-ii-republica\/\" title=\"El PSPV-PSOE de Bunyol commemora el norant\u00e9 aniversari de la proclamaci\u00f3 de la II Rep\u00fablica\">[+] <\/a><\/div>\n","protected":false},"author":12,"featured_media":130731,"comment_status":"open","ping_status":"open","sticky":false,"template":"","format":"standard","meta":{"footnotes":""},"categories":[10911,10894,10912,10947],"tags":[14352,10913,13214,11381],"class_list":{"0":"post-130732","1":"post","2":"type-post","3":"status-publish","4":"format-standard","5":"has-post-thumbnail","7":"category-bunol-ca","8":"category-la-comarca-ca","9":"category-la-hoya-ca","10":"category-politica","11":"tag-14-de-abril-ca","12":"tag-bunol-ca","13":"tag-ii-republica-ca","14":"tag-pspv-psoe-bunol-ca"},"_links":{"self":[{"href":"https:\/\/www.tucomarca.com\/wordpress\/segunda\/ca\/wp-json\/wp\/v2\/posts\/130732","targetHints":{"allow":["GET"]}}],"collection":[{"href":"https:\/\/www.tucomarca.com\/wordpress\/segunda\/ca\/wp-json\/wp\/v2\/posts"}],"about":[{"href":"https:\/\/www.tucomarca.com\/wordpress\/segunda\/ca\/wp-json\/wp\/v2\/types\/post"}],"author":[{"embeddable":true,"href":"https:\/\/www.tucomarca.com\/wordpress\/segunda\/ca\/wp-json\/wp\/v2\/users\/12"}],"replies":[{"embeddable":true,"href":"https:\/\/www.tucomarca.com\/wordpress\/segunda\/ca\/wp-json\/wp\/v2\/comments?post=130732"}],"version-history":[{"count":0,"href":"https:\/\/www.tucomarca.com\/wordpress\/segunda\/ca\/wp-json\/wp\/v2\/posts\/130732\/revisions"}],"wp:featuredmedia":[{"embeddable":true,"href":"https:\/\/www.tucomarca.com\/wordpress\/segunda\/ca\/wp-json\/wp\/v2\/media\/130731"}],"wp:attachment":[{"href":"https:\/\/www.tucomarca.com\/wordpress\/segunda\/ca\/wp-json\/wp\/v2\/media?parent=130732"}],"wp:term":[{"taxonomy":"category","embeddable":true,"href":"https:\/\/www.tucomarca.com\/wordpress\/segunda\/ca\/wp-json\/wp\/v2\/categories?post=130732"},{"taxonomy":"post_tag","embeddable":true,"href":"https:\/\/www.tucomarca.com\/wordpress\/segunda\/ca\/wp-json\/wp\/v2\/tags?post=130732"}],"curies":[{"name":"wp","href":"https:\/\/api.w.org\/{rel}","templated":true}]}}