{"id":130766,"date":"2021-04-13T18:30:00","date_gmt":"2021-04-13T17:30:00","guid":{"rendered":"http:\/\/www.tucomarca.com\/wordpress\/segunda\/?p=130766"},"modified":"2021-04-14T17:21:59","modified_gmt":"2021-04-14T16:21:59","slug":"sanitat-registra-83-casos-nous-de-coronavirus-468-altes-i-9-defuncions-en-la-comunitat-valenciana","status":"publish","type":"post","link":"https:\/\/www.tucomarca.com\/wordpress\/segunda\/ca\/sanitat-registra-83-casos-nous-de-coronavirus-468-altes-i-9-defuncions-en-la-comunitat-valenciana\/","title":{"rendered":"Sanitat registra 83 casos nous de coronavirus, 468 altes i 9 defuncions en la Comunitat Valenciana"},"content":{"rendered":"\n<h4 class=\"wp-block-heading\">Per prov\u00edncies: 15 a Castell\u00f3, 43 a Alacant i 25 a Val\u00e8ncia<\/h4>\n\n\n\n<p>La Comunitat Valenciana ha administrat un total d&#8217;1.083.961 dosi de la vacuna contra el coronavirus, de les quals 127.491 a la prov\u00edncia de Castell\u00f3, 390.615 en la d&#8217;Alacant i 565.855 a Val\u00e8ncia, i han rebut les dues dosis 287.237 persones.<\/p>\n\n\n\n<p>D&#8217;altra banda, s&#8217;han notificat 83 casos nous de coronavirus confirmats per prova *PCR o a trav\u00e9s de test d&#8217;ant\u00edgens des de l&#8217;\u00faltima actualitzaci\u00f3, que situen la xifra total de positius en 387.443 persones. Per prov\u00edncies, 15 a Castell\u00f3 (39.675 en total); 43 a Alacant (145.526 en total); i 25 a la prov\u00edncia de Val\u00e8ncia (202.241 en total). Continua havent-hi un cas sense assignar.<\/p>\n\n\n\n<p>Des de l&#8217;\u00faltima actualitzaci\u00f3 s&#8217;han registrat 468 altes a pacients amb coronavirus. D&#8217;aquesta manera, ja s\u00f3n 388.161 persones en la Comunitat Valenciana les que han superat la malaltia des que va comen\u00e7ar la pand\u00e8mia. Per prov\u00edncies, les altes es distribueixen de la seg\u00fcent manera: 40.021 a Castell\u00f3, 145.281 a Alacant i 202.804 a Val\u00e8ncia, a m\u00e9s de 55 no assignades.<\/p>\n\n\n\n<p>Els hospitals valencians tenen, actualment, 383 persones ingressades: 24 a la prov\u00edncia de Castell\u00f3, amb 7 pacients en UCI; 164 a la prov\u00edncia d&#8217;Alacant, 29 d&#8217;ells en l&#8217;UCI; i 195 a la prov\u00edncia de Val\u00e8ncia, 41 d&#8217;ells en UCI.<\/p>\n\n\n\n<p>A m\u00e9s, s&#8217;han registrat 9 defuncions per coronavirus des de l&#8217;\u00faltima actualitzaci\u00f3, per la qual cosa el total de defuncions des de l&#8217;inici de la pand\u00e8mia \u00e9s de 7.228: 788 a la prov\u00edncia de Castell\u00f3, 2.747 en la d&#8217;Alacant i 3.693 en la de Val\u00e8ncia.<\/p>\n\n\n\n<p>D&#8217;acord amb les dades registrades, en aquests moments hi ha 3.522 casos actius, la qual cosa suposa un 0,88% del total de positius.<\/p>\n\n\n\n<p><strong>Actualitzaci\u00f3 de la situaci\u00f3 en resid\u00e8ncies<\/strong><\/p>\n\n\n\n<p>Des de l&#8217;\u00faltima actualitzaci\u00f3, els casos positius en resid\u00e8ncies de majors es mantenen en 5 (1 a la prov\u00edncia d&#8217;Alacant i 4 a la prov\u00edncia de Val\u00e8ncia).<\/p>\n\n\n\n<ul class=\"wp-block-list\"><li>Residents nous positius: 0<\/li><li>Treballadors i treballadores nous positius: 7<\/li><li>Residents que han mort: 0<\/li><\/ul>\n\n\n\n<p><strong>Actualitzaci\u00f3 brolles de coronavirus<\/strong><\/p>\n\n\n\n<p>S&#8217;han registrat 14 nous brots des de l&#8217;\u00faltima actualitzaci\u00f3:<\/p>\n\n\n\n<ul class=\"wp-block-list\"><li>\u00b7 Val\u00e8ncia: 5 casos. Origen social<\/li><li>\u00b7 Massamagrell: 3 casos. Origen social<\/li><li>\u00b7 Torrent: 4 casos. Origen social<\/li><li>\u00b7 Paterna: 3 casos. Origen social<\/li><li>\u00b7 Xeraco: 4 casos. Origen laboral<\/li><li>\u00b7 Val\u00e8ncia: 3 casos. Origen laboral<\/li><li>\u00b7 Benaguasil: 4 casos. Origen social<\/li><li>\u00b7 Paterna: 3 casos. Origen social<\/li><li>\u00b7 La Pobla de Vallbona: 3 casos. Origen social<\/li><li>\u00b7 Alquer\u00edas del Ni\u00f1o Perdido: 4 casos. Origen social<\/li><li>\u00b7 Vila-real: 7 casos. Origen social<\/li><li>\u00b7 Benidorm: 3 casos. Origen social<\/li><li>\u00b7 Sant Joan d&#8217;Alacant: 4 casos. Origen laboral<\/li><li>\u00b7 Alicante: 6 casos. Origen social<\/li><\/ul>\n","protected":false},"excerpt":{"rendered":"<div class=\"mh-excerpt\">Per prov\u00edncies: 15 a Castell\u00f3, 43 a Alacant i 25 a Val\u00e8ncia La Comunitat Valenciana ha administrat un total d&#8217;1.083.961 dosi de la vacuna contra el coronavirus, de les quals 127.491 a la prov\u00edncia de <a class=\"mh-excerpt-more\" href=\"https:\/\/www.tucomarca.com\/wordpress\/segunda\/ca\/sanitat-registra-83-casos-nous-de-coronavirus-468-altes-i-9-defuncions-en-la-comunitat-valenciana\/\" title=\"Sanitat registra 83 casos nous de coronavirus, 468 altes i 9 defuncions en la Comunitat Valenciana\">[+] <\/a><\/div>\n","protected":false},"author":12,"featured_media":127644,"comment_status":"open","ping_status":"open","sticky":false,"template":"","format":"standard","meta":{"footnotes":""},"categories":[10952,10892,11010,12202,10898,10894,10915,10947,10896,10897],"tags":[12165,11939,11940,13477],"class_list":{"0":"post-130766","1":"post","2":"type-post","3":"status-publish","4":"format-standard","5":"has-post-thumbnail","7":"category-benaguasil-ca","8":"category-camp-de-turia-ca","9":"category-canal-salud","10":"category-covid-19-ca","11":"category-ventana-ca","12":"category-la-comarca-ca","13":"category-la-pobla-ca","14":"category-politica","15":"category-seccion-ca","16":"category-sucesos-la-comarca-ca","17":"tag-conselleria-de-sanitat-ca","18":"tag-coronavirus-ca","19":"tag-covid-19-ca","20":"tag-datos-de-contagios-ca"},"_links":{"self":[{"href":"https:\/\/www.tucomarca.com\/wordpress\/segunda\/ca\/wp-json\/wp\/v2\/posts\/130766","targetHints":{"allow":["GET"]}}],"collection":[{"href":"https:\/\/www.tucomarca.com\/wordpress\/segunda\/ca\/wp-json\/wp\/v2\/posts"}],"about":[{"href":"https:\/\/www.tucomarca.com\/wordpress\/segunda\/ca\/wp-json\/wp\/v2\/types\/post"}],"author":[{"embeddable":true,"href":"https:\/\/www.tucomarca.com\/wordpress\/segunda\/ca\/wp-json\/wp\/v2\/users\/12"}],"replies":[{"embeddable":true,"href":"https:\/\/www.tucomarca.com\/wordpress\/segunda\/ca\/wp-json\/wp\/v2\/comments?post=130766"}],"version-history":[{"count":0,"href":"https:\/\/www.tucomarca.com\/wordpress\/segunda\/ca\/wp-json\/wp\/v2\/posts\/130766\/revisions"}],"wp:featuredmedia":[{"embeddable":true,"href":"https:\/\/www.tucomarca.com\/wordpress\/segunda\/ca\/wp-json\/wp\/v2\/media\/127644"}],"wp:attachment":[{"href":"https:\/\/www.tucomarca.com\/wordpress\/segunda\/ca\/wp-json\/wp\/v2\/media?parent=130766"}],"wp:term":[{"taxonomy":"category","embeddable":true,"href":"https:\/\/www.tucomarca.com\/wordpress\/segunda\/ca\/wp-json\/wp\/v2\/categories?post=130766"},{"taxonomy":"post_tag","embeddable":true,"href":"https:\/\/www.tucomarca.com\/wordpress\/segunda\/ca\/wp-json\/wp\/v2\/tags?post=130766"}],"curies":[{"name":"wp","href":"https:\/\/api.w.org\/{rel}","templated":true}]}}