{"id":130809,"date":"2021-04-14T17:00:00","date_gmt":"2021-04-14T16:00:00","guid":{"rendered":"http:\/\/www.tucomarca.com\/wordpress\/segunda\/?p=130809"},"modified":"2021-04-14T18:20:05","modified_gmt":"2021-04-14T17:20:05","slug":"sanitat-registra-160-casos-nous-de-coronavirus-8-defuncions-i-180-altes-en-la-comunitat-valenciana","status":"publish","type":"post","link":"https:\/\/www.tucomarca.com\/wordpress\/segunda\/ca\/sanitat-registra-160-casos-nous-de-coronavirus-8-defuncions-i-180-altes-en-la-comunitat-valenciana\/","title":{"rendered":"Sanitat registra 160 casos nous de coronavirus, 8 defuncions i 180 altes en la Comunitat Valenciana"},"content":{"rendered":"\n<h4 class=\"wp-block-heading\"><strong>Per prov\u00edncies, 41 a Castell\u00f3, 47 a Alacant i 72 a Val\u00e8ncia<\/strong><\/h4>\n\n\n\n<p>La Comunitat Valenciana ha administrat un total d&#8217;1.129.670 dosi de la vacuna contra el coronavirus. Per prov\u00edncies, 133.414 a Castell\u00f3, 408.942 a Alacant i 587.314 a Val\u00e8ncia. Han rebut les dues dosis 290.689 persones.<\/p>\n\n\n\n<p>Adem\u00e1s, se han notificado 160 casos nuevos de coronavirus confirmados por prueba PCR o a trav\u00e9s de test de ant\u00edgenos desde la \u00faltima actualizaci\u00f3n, que sit\u00faan la cifra total de positivos en 387.603 personas. Por provincias, 41 en Castell\u00f3n (39.716 en total); 47 en Alicante (145.573 en total); y 72 en la provincia de Valencia (202.313 en total). Contin\u00faa habiendo un caso sin asignar.<\/p>\n\n\n\n<p>Desde la \u00faltima actualizaci\u00f3n se han registrado 180 altas a pacientes con coronavirus. De esta forma, ya son 388.341 personas en la Comunitat Valenciana las que han superado la enfermedad desde que comenz\u00f3 la pandemia. Por provincias, las altas se distribuyen del siguiente modo: 40.037 en Castell\u00f3n, 145.352 en Alicante y 202.897 en Valencia, adem\u00e1s de 55 no asignadas.<\/p>\n\n\n\n<p>Los hospitales valencianos tienen, actualmente, 353 personas ingresadas: 26 en la provincia de Castell\u00f3n, con 9 pacientes en UCI; 161 en la provincia de Alicante, 27 de ellos en la UCI; y 166 en la provincia de Valencia, 37 de ellos en UCI.<\/p>\n\n\n\n<p>Adem\u00e1s, se han registrado 8 fallecimientos por coronavirus desde la \u00faltima actualizaci\u00f3n, por lo que el total de defunciones desde el inicio de la pandemia es de 7.236: 788 en la provincia de Castell\u00f3n, 2.751 en la de Alicante y 3.697 en la de Valencia.<\/p>\n\n\n\n<p>De acuerdo con los datos registrados, en estos momentos hay 3.494 casos activos, lo que supone un 0,88% del total de positivos.<\/p>\n\n\n\n<p><strong>Actualizaci\u00f3n de la situaci\u00f3n en residencias<\/strong><\/p>\n\n\n\n<p>Desde la \u00faltima actualizaci\u00f3n, los casos positivos en residencias de mayores se han reducido a 4 (1 en la provincia de Alicante y 3 en la provincia de Valencia).&nbsp;<\/p>\n\n\n\n<p>\u00b7 Residentes nuevos positivos: 0<\/p>\n\n\n\n<p>\u00b7 Trabajadores y trabajadoras nuevos positivos: 0<\/p>\n\n\n\n<p>\u00b7 Residentes que han fallecido: 0<\/p>\n\n\n\n<p><strong>Actualizaci\u00f3n brotes de coronavirus<\/strong><\/p>\n\n\n\n<p>Se han notificado 11 brotes desde la \u00faltima actualizaci\u00f3n:<\/p>\n\n\n\n<p>\u00b7 Manises: 6 casos. Origen social<\/p>\n\n\n\n<p>\u00b7 Castell\u00f3 de la Plana: 8 casos. Origen social<\/p>\n\n\n\n<p>\u00b7 Godelleta: 5 casos. Origen social<\/p>\n\n\n\n<p>\u00b7 Vinar\u00f2s: 3 casos. Origen laboral<\/p>\n\n\n\n<p>\u00b7 Benic\u00e0sim: 3 casos. Origen laboral<\/p>\n\n\n\n<p>\u00b7 Burriana: 5 casos. Origen social<\/p>\n\n\n\n<p>\u00b7 Benidorm: 4 casos. Origen social<\/p>\n\n\n\n<p>\u00b7 Cullera: 4 casos. Origen laboral<\/p>\n\n\n\n<p>\u00b7 Val\u00e8ncia: 3 casos. Origen social<\/p>\n\n\n\n<p>\u00b7 Alaqu\u00e0s: 5 casos. Origen social<\/p>\n\n\n\n<p>\u00b7 Gandia: 5 casos. Origen social<\/p>\n","protected":false},"excerpt":{"rendered":"<div class=\"mh-excerpt\">Per prov\u00edncies, 41 a Castell\u00f3, 47 a Alacant i 72 a Val\u00e8ncia La Comunitat Valenciana ha administrat un total d&#8217;1.129.670 dosi de la vacuna contra el coronavirus. Per prov\u00edncies, 133.414 a Castell\u00f3, 408.942 a Alacant <a class=\"mh-excerpt-more\" href=\"https:\/\/www.tucomarca.com\/wordpress\/segunda\/ca\/sanitat-registra-160-casos-nous-de-coronavirus-8-defuncions-i-180-altes-en-la-comunitat-valenciana\/\" title=\"Sanitat registra 160 casos nous de coronavirus, 8 defuncions i 180 altes en la Comunitat Valenciana\">[+] <\/a><\/div>\n","protected":false},"author":1,"featured_media":126284,"comment_status":"open","ping_status":"open","sticky":false,"template":"","format":"standard","meta":{"footnotes":""},"categories":[11010,12202,10898,10977,10948,10894,10904,10912,10903,10947,10896,10897],"tags":[11939,11940,10914],"class_list":{"0":"post-130809","1":"post","2":"type-post","3":"status-publish","4":"format-standard","5":"has-post-thumbnail","7":"category-canal-salud","8":"category-covid-19-ca","9":"category-ventana-ca","10":"category-godelleta-ca","11":"category-infraestructuras-ca","12":"category-la-comarca-ca","13":"category-sin-categorizar-ca","14":"category-la-hoya-ca","15":"category-medio-ambiente-la-comarca-ca","16":"category-politica","17":"category-seccion-ca","18":"category-sucesos-la-comarca-ca","19":"tag-coronavirus-ca","20":"tag-covid-19-ca","21":"tag-la-hoya-de-bunol-chiva-ca"},"_links":{"self":[{"href":"https:\/\/www.tucomarca.com\/wordpress\/segunda\/ca\/wp-json\/wp\/v2\/posts\/130809","targetHints":{"allow":["GET"]}}],"collection":[{"href":"https:\/\/www.tucomarca.com\/wordpress\/segunda\/ca\/wp-json\/wp\/v2\/posts"}],"about":[{"href":"https:\/\/www.tucomarca.com\/wordpress\/segunda\/ca\/wp-json\/wp\/v2\/types\/post"}],"author":[{"embeddable":true,"href":"https:\/\/www.tucomarca.com\/wordpress\/segunda\/ca\/wp-json\/wp\/v2\/users\/1"}],"replies":[{"embeddable":true,"href":"https:\/\/www.tucomarca.com\/wordpress\/segunda\/ca\/wp-json\/wp\/v2\/comments?post=130809"}],"version-history":[{"count":0,"href":"https:\/\/www.tucomarca.com\/wordpress\/segunda\/ca\/wp-json\/wp\/v2\/posts\/130809\/revisions"}],"wp:featuredmedia":[{"embeddable":true,"href":"https:\/\/www.tucomarca.com\/wordpress\/segunda\/ca\/wp-json\/wp\/v2\/media\/126284"}],"wp:attachment":[{"href":"https:\/\/www.tucomarca.com\/wordpress\/segunda\/ca\/wp-json\/wp\/v2\/media?parent=130809"}],"wp:term":[{"taxonomy":"category","embeddable":true,"href":"https:\/\/www.tucomarca.com\/wordpress\/segunda\/ca\/wp-json\/wp\/v2\/categories?post=130809"},{"taxonomy":"post_tag","embeddable":true,"href":"https:\/\/www.tucomarca.com\/wordpress\/segunda\/ca\/wp-json\/wp\/v2\/tags?post=130809"}],"curies":[{"name":"wp","href":"https:\/\/api.w.org\/{rel}","templated":true}]}}