{"id":130829,"date":"2021-04-14T16:30:00","date_gmt":"2021-04-14T15:30:00","guid":{"rendered":"http:\/\/www.tucomarca.com\/wordpress\/segunda\/?p=130829"},"modified":"2021-04-14T19:26:59","modified_gmt":"2021-04-14T18:26:59","slug":"la-diputacio-convoca-les-ajudes-per-a-les-bandes-de-musica-amb-prop-de-dos-milions-deuros-de-pressupost","status":"publish","type":"post","link":"https:\/\/www.tucomarca.com\/wordpress\/segunda\/ca\/la-diputacio-convoca-les-ajudes-per-a-les-bandes-de-musica-amb-prop-de-dos-milions-deuros-de-pressupost\/","title":{"rendered":"La Diputaci\u00f3 convoca les ajudes per a les bandes de m\u00fasica amb prop de dos milions d&#8217;euros de pressupost"},"content":{"rendered":"\n<p><strong><strong>La delegaci\u00f3 de Bandes de M\u00fasica que dirigix Jordi Mayor destina 1.884.500 euros a les ajudes per a escoles de m\u00fasica i educands, concerts i adquisici\u00f3 de partitures, instruments i pissarres t\u00e0ctils<\/strong><\/strong><\/p>\n\n\n\n<p>El Butllet\u00ed Oficial de la Prov\u00edncia (BOP) ha publicat este dimecres la convocat\u00f2ria \u2018Excel\u00b7lent, M\u00fasica de Banda 2021\u2019 amb la qual la Diputaci\u00f3 de Val\u00e8ncia destina prop de dos milions d&#8217;euros al foment de l&#8217;activitat musical i la difusi\u00f3 de la m\u00fasica valenciana a trav\u00e9s de les bandes de m\u00fasica. El BOP del 14 d&#8217;abril recull esta aportaci\u00f3 d&#8217;1.884.500 euros dirigida a finan\u00e7ar globalment l&#8217;activitat de les 325 societats musicals federades de la prov\u00edncia, que podran presentar les seues sol\u00b7licituds entre el 15 d&#8217;abril i el 5 de maig.<\/p>\n\n\n\n<p>La novetat m\u00e9s important enguany \u00e9s que les diferents l\u00ednies d&#8217;ajuda existents per a les bandes de m\u00fasica s&#8217;han ref\u00f3s en una \u00fanica convocat\u00f2ria \u201cper a facilitar al m\u00e0xim a les societats musicals la presentaci\u00f3 de les sol\u00b7licituds de subvenci\u00f3\u201d, segons explica el diputat de Turisme i Bandes de M\u00fasica, Jordi Mayor, qui destaca l&#8217;aposta per la \u201csimplificaci\u00f3 i eliminaci\u00f3 de la burocr\u00e0cia que caracteritza l&#8217;acci\u00f3 del president Gaspar i d&#8217;este equip de govern\u201d.<\/p>\n\n\n\n<p>Mayor assenyala que es mant\u00e9 l&#8217;ess\u00e8ncia d&#8217;este programa destinat a contribuir a la continu\u00eftat de les bandes i ajudar a les societats en la formaci\u00f3 de professionals i amateurs de la m\u00fasica, aix\u00ed com les diferents l\u00ednies d&#8217;ajuda per a material i esdeveniments. \u201cL&#8217;\u00fanica cosa que canvia \u00e9s que el 1.300.000 euros per a bandes, escoles, partitures i concerts, els 490.000 euros per a instruments i els 80.000 euros per a pissarres digitals ixen en una \u00fanica convocat\u00f2ria que agilita tot el procediment amb l&#8217;objectiu que les ajudes arriben abans als seus destinataris\u201d.<\/p>\n\n\n\n<p><strong>Dest\u00ed de les ajudes<\/strong><\/p>\n\n\n\n<p>Les sol\u00b7licituds que poden presentar les bandes de m\u00fasica federades de la prov\u00edncia a partir d&#8217;este mateix dijous, amb la col\u00b7laboraci\u00f3 de la Federaci\u00f3 de Societats Musicals de la Comunitat en el paper d&#8217;interlocutor v\u00e0lid d&#8217;una activitat que vertebra el territori valenci\u00e0, inclouen des de la celebraci\u00f3 de concerts fins a la compra de material per a les escoles de m\u00fasica.<\/p>\n\n\n\n<p>En el cas dels concerts que fomenten la consolidaci\u00f3 de les societats musicals, el requisit \u00e9s que almenys una de les obres interpretades siga de compositors valencians. Tamb\u00e9 se subvencionaran concerts fora de la prov\u00edncia, en este cas els de les bandes guanyadores en cada categoria del Certamen Provincial de la Diputaci\u00f3 de 2019, al no haver-se pogut celebrar al llarg del passat any a causa de la pand\u00e8mia.<\/p>\n\n\n\n<p>Una altra l\u00ednia d&#8217;ajudes \u00e9s la destinada a millores a les escoles de m\u00fasica i d&#8217;educands, aix\u00ed com a l&#8217;adquisici\u00f3 d&#8217;instruments musicals o accessoris d&#8217;instruments. A m\u00e9s, les bandes de m\u00fasica participants en el Certamen de la Diputaci\u00f3 d&#8217;enguany tamb\u00e9 podran sol\u00b7licitar la corresponent subvenci\u00f3 per a la compra de partitures.<\/p>\n\n\n\n<p>Finalment, es mant\u00e9 una partida de 80.000 euros per a l&#8217;adquisici\u00f3 de pissarres t\u00e0ctils interactives destinades a la doc\u00e8ncia a les escoles de m\u00fasica, que complementa els 350.000 euros invertits per la Diputaci\u00f3 l&#8217;any passat en pissarres digitals orientades a l&#8217;ensenyament i que podran sol\u00b7licitar les bandes que no van obtindre esta ajuda. L\u2019eina contribu\u00efx a la modernitzaci\u00f3 de les escoles i constitu\u00efx, segons la Federaci\u00f3, \u201cun pas molt important per a atraure als xiquets a la m\u00fasica, ja que amb la tecnologia parlem el seu mateix llenguatge\u201d.<\/p>\n","protected":false},"excerpt":{"rendered":"<div class=\"mh-excerpt\">La delegaci\u00f3 de Bandes de M\u00fasica que dirigix Jordi Mayor destina 1.884.500 euros a les ajudes per a escoles de m\u00fasica i educands, concerts i adquisici\u00f3 de partitures, instruments i pissarres t\u00e0ctils El Butllet\u00ed Oficial <a class=\"mh-excerpt-more\" href=\"https:\/\/www.tucomarca.com\/wordpress\/segunda\/ca\/la-diputacio-convoca-les-ajudes-per-a-les-bandes-de-musica-amb-prop-de-dos-milions-deuros-de-pressupost\/\" title=\"La Diputaci\u00f3 convoca les ajudes per a les bandes de m\u00fasica amb prop de dos milions d&#8217;euros de pressupost\">[+] <\/a><\/div>\n","protected":false},"author":1,"featured_media":130827,"comment_status":"open","ping_status":"open","sticky":false,"template":"","format":"standard","meta":{"footnotes":""},"categories":[11005,10898,10894,10904,11007,10896],"tags":[11213,14181,14367],"class_list":{"0":"post-130829","1":"post","2":"type-post","3":"status-publish","4":"format-standard","5":"has-post-thumbnail","7":"category-canal-musica","8":"category-ventana-ca","9":"category-la-comarca-ca","10":"category-sin-categorizar-ca","11":"category-ocio-y-cultura-ca","12":"category-seccion-ca","13":"tag-bandas-de-musica-ca","14":"tag-diputacio-de-valencia-2-ca","15":"tag-jordi-mayor-ca"},"_links":{"self":[{"href":"https:\/\/www.tucomarca.com\/wordpress\/segunda\/ca\/wp-json\/wp\/v2\/posts\/130829","targetHints":{"allow":["GET"]}}],"collection":[{"href":"https:\/\/www.tucomarca.com\/wordpress\/segunda\/ca\/wp-json\/wp\/v2\/posts"}],"about":[{"href":"https:\/\/www.tucomarca.com\/wordpress\/segunda\/ca\/wp-json\/wp\/v2\/types\/post"}],"author":[{"embeddable":true,"href":"https:\/\/www.tucomarca.com\/wordpress\/segunda\/ca\/wp-json\/wp\/v2\/users\/1"}],"replies":[{"embeddable":true,"href":"https:\/\/www.tucomarca.com\/wordpress\/segunda\/ca\/wp-json\/wp\/v2\/comments?post=130829"}],"version-history":[{"count":0,"href":"https:\/\/www.tucomarca.com\/wordpress\/segunda\/ca\/wp-json\/wp\/v2\/posts\/130829\/revisions"}],"wp:featuredmedia":[{"embeddable":true,"href":"https:\/\/www.tucomarca.com\/wordpress\/segunda\/ca\/wp-json\/wp\/v2\/media\/130827"}],"wp:attachment":[{"href":"https:\/\/www.tucomarca.com\/wordpress\/segunda\/ca\/wp-json\/wp\/v2\/media?parent=130829"}],"wp:term":[{"taxonomy":"category","embeddable":true,"href":"https:\/\/www.tucomarca.com\/wordpress\/segunda\/ca\/wp-json\/wp\/v2\/categories?post=130829"},{"taxonomy":"post_tag","embeddable":true,"href":"https:\/\/www.tucomarca.com\/wordpress\/segunda\/ca\/wp-json\/wp\/v2\/tags?post=130829"}],"curies":[{"name":"wp","href":"https:\/\/api.w.org\/{rel}","templated":true}]}}