{"id":131154,"date":"2021-04-19T21:00:00","date_gmt":"2021-04-19T20:00:00","guid":{"rendered":"http:\/\/www.tucomarca.com\/wordpress\/segunda\/?p=131154"},"modified":"2021-04-20T09:54:19","modified_gmt":"2021-04-20T08:54:19","slug":"graffitea-xest-rep-el-premi-al-bon-govern-municipal-2020-de-la-federacio-valenciana-de-municipis-i-provincies","status":"publish","type":"post","link":"https:\/\/www.tucomarca.com\/wordpress\/segunda\/ca\/graffitea-xest-rep-el-premi-al-bon-govern-municipal-2020-de-la-federacio-valenciana-de-municipis-i-provincies\/","title":{"rendered":"Graffitea Xest rep el Premi al Bon Govern Municipal 2020 de la Federaci\u00f3 Valenciana de Municipis i Prov\u00edncies"},"content":{"rendered":"\n<h4 class=\"wp-block-heading\">El festival d&#8217;art urb\u00e0 ha sigut guardonat com a millor iniciativa cultural<\/h4>\n\n\n\n<p>La Federaci\u00f3 Valenciana de Municipis i Prov\u00edncies (FVMP) ha fallat recentment els seus Premis al Bon Govern Municipal 2020 premiant al\u00a0<br>projecte del Festival de Street Art Graffitea Xest, presentat per la regidoria de Cultura.\u00a0<\/p>\n\n\n\n<figure class=\"wp-block-image size-large\"><img loading=\"lazy\" decoding=\"async\" width=\"787\" height=\"525\" src=\"http:\/\/www.tucomarca.com\/wordpress\/segunda\/wp-content\/uploads\/2021\/04\/ChestePremioGraffitea2.jpg\" alt=\"\" class=\"wp-image-131151\" srcset=\"https:\/\/www.tucomarca.com\/wordpress\/segunda\/wp-content\/uploads\/2021\/04\/ChestePremioGraffitea2.jpg 787w, https:\/\/www.tucomarca.com\/wordpress\/segunda\/wp-content\/uploads\/2021\/04\/ChestePremioGraffitea2-300x200.jpg 300w, https:\/\/www.tucomarca.com\/wordpress\/segunda\/wp-content\/uploads\/2021\/04\/ChestePremioGraffitea2-768x512.jpg 768w\" sizes=\"auto, (max-width: 787px) 100vw, 787px\" \/><\/figure>\n\n\n\n<p>Els Premis FVMP al Bon Govern reconeixen les bones pr\u00e0ctiques municipals i tenen com a objectiu prioritari promoure la qualitat de les pol\u00edtiques p\u00fabliques a nivell local per a aconseguir governs locals responsables, oberts i efica\u00e7os, adequats a les necessitats socials.&nbsp;<\/p>\n\n\n\n<p>\u201cEstic molt orgullosa d&#8217;aquest reconeixement, ja que s&#8217;ha valorat la transformaci\u00f3 que ha experimentat Xest amb la posada en marxa de Graffitea; la poblaci\u00f3 s&#8217;ha convertit en un museu a l&#8217;aire lliure del que tothom pot gaudir, s&#8217;han revaloritzat espais comuns degradats omplint-los d&#8217;art i s&#8217;ha afermat Cheste com a destinaci\u00f3 tur\u00edstica cultural. Amb l&#8217;art urb\u00e0 hem aconseguit implicar la poblaci\u00f3, que ha fet seu el festival, i en aquesta \u00faltima edici\u00f3 hem demostrat, una vegada m\u00e9s, que la Cultura \u00e9s segura i que la salut i el plaer que ens proporciona \u00e9s especialment important en temps de pand\u00e8mia\u201d, ha declarat la regidora de Cultura, M\u00aa \u00c1ngeles Llorente.<\/p>\n\n\n\n<p>Amb l&#8217;edici\u00f3 2020 del Festival, l&#8217;itinerari mural\u00edstico d&#8217;Art Urb\u00e0 de Xest s&#8217;ha incrementat amb onze obres de reconeguts artistes, arribant als prop de 80 murals distribu\u00efts per fa\u00e7anes d&#8217;espais p\u00fablics i privats. A m\u00e9s, es va posar en marxa Feminist-Art 2, un espai creatiu obert per a posar en relleu la problem\u00e0tica dels drets de les dones. Tamb\u00e9 va haver-hi espai per a una sessi\u00f3 de cinef\u00f3rum que va comptar amb un col\u00b7loqui en el qual van participar els i les muralistes, una taula redona sobre el futur de l&#8217;art urb\u00e0 i rutes guiades. Graffitea Cheste suma ja cinc edicions a la seua esquena en les quals s&#8217;ha consolidat en el panorama cultural nacional i internacional, augmentant tamb\u00e9 la seua pres\u00e8ncia en els mitjans de comunicaci\u00f3. A m\u00e9s, gr\u00e0cies al festival, en 2018 Xest va passar a formar part de la Xarxa de Centres d&#8217;Art Contemporani d&#8217;Entorn Rural que promou l&#8217;Ag\u00e8ncia Valenciana de Turisme de la Generalitat.<\/p>\n","protected":false},"excerpt":{"rendered":"<div class=\"mh-excerpt\">El festival d&#8217;art urb\u00e0 ha sigut guardonat com a millor iniciativa cultural La Federaci\u00f3 Valenciana de Municipis i Prov\u00edncies (FVMP) ha fallat recentment els seus Premis al Bon Govern Municipal 2020 premiant al\u00a0projecte del Festival <a class=\"mh-excerpt-more\" href=\"https:\/\/www.tucomarca.com\/wordpress\/segunda\/ca\/graffitea-xest-rep-el-premi-al-bon-govern-municipal-2020-de-la-federacio-valenciana-de-municipis-i-provincies\/\" title=\"Graffitea Xest rep el Premi al Bon Govern Municipal 2020 de la Federaci\u00f3 Valenciana de Municipis i Prov\u00edncies\">[+] <\/a><\/div>\n","protected":false},"author":12,"featured_media":131150,"comment_status":"open","ping_status":"open","sticky":false,"template":"","format":"standard","meta":{"footnotes":""},"categories":[10948,10894,10912,11007,10947,10896,10974],"tags":[11071,12242,14393,11567,14394],"class_list":{"0":"post-131154","1":"post","2":"type-post","3":"status-publish","4":"format-standard","5":"has-post-thumbnail","7":"category-infraestructuras-ca","8":"category-la-comarca-ca","9":"category-la-hoya-ca","10":"category-ocio-y-cultura-ca","11":"category-politica","12":"category-seccion-ca","13":"category-cheste-ca","14":"tag-cheste","15":"tag-federacion-valenciana-de-municipios-y-provincias-ca","16":"tag-fvmp-ca","17":"tag-graffitea-ca","18":"tag-premios-al-buen-gobierno-municipal-2020-ca"},"_links":{"self":[{"href":"https:\/\/www.tucomarca.com\/wordpress\/segunda\/ca\/wp-json\/wp\/v2\/posts\/131154","targetHints":{"allow":["GET"]}}],"collection":[{"href":"https:\/\/www.tucomarca.com\/wordpress\/segunda\/ca\/wp-json\/wp\/v2\/posts"}],"about":[{"href":"https:\/\/www.tucomarca.com\/wordpress\/segunda\/ca\/wp-json\/wp\/v2\/types\/post"}],"author":[{"embeddable":true,"href":"https:\/\/www.tucomarca.com\/wordpress\/segunda\/ca\/wp-json\/wp\/v2\/users\/12"}],"replies":[{"embeddable":true,"href":"https:\/\/www.tucomarca.com\/wordpress\/segunda\/ca\/wp-json\/wp\/v2\/comments?post=131154"}],"version-history":[{"count":0,"href":"https:\/\/www.tucomarca.com\/wordpress\/segunda\/ca\/wp-json\/wp\/v2\/posts\/131154\/revisions"}],"wp:featuredmedia":[{"embeddable":true,"href":"https:\/\/www.tucomarca.com\/wordpress\/segunda\/ca\/wp-json\/wp\/v2\/media\/131150"}],"wp:attachment":[{"href":"https:\/\/www.tucomarca.com\/wordpress\/segunda\/ca\/wp-json\/wp\/v2\/media?parent=131154"}],"wp:term":[{"taxonomy":"category","embeddable":true,"href":"https:\/\/www.tucomarca.com\/wordpress\/segunda\/ca\/wp-json\/wp\/v2\/categories?post=131154"},{"taxonomy":"post_tag","embeddable":true,"href":"https:\/\/www.tucomarca.com\/wordpress\/segunda\/ca\/wp-json\/wp\/v2\/tags?post=131154"}],"curies":[{"name":"wp","href":"https:\/\/api.w.org\/{rel}","templated":true}]}}