{"id":131193,"date":"2021-04-20T10:00:00","date_gmt":"2021-04-20T09:00:00","guid":{"rendered":"http:\/\/www.tucomarca.com\/wordpress\/segunda\/?p=131193"},"modified":"2021-04-20T11:38:57","modified_gmt":"2021-04-20T10:38:57","slug":"lajuntament-de-sant-antoni-de-benaixeve-obrira-una-segona-fase-dajudes-parentesi","status":"publish","type":"post","link":"https:\/\/www.tucomarca.com\/wordpress\/segunda\/ca\/lajuntament-de-sant-antoni-de-benaixeve-obrira-una-segona-fase-dajudes-parentesi\/","title":{"rendered":"L&#8217;Ajuntament de Sant Antoni de Benaixeve obrir\u00e0 una segona fase d&#8217;ajudes Par\u00e8ntesi"},"content":{"rendered":"\n<h4 class=\"wp-block-heading\"><strong><strong>La nova convocat\u00f2ria inclour\u00e0 m\u00e9s codis d&#8217;activitat per a incorporar a nous sectors beneficiaris<\/strong><\/strong><\/h4>\n\n\n\n<p>El passat 14 d&#8217;abril finalitzava el termini de presentaci\u00f3 de sol\u00b7licituds per a la primera fase de les ajudes Par\u00e8ntesi a Sant Antoni de Benaixeve. Estes ajudes s&#8217;emmarquen en el \u201cPla Resistir\u201d de la Generalitat Valenciana, concebut per contrarestar els efectes negatius de la pand\u00e8mia en l&#8217;activitat econ\u00f2mica.<\/p>\n\n\n\n<p>En aquesta primera fase, la regidoria de Comer\u00e7 i Impuls local de l&#8217;Ajuntament ha rebut un total de 36 sol\u00b7licituds per part d&#8217;aut\u00f2noms i xicotetes empreses del municipi.<\/p>\n\n\n\n<p>En les pr\u00f2ximes setmanes se sotmetr\u00e0 a l&#8217;aprovaci\u00f3 del ple les bases reguladores de la segona fase d&#8217;aquestes ajudes, en les quals s&#8217;ampliaran els codis d&#8217;activitat dels beneficiaris, a fi d&#8217;incorporar m\u00e9s sectors que no estaven inclosos en la primera convocat\u00f2ria.<\/p>\n\n\n\n<p>En paraules del regidor de l&#8217;\u00e0rea, Daniel Nieto, \u201cesperem poder ampliar el ventall de beneficiaris d&#8217;aquestes ajudes en la mesura en qu\u00e8 ens ho permeta la normativa legal vigent\u201d.<\/p>\n","protected":false},"excerpt":{"rendered":"<div class=\"mh-excerpt\">La nova convocat\u00f2ria inclour\u00e0 m\u00e9s codis d&#8217;activitat per a incorporar a nous sectors beneficiaris El passat 14 d&#8217;abril finalitzava el termini de presentaci\u00f3 de sol\u00b7licituds per a la primera fase de les ajudes Par\u00e8ntesi a <a class=\"mh-excerpt-more\" href=\"https:\/\/www.tucomarca.com\/wordpress\/segunda\/ca\/lajuntament-de-sant-antoni-de-benaixeve-obrira-una-segona-fase-dajudes-parentesi\/\" title=\"L&#8217;Ajuntament de Sant Antoni de Benaixeve obrir\u00e0 una segona fase d&#8217;ajudes Par\u00e8ntesi\">[+] <\/a><\/div>\n","protected":false},"author":12,"featured_media":130006,"comment_status":"open","ping_status":"open","sticky":false,"template":"","format":"standard","meta":{"footnotes":""},"categories":[10892,10948,10894,10947,10934,10896],"tags":[13818,10899,11147,14399],"class_list":{"0":"post-131193","1":"post","2":"type-post","3":"status-publish","4":"format-standard","5":"has-post-thumbnail","7":"category-camp-de-turia-ca","8":"category-infraestructuras-ca","9":"category-la-comarca-ca","10":"category-politica","11":"category-san-antonio-de-benageber-ca","12":"category-seccion-ca","13":"tag-ayudas-parentesis-ca","14":"tag-camp-de-turia-ca","15":"tag-san-antoni-de-benageber","16":"tag-segunda-fase-ca"},"_links":{"self":[{"href":"https:\/\/www.tucomarca.com\/wordpress\/segunda\/ca\/wp-json\/wp\/v2\/posts\/131193","targetHints":{"allow":["GET"]}}],"collection":[{"href":"https:\/\/www.tucomarca.com\/wordpress\/segunda\/ca\/wp-json\/wp\/v2\/posts"}],"about":[{"href":"https:\/\/www.tucomarca.com\/wordpress\/segunda\/ca\/wp-json\/wp\/v2\/types\/post"}],"author":[{"embeddable":true,"href":"https:\/\/www.tucomarca.com\/wordpress\/segunda\/ca\/wp-json\/wp\/v2\/users\/12"}],"replies":[{"embeddable":true,"href":"https:\/\/www.tucomarca.com\/wordpress\/segunda\/ca\/wp-json\/wp\/v2\/comments?post=131193"}],"version-history":[{"count":0,"href":"https:\/\/www.tucomarca.com\/wordpress\/segunda\/ca\/wp-json\/wp\/v2\/posts\/131193\/revisions"}],"wp:featuredmedia":[{"embeddable":true,"href":"https:\/\/www.tucomarca.com\/wordpress\/segunda\/ca\/wp-json\/wp\/v2\/media\/130006"}],"wp:attachment":[{"href":"https:\/\/www.tucomarca.com\/wordpress\/segunda\/ca\/wp-json\/wp\/v2\/media?parent=131193"}],"wp:term":[{"taxonomy":"category","embeddable":true,"href":"https:\/\/www.tucomarca.com\/wordpress\/segunda\/ca\/wp-json\/wp\/v2\/categories?post=131193"},{"taxonomy":"post_tag","embeddable":true,"href":"https:\/\/www.tucomarca.com\/wordpress\/segunda\/ca\/wp-json\/wp\/v2\/tags?post=131193"}],"curies":[{"name":"wp","href":"https:\/\/api.w.org\/{rel}","templated":true}]}}