{"id":131323,"date":"2021-04-21T09:01:00","date_gmt":"2021-04-21T08:01:00","guid":{"rendered":"http:\/\/www.tucomarca.com\/wordpress\/segunda\/?p=131323"},"modified":"2021-04-21T10:41:07","modified_gmt":"2021-04-21T09:41:07","slug":"amac-anuncia-un-canvi-en-les-seues-relacions-amb-el-govern-davant-labsencia-de-politiques-de-consens","status":"publish","type":"post","link":"https:\/\/www.tucomarca.com\/wordpress\/segunda\/ca\/amac-anuncia-un-canvi-en-les-seues-relacions-amb-el-govern-davant-labsencia-de-politiques-de-consens\/","title":{"rendered":"AMAC anuncia un canvi en les seues relacions amb el Govern &#8220;davant l&#8217;abs\u00e8ncia de pol\u00edtiques de consens&#8221;"},"content":{"rendered":"\n<h4 class=\"wp-block-heading\"><strong>Comportar\u00e0 inevitablement la ruptura de qualsevol mena de col\u00b7laboraci\u00f3 futura amb els organismes competents en mat\u00e8ria nuclear<\/strong><\/h4>\n\n\n\n<h4 class=\"wp-block-heading\"><strong>Pr\u00f2ximament convocar\u00e0 una assemblea general extraordin\u00e0ria per a debatre i acordar les estrat\u00e8gies futures de l&#8217;associaci\u00f3 i les relacions que ha de mantindre amb el Govern central i la resta d&#8217;administracions davant la situaci\u00f3 actual<\/strong><\/h4>\n\n\n\n<p>L&#8217;Associaci\u00f3 Espanyola de Municipis en \u00c0rees de Centrals Nuclears i emmagatzematges de residus radioactius (AMAC) anuncia un canvi de relacions amb el Govern central davant l&#8217;abs\u00e8ncia de pol\u00edtiques de consens que comportaria inevitablement la ruptura de qualsevol mena de col\u00b7laboraci\u00f3 futura en mat\u00e8ria nuclear.<\/p>\n\n\n\n<p>La Comisi\u00f3n Directiva de AMAC se reuni\u00f3 en la tarde de ayer de urgencia para analizar la situaci\u00f3n derivada de las \u00faltimas decisiones del Gobierno central sobre la gesti\u00f3n de las instalaciones nucleares, ya sean centrales nucleares o almacenamientos de residuos, que afectan especialmente a los municipios del entorno y al futuro de sus habitantes.<\/p>\n\n\n\n<p>En esta reuni\u00f3n se abord\u00f3 la decisi\u00f3n del Gobierno, con la aprobaci\u00f3n de una enmienda a la Ley sobre Energ\u00eda Nuclear incluida en la Ley de Cambio Clim\u00e1tico y Transici\u00f3n Energ\u00e9tica, de apartar a los municipios de los procesos de decisi\u00f3n sobre la construcci\u00f3n de almacenamientos de residuos radiactivos, as\u00ed como de la ampliaci\u00f3n o transformaci\u00f3n de los almacenamientos existentes.<\/p>\n\n\n\n<p>Asimismo, desde AMAC lamentan que el Gobierno ha decidido \u201cinjustificadamente el cierre de las centrales nucleares en Espa\u00f1a sin ofrecer ninguna alternativa de desarrollo econ\u00f3mico a los municipios de las \u00e1reas de afectaci\u00f3n, que ha convivido durante 40 a\u00f1os con estas instalaciones en inter\u00e9s de todo el pa\u00eds y no para cubrir sus necesidades locales\u201d.<\/p>\n\n\n\n<p>Adem\u00e1s, a\u00f1aden, la decisi\u00f3n del cierre de los reactores ha significado una p\u00e9rdida de inter\u00e9s por todo lo que se necesita para asegurar una convivencia segura con estas instalaciones, lo que significa la paralizaci\u00f3n de las actividades relacionadas con los planes de emergencia, la congelaci\u00f3n de los fondos para su mantenimiento y la negativa a su profesionalizaci\u00f3n en las zonas nucleares.<\/p>\n\n\n\n<p>\u201cTodo ello demuestra una total falta de voluntad de colaboraci\u00f3n por parte del Estado con los municipios de las \u00e1reas nucleares y, adem\u00e1s, en lo que se refiere a la gesti\u00f3n de los residuos, atenta al principio de autonom\u00eda local, lo cual afecta a todos los municipios de Espa\u00f1a que a partir de ahora no tendr\u00e1n ninguna competencia sobre la instalaci\u00f3n en sus t\u00e9rminos municipales de un ATC (almac\u00e9n temporal centralizado), ATI (almac\u00e9n temporal individualizado) o similar, al mismo tiempo que aparta tambi\u00e9n a las comunidades aut\u00f3nomas de este tipo de decisiones\u201d, afirman desde AMAC.<\/p>\n\n\n\n<p><strong>Pol\u00edticas contrarias a la normativa europea<\/strong><\/p>\n\n\n\n<p>Con esta decisi\u00f3n, recuerdan desde AMAC, el Gobierno central impulsa pol\u00edticas contrarias a lo dispuesto en la normativa europea de gesti\u00f3n de residuos radiactivos, especialmente en lo que dispone la Directiva 2011\/70\/Euratom del Consejo, de 19 de julio de 2011, por la que se establece un marco comunitario para la gesti\u00f3n responsable y segura del combustible nuclear gastado y de los residuos radiactivos. \u201cUnas pol\u00edticas totalmente contrarias a las pr\u00e1cticas de participaci\u00f3n, de concertaci\u00f3n y de consenso con las que se han llevado a cabo desde hace a\u00f1os y est\u00e1n llevando a cabo todos los pa\u00edses de la Uni\u00f3n Europea\u201d, destacan desde AMAC.&nbsp;<\/p>\n\n\n\n<p>La Comisi\u00f3n Directiva de AMAC ha debatido en profundidad toda esta realidad y ha concluido que la actitud colaborativa de la Asociaci\u00f3n con el Gobierno no ha dado los resultados esperados, \u201cya que lejos de recibir el trato que merece quien colabora en la b\u00fasqueda de soluciones, asumiendo las consecuencias que ello significa, lo que hemos recibido es la desatenci\u00f3n y la indiferencia por parte de los organismos estatales\u201d.<\/p>\n\n\n\n<p>En este sentido, desde AMAC insisten en que la ausencia de pol\u00edticas de consenso por parte del Gobierno central supondr\u00eda irremediablemente el final de su relaci\u00f3n de colaboraci\u00f3n, que conllevar\u00e1 la no participaci\u00f3n en los Comit\u00e9s de Informaci\u00f3n convocados por el Ministerio para la Transici\u00f3n Ecol\u00f3gica, oponi\u00e9ndose a la construcci\u00f3n, ampliaci\u00f3n o transformaci\u00f3n de almacenamientos de residuos radiactivos y enfrent\u00e1ndose a la decisi\u00f3n de clausura&nbsp; de las centrales nucleares mientras no exista una alternativa econ\u00f3mica real a la desaparici\u00f3n de los puestos de trabajo que significa esta clausura.<\/p>\n\n\n\n<p>Asimismo, desde AMAC se valorar\u00e1 solicitar amparo al Grupo de Municipios Europeos con Instalaciones Nucleares (GMF), con el fin de llevar ante la Comisi\u00f3n Europea y al Parlamento Europeo la decisi\u00f3n del Gobierno de excluir a los municipios de los procesos de toma de decisiones en la gesti\u00f3n de residuos radiactivos.<\/p>\n\n\n\n<p><strong>Abiertos a una soluci\u00f3n de consenso<\/strong><\/p>\n\n\n\n<p>No obstante, la Comisi\u00f3n Directiva de AMAC cree que a\u00fan existe la posibilidad de establecer soluciones de consenso que garanticen la operatividad de los Planes de Emergencia Nuclear (PEN), que impulsen pol\u00edticas de desarrollo econ\u00f3mico alternativo a la producci\u00f3n de energ\u00eda y que aseguren a los municipios una pol\u00edtica de gesti\u00f3n de residuos que no se apoye en el perjuicio a los mismos y que garantice el derecho a participar en las decisiones que afecten directamente a su t\u00e9rmino municipal y a sus habitantes.<\/p>\n\n\n\n<p>Por \u00faltimo, desde la Comisi\u00f3n Directiva de AMAC se entiende que esta situaci\u00f3n, que no se hab\u00eda dado nunca desde su creaci\u00f3n en 1988, requiere de un posicionamiento de todos los asociados, por lo que ha acordado convocar una asamblea general extraordinaria para debatir y acordar las estrategias futuras de la asociaci\u00f3n y las relaciones que debe mantener con el Gobierno.<\/p>\n","protected":false},"excerpt":{"rendered":"<div class=\"mh-excerpt\">Comportar\u00e0 inevitablement la ruptura de qualsevol mena de col\u00b7laboraci\u00f3 futura amb els organismes competents en mat\u00e8ria nuclear Pr\u00f2ximament convocar\u00e0 una assemblea general extraordin\u00e0ria per a debatre i acordar les estrat\u00e8gies futures de l&#8217;associaci\u00f3 i les <a class=\"mh-excerpt-more\" href=\"https:\/\/www.tucomarca.com\/wordpress\/segunda\/ca\/amac-anuncia-un-canvi-en-les-seues-relacions-amb-el-govern-davant-labsencia-de-politiques-de-consens\/\" title=\"AMAC anuncia un canvi en les seues relacions amb el Govern &#8220;davant l&#8217;abs\u00e8ncia de pol\u00edtiques de consens&#8221;\">[+] <\/a><\/div>\n","protected":false},"author":1,"featured_media":131321,"comment_status":"open","ping_status":"open","sticky":false,"template":"","format":"standard","meta":{"footnotes":""},"categories":[10954,10951,10955,10953,10898,10948,10956,10957,10894,10904,10903,10947,10896,10897,10958,10959],"tags":[13958,11216,11379],"class_list":{"0":"post-131323","1":"post","2":"type-post","3":"status-publish","4":"format-standard","5":"has-post-thumbnail","7":"category-ayora-ca","8":"category-ayora-cofrentes-ca","9":"category-cofrentes-ca","10":"category-cortes-de-pallas-ca","11":"category-ventana-ca","12":"category-infraestructuras-ca","13":"category-jalance-ca","14":"category-jarafuel-ca","15":"category-la-comarca-ca","16":"category-sin-categorizar-ca","17":"category-medio-ambiente-la-comarca-ca","18":"category-politica","19":"category-seccion-ca","20":"category-sucesos-la-comarca-ca","21":"category-teresa-de-cofrentes-ca","22":"category-zarra-ca","23":"tag-amac-ca","24":"tag-ayora-cofrentes-ca","25":"tag-nuclear-ca"},"_links":{"self":[{"href":"https:\/\/www.tucomarca.com\/wordpress\/segunda\/ca\/wp-json\/wp\/v2\/posts\/131323","targetHints":{"allow":["GET"]}}],"collection":[{"href":"https:\/\/www.tucomarca.com\/wordpress\/segunda\/ca\/wp-json\/wp\/v2\/posts"}],"about":[{"href":"https:\/\/www.tucomarca.com\/wordpress\/segunda\/ca\/wp-json\/wp\/v2\/types\/post"}],"author":[{"embeddable":true,"href":"https:\/\/www.tucomarca.com\/wordpress\/segunda\/ca\/wp-json\/wp\/v2\/users\/1"}],"replies":[{"embeddable":true,"href":"https:\/\/www.tucomarca.com\/wordpress\/segunda\/ca\/wp-json\/wp\/v2\/comments?post=131323"}],"version-history":[{"count":0,"href":"https:\/\/www.tucomarca.com\/wordpress\/segunda\/ca\/wp-json\/wp\/v2\/posts\/131323\/revisions"}],"wp:featuredmedia":[{"embeddable":true,"href":"https:\/\/www.tucomarca.com\/wordpress\/segunda\/ca\/wp-json\/wp\/v2\/media\/131321"}],"wp:attachment":[{"href":"https:\/\/www.tucomarca.com\/wordpress\/segunda\/ca\/wp-json\/wp\/v2\/media?parent=131323"}],"wp:term":[{"taxonomy":"category","embeddable":true,"href":"https:\/\/www.tucomarca.com\/wordpress\/segunda\/ca\/wp-json\/wp\/v2\/categories?post=131323"},{"taxonomy":"post_tag","embeddable":true,"href":"https:\/\/www.tucomarca.com\/wordpress\/segunda\/ca\/wp-json\/wp\/v2\/tags?post=131323"}],"curies":[{"name":"wp","href":"https:\/\/api.w.org\/{rel}","templated":true}]}}