{"id":131329,"date":"2021-04-21T09:10:00","date_gmt":"2021-04-21T08:10:00","guid":{"rendered":"http:\/\/www.tucomarca.com\/wordpress\/segunda\/?p=131329"},"modified":"2021-04-22T02:21:24","modified_gmt":"2021-04-22T01:21:24","slug":"els-municipis-de-la-mancomunitat-de-linterior-terra-del-vi-i-la-diputacio-posen-en-marxa-els-plans-locals-de-gestio-de-residus","status":"publish","type":"post","link":"https:\/\/www.tucomarca.com\/wordpress\/segunda\/ca\/els-municipis-de-la-mancomunitat-de-linterior-terra-del-vi-i-la-diputacio-posen-en-marxa-els-plans-locals-de-gestio-de-residus\/","title":{"rendered":"Els municipis de la Mancomunitat de l&#8217;Interior Terra del Vi i la Diputaci\u00f3 posen en marxa els Plans Locals de Gesti\u00f3 de Residus"},"content":{"rendered":"\n<h4 class=\"wp-block-heading\">La Diputaci\u00f3 de Val\u00e8ncia subvenciona els Plans Locals de Gesti\u00f3 de Residus de Camporrobles, Caudete de las Fuentes, Fuenterrobles, Sinarcas, Utiel, Venta del Moro i Villargordo del Cabriel, a trav\u00e9s del programa REACCIONA<\/h4>\n\n\n\n<p>Amb l&#8217;objectiu de complir el Decret 55\/2019 del Consell, pel qual s&#8217;aprova la revisi\u00f3 del Pla Integral de Residus de la Comunitat Valenciana (PIR CV), els municipis de Camporrobles, Caudete de las Fuentes, Fuenterrobles, Sinarcas, Utiel, Venta del Moro i Villargordo del Cabriel es troben treballant actualment en la redacci\u00f3 dels seus respectius Plans Locals de Gesti\u00f3 de Residus (PLGR). D&#8217;aquesta manera, s&#8217;establir\u00e0 un escenari com\u00fa quant a la gesti\u00f3 de residus en els municipis mancomunats, optimitzant recursos i serveis compartits.<br>La finalitat dels PLGR \u00e9s la de servir com a eina de diagn\u00f2stic i de participaci\u00f3 ciutadana per a canviar i millorar la gesti\u00f3 de residus i aconseguir els objectius fixats pel Pla Integral de Residus Auton\u00f2mic.<br>La redacci\u00f3 d&#8217;aquests plans es troba subvencionada dins de la l\u00ednia de mitigaci\u00f3 de l&#8217;estrat\u00e8gia REACCIONA de l&#8217;\u00e0rea de Medi Ambient de la Diputaci\u00f3 de Val\u00e8ncia.<\/p>\n","protected":false},"excerpt":{"rendered":"<div class=\"mh-excerpt\">La Diputaci\u00f3 de Val\u00e8ncia subvenciona els Plans Locals de Gesti\u00f3 de Residus de Camporrobles, Caudete de las Fuentes, Fuenterrobles, Sinarcas, Utiel, Venta del Moro i Villargordo del Cabriel, a trav\u00e9s del programa REACCIONA Amb l&#8217;objectiu <a class=\"mh-excerpt-more\" href=\"https:\/\/www.tucomarca.com\/wordpress\/segunda\/ca\/els-municipis-de-la-mancomunitat-de-linterior-terra-del-vi-i-la-diputacio-posen-en-marxa-els-plans-locals-de-gestio-de-residus\/\" title=\"Els municipis de la Mancomunitat de l&#8217;Interior Terra del Vi i la Diputaci\u00f3 posen en marxa els Plans Locals de Gesti\u00f3 de Residus\">[+] <\/a><\/div>\n","protected":false},"author":12,"featured_media":131328,"comment_status":"open","ping_status":"open","sticky":false,"template":"","format":"standard","meta":{"footnotes":""},"categories":[11030,11031,11032,11054,11055,10948,10894,11056,10903,10947,10908,10909,11057,10896,11058,11059,11060,11061],"tags":[11246,12387,14407,11459],"class_list":{"0":"post-131329","1":"post","2":"type-post","3":"status-publish","4":"format-standard","5":"has-post-thumbnail","7":"category-campo-arcis-ca","8":"category-camporrobles-ca","9":"category-caudete-ca","10":"category-chera-ca","11":"category-fuenterrobles-ca","12":"category-infraestructuras-ca","13":"category-la-comarca-ca","14":"category-las-cuevas-ca","15":"category-medio-ambiente-la-comarca-ca","16":"category-politica","17":"category-requena-ca","18":"category-requena-utiel-ca","19":"category-san-antonio-ca","20":"category-seccion-ca","21":"category-sinarcas-ca","22":"category-utiel-ca","23":"category-venta-del-moro-ca","24":"category-villargordo-del-cabriel-ca","25":"tag-diputacio-de-valencia-ca","26":"tag-mancomunidad-del-interior-tierra-del-vino-ca","27":"tag-plan-local-de-gestion-de-residuos-plgr-ca","28":"tag-utiel-requena-ca"},"_links":{"self":[{"href":"https:\/\/www.tucomarca.com\/wordpress\/segunda\/ca\/wp-json\/wp\/v2\/posts\/131329","targetHints":{"allow":["GET"]}}],"collection":[{"href":"https:\/\/www.tucomarca.com\/wordpress\/segunda\/ca\/wp-json\/wp\/v2\/posts"}],"about":[{"href":"https:\/\/www.tucomarca.com\/wordpress\/segunda\/ca\/wp-json\/wp\/v2\/types\/post"}],"author":[{"embeddable":true,"href":"https:\/\/www.tucomarca.com\/wordpress\/segunda\/ca\/wp-json\/wp\/v2\/users\/12"}],"replies":[{"embeddable":true,"href":"https:\/\/www.tucomarca.com\/wordpress\/segunda\/ca\/wp-json\/wp\/v2\/comments?post=131329"}],"version-history":[{"count":0,"href":"https:\/\/www.tucomarca.com\/wordpress\/segunda\/ca\/wp-json\/wp\/v2\/posts\/131329\/revisions"}],"wp:featuredmedia":[{"embeddable":true,"href":"https:\/\/www.tucomarca.com\/wordpress\/segunda\/ca\/wp-json\/wp\/v2\/media\/131328"}],"wp:attachment":[{"href":"https:\/\/www.tucomarca.com\/wordpress\/segunda\/ca\/wp-json\/wp\/v2\/media?parent=131329"}],"wp:term":[{"taxonomy":"category","embeddable":true,"href":"https:\/\/www.tucomarca.com\/wordpress\/segunda\/ca\/wp-json\/wp\/v2\/categories?post=131329"},{"taxonomy":"post_tag","embeddable":true,"href":"https:\/\/www.tucomarca.com\/wordpress\/segunda\/ca\/wp-json\/wp\/v2\/tags?post=131329"}],"curies":[{"name":"wp","href":"https:\/\/api.w.org\/{rel}","templated":true}]}}