{"id":131512,"date":"2021-04-21T08:09:00","date_gmt":"2021-04-21T07:09:00","guid":{"rendered":"http:\/\/www.tucomarca.com\/wordpress\/segunda\/?p=131512"},"modified":"2021-04-23T11:13:05","modified_gmt":"2021-04-23T10:13:05","slug":"la-diputacio-es-reunix-amb-140-societats-musicals-per-a-escoltar-les-seues-demandes-i-resoldre-dubtes","status":"publish","type":"post","link":"https:\/\/www.tucomarca.com\/wordpress\/segunda\/ca\/la-diputacio-es-reunix-amb-140-societats-musicals-per-a-escoltar-les-seues-demandes-i-resoldre-dubtes\/","title":{"rendered":"La Diputaci\u00f3 es reunix amb 140 societats musicals per a escoltar les seues demandes i resoldre dubtes"},"content":{"rendered":"\n<h4 class=\"wp-block-heading\"><strong>La delegaci\u00f3 que dirigix Jordi Mayor celebra una trobada per videoconfer\u00e8ncia amb responsables de les bandes, amb la participaci\u00f3 del president provincial de la Federaci\u00f3, Joan Bocanegra<\/strong><\/h4>\n\n\n\n<h4 class=\"wp-block-heading\"><strong><strong>El diputat de Bandes de M\u00fasica destaca la simplificaci\u00f3 dels tr\u00e0mits i la sol\u00b7licitud \u00fanica per a diferents l\u00ednies de subvenci\u00f3, amb l&#8217;objectiu que reben \u201cfins a l&#8217;\u00faltim c\u00e8ntim pressupostat\u201d<\/strong><\/strong><\/h4>\n\n\n\n<p>El diputat de Bandes de M\u00fasica, Jordi Mayor, va reunir en la vesprada del dimarts als responsables de 140 societats musicals de la prov\u00edncia, en una trobada celebrada per videoconfer\u00e8ncia des de la sala 9 d\u2019Octubre de la Diputaci\u00f3 de Val\u00e8ncia en la qual van participar el president provincial de la Federaci\u00f3 de Societats Musicals de la Comunitat, Joan Bocanegra, i el cap de servei de Cultura, Josep Vidal. L&#8217;objectiu de la reuni\u00f3 era escoltar les demandes dels diferents ens musicals i resoldre els dubtes relacionats amb la convocat\u00f2ria d&#8217;ajudes llan\u00e7ada per la corporaci\u00f3 provincial.<\/p>\n\n\n\n<p>En este sentit, el responsable de bandes de m\u00fasica va explicar que des de la delegaci\u00f3 que dirigix \u201chem volgut simplificar els tr\u00e0mits amb una \u00fanica sol\u00b7licitud per a les ajudes a les bandes i diversos apartats a subvencionar, per\u00f2 \u00e9s fonamental una tramitaci\u00f3 correcta perqu\u00e8 arribe a les societats musicals fins a l&#8217;\u00faltim c\u00e8ntim pressupostat\u201d. L&#8217;eliminaci\u00f3 de burocr\u00e0cia impulsada pel president Gaspar s&#8217;est\u00e9n a les diferents \u00e0rees de gesti\u00f3 provincial amb la finalitat d&#8217;agilitar el pagament de les ajudes.<\/p>\n\n\n\n<p>Per a aconseguir eixa major efic\u00e0cia en la tramitaci\u00f3 de les ajudes \u00e9s molt important la correcta presentaci\u00f3 de les sol\u00b7licituds, i \u00e9s per aix\u00f2 que la delegaci\u00f3 de Bandes de M\u00fasica va decidir convocar esta trobada en la qual van participar m\u00e9s d&#8217;un centenar de societats musicals i la pr\u00f2pia Federaci\u00f3. Els responsables provincials van resoldre els dubtes plantejats sobre la convocat\u00f2ria recentment publicada en el BOP, amb un pressupost de prop de dos milions d&#8217;euros que les bandes poden destinar a la millora d&#8217;escoles de m\u00fasica i educands, adquisici\u00f3 d&#8217;instruments i partitures, celebraci\u00f3 de concerts o compra de pissarres t\u00e0ctils interactives.<\/p>\n\n\n\n<p>Tamb\u00e9 va aprofitar Jordi Mayor per a escoltar les demandes i inquietuds dels nombrosos representants de les societats musicals connectats a la xarrada, amb la intenci\u00f3 de \u201cintroduir estes necessitats en futures convocat\u00f2ries\u201d. Mayor va insistir en la import\u00e0ncia de l&#8217;assessorament i la informaci\u00f3 permanent a les bandes, i en esta l\u00ednia va avan\u00e7ar que la Diputaci\u00f3 treballa amb la Federaci\u00f3 de Societats Musicals de la Comunitat en un projecte de col\u00b7laboraci\u00f3 que es concretar\u00e0 pr\u00f2ximament en benefici de les pr\u00f2pies entitats musicals.<\/p>\n\n\n\n<p>Respecte a la convocat\u00f2ria \u2018Excel\u00b7lent, M\u00fasica de Banda 2021\u2019, publicada en el BOP del 14 d&#8217;abril, fa just una setmana, el diputat assenyala que es mant\u00e9 l&#8217;ess\u00e8ncia del programa malgrat la simplificaci\u00f3 dels tr\u00e0mits. \u201cL&#8217;\u00fanica cosa que canvia \u00e9s que l&#8217;1.300.000 euros per a bandes, escoles, partitures i concerts, els 490.000 euros per a instruments i els 80.000 euros per a pissarres digitals ixen en una \u00fanica convocat\u00f2ria que agilita tot el procediment amb l&#8217;objectiu que les ajudes arriben abans als seus destinataris\u201d, conclou Mayor.<\/p>\n","protected":false},"excerpt":{"rendered":"<div class=\"mh-excerpt\">La delegaci\u00f3 que dirigix Jordi Mayor celebra una trobada per videoconfer\u00e8ncia amb responsables de les bandes, amb la participaci\u00f3 del president provincial de la Federaci\u00f3, Joan Bocanegra El diputat de Bandes de M\u00fasica destaca la <a class=\"mh-excerpt-more\" href=\"https:\/\/www.tucomarca.com\/wordpress\/segunda\/ca\/la-diputacio-es-reunix-amb-140-societats-musicals-per-a-escoltar-les-seues-demandes-i-resoldre-dubtes\/\" title=\"La Diputaci\u00f3 es reunix amb 140 societats musicals per a escoltar les seues demandes i resoldre dubtes\">[+] <\/a><\/div>\n","protected":false},"author":1,"featured_media":131507,"comment_status":"open","ping_status":"open","sticky":false,"template":"","format":"standard","meta":{"footnotes":""},"categories":[10890,10951,10892,11005,12202,11046,10898,10948,10963,10894,10904,10912,10902,11007,10947,10909,10896],"tags":[11939,11940,11246,11210,14367],"class_list":{"0":"post-131512","1":"post","2":"type-post","3":"status-publish","4":"format-standard","5":"has-post-thumbnail","7":"category-ademus","8":"category-ayora-cofrentes-ca","9":"category-camp-de-turia-ca","10":"category-canal-musica","11":"category-covid-19-ca","12":"category-los-serranos-ca","13":"category-ventana-ca","14":"category-infraestructuras-ca","15":"category-la-canal-de-navarres-ca","16":"category-la-comarca-ca","17":"category-sin-categorizar-ca","18":"category-la-hoya-ca","19":"category-la-ribera-ca","20":"category-ocio-y-cultura-ca","21":"category-politica","22":"category-requena-utiel-ca","23":"category-seccion-ca","24":"tag-coronavirus-ca","25":"tag-covid-19-ca","26":"tag-diputacio-de-valencia-ca","27":"tag-fsmcv-ca","28":"tag-jordi-mayor-ca"},"_links":{"self":[{"href":"https:\/\/www.tucomarca.com\/wordpress\/segunda\/ca\/wp-json\/wp\/v2\/posts\/131512","targetHints":{"allow":["GET"]}}],"collection":[{"href":"https:\/\/www.tucomarca.com\/wordpress\/segunda\/ca\/wp-json\/wp\/v2\/posts"}],"about":[{"href":"https:\/\/www.tucomarca.com\/wordpress\/segunda\/ca\/wp-json\/wp\/v2\/types\/post"}],"author":[{"embeddable":true,"href":"https:\/\/www.tucomarca.com\/wordpress\/segunda\/ca\/wp-json\/wp\/v2\/users\/1"}],"replies":[{"embeddable":true,"href":"https:\/\/www.tucomarca.com\/wordpress\/segunda\/ca\/wp-json\/wp\/v2\/comments?post=131512"}],"version-history":[{"count":0,"href":"https:\/\/www.tucomarca.com\/wordpress\/segunda\/ca\/wp-json\/wp\/v2\/posts\/131512\/revisions"}],"wp:featuredmedia":[{"embeddable":true,"href":"https:\/\/www.tucomarca.com\/wordpress\/segunda\/ca\/wp-json\/wp\/v2\/media\/131507"}],"wp:attachment":[{"href":"https:\/\/www.tucomarca.com\/wordpress\/segunda\/ca\/wp-json\/wp\/v2\/media?parent=131512"}],"wp:term":[{"taxonomy":"category","embeddable":true,"href":"https:\/\/www.tucomarca.com\/wordpress\/segunda\/ca\/wp-json\/wp\/v2\/categories?post=131512"},{"taxonomy":"post_tag","embeddable":true,"href":"https:\/\/www.tucomarca.com\/wordpress\/segunda\/ca\/wp-json\/wp\/v2\/tags?post=131512"}],"curies":[{"name":"wp","href":"https:\/\/api.w.org\/{rel}","templated":true}]}}