{"id":131986,"date":"2021-04-29T20:00:00","date_gmt":"2021-04-29T19:00:00","guid":{"rendered":"http:\/\/www.tucomarca.com\/wordpress\/segunda\/?p=131986"},"modified":"2021-04-30T10:58:46","modified_gmt":"2021-04-30T09:58:46","slug":"lajuntament-dutiel-denuncia-lincivisme-en-lus-dels-contenidors","status":"publish","type":"post","link":"https:\/\/www.tucomarca.com\/wordpress\/segunda\/ca\/lajuntament-dutiel-denuncia-lincivisme-en-lus-dels-contenidors\/","title":{"rendered":"L&#8217;Ajuntament d&#8217;Utiel denuncia l&#8217;incivisme en l&#8217;\u00fas dels contenidors"},"content":{"rendered":"\n<h4 class=\"wp-block-heading\">Alguns ve\u00efns inc\u00edvics deixen les bosses de fem en el s\u00f2l en lloc de depositar-les en el contenidor, provocant un problema d&#8217;insalubritat.<\/h4>\n\n\n\n<p>L&#8217;Ajuntament d&#8217;Utiel apel\u00b7la al civisme i a la conscienciaci\u00f3 ciutadana despr\u00e9s de detectar que en diferents zones del municipi l&#8217;exterior dels contenidors apareix replet de bosses de fem, cartons, botelles o fins i tot estris i andr\u00f2mines velles que haurien d&#8217;emportar-se a l&#8217;ecoparc.&nbsp;<br>Per a aquests ciutadans inc\u00edvics resulta molt m\u00e9s c\u00f2mode deixar el seu fem en el s\u00f2l en lloc de depositar-la en els contenidors corresponents el que, a m\u00e9s de provocar una imatge penosa d&#8217;Utiel, genera espais insalubres.<br>L&#8217;Ajuntament d&#8217;Utiel informa que el servei de recollida de residus urbans es realitza di\u00e0riament a trav\u00e9s de la Mancomunitat de l&#8217;Interior Terra del Vi i la capacitat dels contenidors \u00e9s suficient per a la demanda de la ciutadania pel que aquests comportaments s\u00f3n clarament una mostra d&#8217;incivisme i irresponsabilitat, especialment en aquest per\u00edode COVID en el qual s&#8217;estan intensificant les mesures higi\u00e8niques per a evitar contagis.<br>Amb l&#8217;objectiu de combatre aquestes males pr\u00e0ctiques, el consistori extremar\u00e0 la vigil\u00e0ncia en els punts de recollida de fem per a aix\u00ed localitzar als infractors. El consistori recorda que \u00e9s obligatori depositar el fem a l&#8217;interior dels contenidors i per tant se sancionar\u00e0 a aquells que incomplisquen la normativa de gesti\u00f3 de residus.<br>L&#8217;Ajuntament d&#8217;Utiel remarca que mantindre una ciutat neta \u00e9s tasca de tots i necessita de la implicaci\u00f3 i la col\u00b7laboraci\u00f3 ciutadana perqu\u00e8 les bones pr\u00e0ctiques mediambientals siguen una realitat.<\/p>\n","protected":false},"excerpt":{"rendered":"<div class=\"mh-excerpt\">Alguns ve\u00efns inc\u00edvics deixen les bosses de fem en el s\u00f2l en lloc de depositar-les en el contenidor, provocant un problema d&#8217;insalubritat. L&#8217;Ajuntament d&#8217;Utiel apel\u00b7la al civisme i a la conscienciaci\u00f3 ciutadana despr\u00e9s de detectar <a class=\"mh-excerpt-more\" href=\"https:\/\/www.tucomarca.com\/wordpress\/segunda\/ca\/lajuntament-dutiel-denuncia-lincivisme-en-lus-dels-contenidors\/\" title=\"L&#8217;Ajuntament d&#8217;Utiel denuncia l&#8217;incivisme en l&#8217;\u00fas dels contenidors\">[+] <\/a><\/div>\n","protected":false},"author":12,"featured_media":131984,"comment_status":"open","ping_status":"open","sticky":false,"template":"","format":"standard","meta":{"footnotes":""},"categories":[10948,10894,10947,10909,10896,10897,11059],"tags":[14494,11939,11940,11174,11459],"class_list":{"0":"post-131986","1":"post","2":"type-post","3":"status-publish","4":"format-standard","5":"has-post-thumbnail","7":"category-infraestructuras-ca","8":"category-la-comarca-ca","9":"category-politica","10":"category-requena-utiel-ca","11":"category-seccion-ca","12":"category-sucesos-la-comarca-ca","13":"category-utiel-ca","14":"tag-contenedores-ca","15":"tag-coronavirus-ca","16":"tag-covid-19-ca","17":"tag-utiel-ca","18":"tag-utiel-requena-ca"},"_links":{"self":[{"href":"https:\/\/www.tucomarca.com\/wordpress\/segunda\/ca\/wp-json\/wp\/v2\/posts\/131986","targetHints":{"allow":["GET"]}}],"collection":[{"href":"https:\/\/www.tucomarca.com\/wordpress\/segunda\/ca\/wp-json\/wp\/v2\/posts"}],"about":[{"href":"https:\/\/www.tucomarca.com\/wordpress\/segunda\/ca\/wp-json\/wp\/v2\/types\/post"}],"author":[{"embeddable":true,"href":"https:\/\/www.tucomarca.com\/wordpress\/segunda\/ca\/wp-json\/wp\/v2\/users\/12"}],"replies":[{"embeddable":true,"href":"https:\/\/www.tucomarca.com\/wordpress\/segunda\/ca\/wp-json\/wp\/v2\/comments?post=131986"}],"version-history":[{"count":0,"href":"https:\/\/www.tucomarca.com\/wordpress\/segunda\/ca\/wp-json\/wp\/v2\/posts\/131986\/revisions"}],"wp:featuredmedia":[{"embeddable":true,"href":"https:\/\/www.tucomarca.com\/wordpress\/segunda\/ca\/wp-json\/wp\/v2\/media\/131984"}],"wp:attachment":[{"href":"https:\/\/www.tucomarca.com\/wordpress\/segunda\/ca\/wp-json\/wp\/v2\/media?parent=131986"}],"wp:term":[{"taxonomy":"category","embeddable":true,"href":"https:\/\/www.tucomarca.com\/wordpress\/segunda\/ca\/wp-json\/wp\/v2\/categories?post=131986"},{"taxonomy":"post_tag","embeddable":true,"href":"https:\/\/www.tucomarca.com\/wordpress\/segunda\/ca\/wp-json\/wp\/v2\/tags?post=131986"}],"curies":[{"name":"wp","href":"https:\/\/api.w.org\/{rel}","templated":true}]}}