{"id":132353,"date":"2021-05-06T09:05:00","date_gmt":"2021-05-06T08:05:00","guid":{"rendered":"http:\/\/www.tucomarca.com\/wordpress\/segunda\/?p=132353"},"modified":"2021-05-06T10:48:31","modified_gmt":"2021-05-06T09:48:31","slug":"els-actes-del-dia-del-llibre-continuen-a-godelleta-amb-una-xarrada-sobre-relacions-de-parella","status":"publish","type":"post","link":"https:\/\/www.tucomarca.com\/wordpress\/segunda\/ca\/els-actes-del-dia-del-llibre-continuen-a-godelleta-amb-una-xarrada-sobre-relacions-de-parella\/","title":{"rendered":"Els actes del Dia del llibre continuen a Godelleta amb una xarrada sobre relacions de parella"},"content":{"rendered":"\n<p>Aquest divendres es desenvolupa a Godelleta dins dels actes del Dia del Llibre 2021, una xarrada de sensibilitzaci\u00f3 sobre la representaci\u00f3 de les relacions de parella en les s\u00e8ries i pel\u00b7l\u00edcules de les plataformes m\u00e9s actuals: \u2018*Netflix i els mites de l&#8217;amor rom\u00e0ntic\u2019 a c\u00e0rrec de l&#8217;Associaci\u00f3 Prosa El\u00e0stica.<\/p>\n\n\n\n<p>&#8220;Aquesta dirigit a joves d&#8217;entre 12 a 18 anys per\u00f2 segur que tots aprenem una cosa nova per a veure aquesta plataformes amb una altra perspectiva&#8221;, tal com han informat fonts municipals.<\/p>\n","protected":false},"excerpt":{"rendered":"<div class=\"mh-excerpt\">Aquest divendres es desenvolupa a Godelleta dins dels actes del Dia del Llibre 2021, una xarrada de sensibilitzaci\u00f3 sobre la representaci\u00f3 de les relacions de parella en les s\u00e8ries i pel\u00b7l\u00edcules de les plataformes m\u00e9s <a class=\"mh-excerpt-more\" href=\"https:\/\/www.tucomarca.com\/wordpress\/segunda\/ca\/els-actes-del-dia-del-llibre-continuen-a-godelleta-amb-una-xarrada-sobre-relacions-de-parella\/\" title=\"Els actes del Dia del llibre continuen a Godelleta amb una xarrada sobre relacions de parella\">[+] <\/a><\/div>\n","protected":false},"author":1,"featured_media":132351,"comment_status":"open","ping_status":"open","sticky":false,"template":"","format":"standard","meta":{"footnotes":""},"categories":[11019,10977,10894,10912,11007,10896],"tags":[12007,11087,10914],"class_list":{"0":"post-132353","1":"post","2":"type-post","3":"status-publish","4":"format-standard","5":"has-post-thumbnail","7":"category-agenda-ca","8":"category-godelleta-ca","9":"category-la-comarca-ca","10":"category-la-hoya-ca","11":"category-ocio-y-cultura-ca","12":"category-seccion-ca","13":"tag-dia-del-libro-ca","14":"tag-godelleta-ca","15":"tag-la-hoya-de-bunol-chiva-ca"},"_links":{"self":[{"href":"https:\/\/www.tucomarca.com\/wordpress\/segunda\/ca\/wp-json\/wp\/v2\/posts\/132353","targetHints":{"allow":["GET"]}}],"collection":[{"href":"https:\/\/www.tucomarca.com\/wordpress\/segunda\/ca\/wp-json\/wp\/v2\/posts"}],"about":[{"href":"https:\/\/www.tucomarca.com\/wordpress\/segunda\/ca\/wp-json\/wp\/v2\/types\/post"}],"author":[{"embeddable":true,"href":"https:\/\/www.tucomarca.com\/wordpress\/segunda\/ca\/wp-json\/wp\/v2\/users\/1"}],"replies":[{"embeddable":true,"href":"https:\/\/www.tucomarca.com\/wordpress\/segunda\/ca\/wp-json\/wp\/v2\/comments?post=132353"}],"version-history":[{"count":0,"href":"https:\/\/www.tucomarca.com\/wordpress\/segunda\/ca\/wp-json\/wp\/v2\/posts\/132353\/revisions"}],"wp:featuredmedia":[{"embeddable":true,"href":"https:\/\/www.tucomarca.com\/wordpress\/segunda\/ca\/wp-json\/wp\/v2\/media\/132351"}],"wp:attachment":[{"href":"https:\/\/www.tucomarca.com\/wordpress\/segunda\/ca\/wp-json\/wp\/v2\/media?parent=132353"}],"wp:term":[{"taxonomy":"category","embeddable":true,"href":"https:\/\/www.tucomarca.com\/wordpress\/segunda\/ca\/wp-json\/wp\/v2\/categories?post=132353"},{"taxonomy":"post_tag","embeddable":true,"href":"https:\/\/www.tucomarca.com\/wordpress\/segunda\/ca\/wp-json\/wp\/v2\/tags?post=132353"}],"curies":[{"name":"wp","href":"https:\/\/api.w.org\/{rel}","templated":true}]}}