{"id":132379,"date":"2021-05-06T10:19:00","date_gmt":"2021-05-06T09:19:00","guid":{"rendered":"http:\/\/www.tucomarca.com\/wordpress\/segunda\/?p=132379"},"modified":"2021-05-06T19:22:24","modified_gmt":"2021-05-06T18:22:24","slug":"lajuntament-de-leliana-torna-a-convocar-les-beques-de-transport-per-a-estudiants","status":"publish","type":"post","link":"https:\/\/www.tucomarca.com\/wordpress\/segunda\/ca\/lajuntament-de-leliana-torna-a-convocar-les-beques-de-transport-per-a-estudiants\/","title":{"rendered":"L&#8217;Ajuntament de l&#8217;Eliana torna a convocar les beques de transport per a estudiants"},"content":{"rendered":"\n<h4 class=\"wp-block-heading\"><strong>Les sol\u00b7licituds podran presentar-se de l&#8217;1 al 30 de juny i contemplen una ajuda de fins a 150 euros.<\/strong><\/h4>\n\n\n\n<p>L&#8217;Ajuntament de l&#8217;Eliana ha publicat les bases per a la concessi\u00f3 de les ajudes al transport del curs 2020\/2021 dirigides a estudiants elianers en el qual invertir\u00e0 un total de 6.000 euros. Les ajudes s\u00f3n d&#8217;un import m\u00e0xim de 150 euros per alumne sol\u00b7licitant i tenen com a objectiu cobrir part de les despeses de tren, metro o autob\u00fas.&nbsp;<\/p>\n\n\n\n<p>La convocat\u00f2ria, com cada any, est\u00e0 dirigida a joves estudiants empadronats en el municipi que cursen estudis oficials en tota mena de centres p\u00fablics, concertats i privats d&#8217;Educaci\u00f3 Secund\u00e0ria, Batxillerat, Formaci\u00f3 Professional, estudis universitaris de grau, Formaci\u00f3 Professional B\u00e0sica, Programes formatius de qualificaci\u00f3 B\u00e0sica, Ensenyaments Art\u00edstics Superiors o Ensenyaments Esportius fora del municipi, per a promoure l&#8217;\u00fas del transport p\u00fablic col\u00b7lectiu.<\/p>\n\n\n\n<p>Per a sol\u00b7licitar la subvenci\u00f3 \u00e9s necessari estar empadronat a l&#8217;Eliana i no superar els 30 anys d&#8217;edat. El gaudi d&#8217;aquesta ajuda ser\u00e0 compatible amb altres finan\u00e7ades amb fons p\u00fablics per a la mateixa finalitat, sempre que la suma de totes elles no supere el cost de l&#8217;activitat subvencionada.&nbsp;<\/p>\n\n\n\n<p>Les persones interessades a participar en aquest programa poden consultar la documentaci\u00f3 necess\u00e0ria que hauran de presentar, de l&#8217;1 al 30 de juny, en el Centre Sociocultural o a trav\u00e9s de la <a href=\"https:\/\/leliana.sedipualba.es\/\">Seu Electr\u00f2nica<\/a>. Aix\u00ed mateix, la bases de la convocat\u00f2ria, aix\u00ed com els annexos a emplenar la sol\u00b7licitud estaran disponibles en la <a href=\"http:\/\/www.leliana.es.\/es\/page\/ejercicio-2021\">web<\/a> de l&#8217;Ajuntament a partir de l&#8217;obertura del termini.<\/p>\n\n\n\n<p>Com en edicions anteriors, per a poder percebre les ajudes els i les joves estudiants hauran de presentar els justificants de la compra de bons, t\u00edtols de transport o bitllets del curs acad\u00e8mic 2020\/2021.<\/p>\n\n\n\n<p>L&#8217;edil d&#8217;Educaci\u00f3, Eva Santaf\u00e9, ha ressaltat la import\u00e0ncia d&#8217;aquestes subvencions que busquen fomentar la igualtat d&#8217;oportunitats entre els joves que, per a realitzar els seus estudis han de despla\u00e7ar-se fora de l&#8217;Eliana. \u201c<em>Aquesta convocat\u00f2ria s&#8217;uneix a altres com les ajudes al lloguer jove, a l&#8217;escolaritzaci\u00f3 de menors de 0 a 3 anys o a les beques per a l&#8217;estudi de m\u00fasica i dansa que estan destinades a amplis sectors de la poblaci\u00f3 i amb els quals el Consistori vol reduir la pressi\u00f3 econ\u00f2mica de les fam\u00edlies per a construir una millor societat<\/em>\u201d, ha explicat.<\/p>\n","protected":false},"excerpt":{"rendered":"<div class=\"mh-excerpt\">Les sol\u00b7licituds podran presentar-se de l&#8217;1 al 30 de juny i contemplen una ajuda de fins a 150 euros. L&#8217;Ajuntament de l&#8217;Eliana ha publicat les bases per a la concessi\u00f3 de les ajudes al transport <a class=\"mh-excerpt-more\" href=\"https:\/\/www.tucomarca.com\/wordpress\/segunda\/ca\/lajuntament-de-leliana-torna-a-convocar-les-beques-de-transport-per-a-estudiants\/\" title=\"L&#8217;Ajuntament de l&#8217;Eliana torna a convocar les beques de transport per a estudiants\">[+] <\/a><\/div>\n","protected":false},"author":1,"featured_media":120013,"comment_status":"open","ping_status":"open","sticky":false,"template":"","format":"standard","meta":{"footnotes":""},"categories":[10892,10948,10894,10893,10947,10896],"tags":[10395,10899,10433,11172],"class_list":{"0":"post-132379","1":"post","2":"type-post","3":"status-publish","4":"format-standard","5":"has-post-thumbnail","7":"category-camp-de-turia-ca","8":"category-infraestructuras-ca","9":"category-la-comarca-ca","10":"category-leliana-ca","11":"category-politica","12":"category-seccion-ca","13":"tag-camp-de-turia","14":"tag-camp-de-turia-ca","15":"tag-leliana","16":"tag-leliana-ca-2"},"_links":{"self":[{"href":"https:\/\/www.tucomarca.com\/wordpress\/segunda\/ca\/wp-json\/wp\/v2\/posts\/132379","targetHints":{"allow":["GET"]}}],"collection":[{"href":"https:\/\/www.tucomarca.com\/wordpress\/segunda\/ca\/wp-json\/wp\/v2\/posts"}],"about":[{"href":"https:\/\/www.tucomarca.com\/wordpress\/segunda\/ca\/wp-json\/wp\/v2\/types\/post"}],"author":[{"embeddable":true,"href":"https:\/\/www.tucomarca.com\/wordpress\/segunda\/ca\/wp-json\/wp\/v2\/users\/1"}],"replies":[{"embeddable":true,"href":"https:\/\/www.tucomarca.com\/wordpress\/segunda\/ca\/wp-json\/wp\/v2\/comments?post=132379"}],"version-history":[{"count":0,"href":"https:\/\/www.tucomarca.com\/wordpress\/segunda\/ca\/wp-json\/wp\/v2\/posts\/132379\/revisions"}],"wp:featuredmedia":[{"embeddable":true,"href":"https:\/\/www.tucomarca.com\/wordpress\/segunda\/ca\/wp-json\/wp\/v2\/media\/120013"}],"wp:attachment":[{"href":"https:\/\/www.tucomarca.com\/wordpress\/segunda\/ca\/wp-json\/wp\/v2\/media?parent=132379"}],"wp:term":[{"taxonomy":"category","embeddable":true,"href":"https:\/\/www.tucomarca.com\/wordpress\/segunda\/ca\/wp-json\/wp\/v2\/categories?post=132379"},{"taxonomy":"post_tag","embeddable":true,"href":"https:\/\/www.tucomarca.com\/wordpress\/segunda\/ca\/wp-json\/wp\/v2\/tags?post=132379"}],"curies":[{"name":"wp","href":"https:\/\/api.w.org\/{rel}","templated":true}]}}