{"id":132441,"date":"2021-05-07T09:00:00","date_gmt":"2021-05-07T08:00:00","guid":{"rendered":"http:\/\/www.tucomarca.com\/wordpress\/segunda\/?p=132441"},"modified":"2021-05-08T10:03:06","modified_gmt":"2021-05-08T09:03:06","slug":"el-departament-de-salut-de-manises-redueix-un-13-el-seu-consum-de-gas-a-2020","status":"publish","type":"post","link":"https:\/\/www.tucomarca.com\/wordpress\/segunda\/ca\/el-departament-de-salut-de-manises-redueix-un-13-el-seu-consum-de-gas-a-2020\/","title":{"rendered":"El Departament de Salut de Manises redueix un 13% el seu consum de gas a 2020"},"content":{"rendered":"\n<p>El Departament de Salut de Manises, en el marc de la seva aportaci\u00f3 a cura de l&#8217;entorn, ha aconseguit una reducci\u00f3 en 2020 d&#8217;un 13% del seu consum de gas. Aquesta fita mediambiental \u00e9s la conseq\u00fc\u00e8ncia de les millores implantades en els \u00faltims anys encaminades a la sostenibilitat. Les principals accions que han propiciat aquesta disminuci\u00f3 del consum s\u00f3n la millora en la xarxa d&#8217;aigua calenta sanit\u00e0ria, a l&#8217;equilibrat de cabal de les xarxes de calefacci\u00f3 i a l&#8217;ajust de consignes i \u00fas eficient dels equips i instal\u00b7lacions dels edificis del Departament. Aquest nou assoliment se suma a la resta d&#8217;actuacions que el departament de salut porta desenvolupant des de 2018 amb l&#8217;objectiu d&#8217;avan\u00e7ar cap a un Departament de Salut m\u00e9s sostenible, aconseguint disminuir el seu consum de gas en un 40% des de llavors i la seva petjada de carboni en un 56%.<\/p>\n\n\n\n<p>El inter\u00e9s del Departamento de Salud de Manises por limitar su impacto medioambiental va de la mano de los efectos que tiene el cuidado del entorno y el bienestar de las personas. Para ello, \u201cel Hospital de Manises ha asumido como l\u00ednea principal aminorar al m\u00e1ximo su impacto ambiental fij\u00e1ndose los siguientes objetivos, la reducci\u00f3n de la huella de carbono, la reducci\u00f3n de la generaci\u00f3n de gases de efecto invernadero, la mejora de la eficiencia energ\u00e9tica de nuestro edificio y la disminuci\u00f3n de los residuos en el departamento, impulsando la econom\u00eda circular\u201d explica Beatriz Garrido responsable de Servicios Generales del Hospital de Manises.&nbsp;<\/p>\n\n\n\n<p>Iv\u00e1n Ruiz, responsable de mantenimiento e infraestructuras del centro sanitario explica que esta disminuci\u00f3n en el consumo de gas \u201cse traduce en un recorte de&nbsp;2.746.630 kWh, pasando de 6.910.146 kWh (2018) a 4.163.516 kWh (2020)\u201d. Adem\u00e1s, contin\u00faa, \u201ccon este nuevo logro nos acercamos al objetivo de la reducir al m\u00e1ximo nuestras emisiones de gases de efecto invernadero al ambiente y en consecuencia, reducir nuestra huella de carbono en el planeta. Una huella de carbono que en 2019 hemos conseguido rebajar un 15% y desde que nos enfocamos a ello en 2013 un 56% menos de impacto a la salud del planeta\u201d.<\/p>\n\n\n\n<p><strong>Otras aportaciones del Departamento<\/strong><\/p>\n\n\n\n<p>La reducci\u00f3n del consumo de gas en un 13% se une al resto de aportaciones que el Departamento de Salud de Manises lleva a\u00f1os realizando. \u201cOtras acciones que hemos llevado a cabo son, por ejemplo, la implantaci\u00f3n de contenedores reutilizables para residuo sanitario peligroso, la colocaci\u00f3n de contenedores para segregaci\u00f3n y posterior reciclaje de envases de pl\u00e1stico, latas y briks, as\u00ed como la implantaci\u00f3n de papeleras centrales para separaci\u00f3n correcta de papel y cart\u00f3n\u201d, explica Beatriz Garrido. Adem\u00e1s, el Hospital ha apostado por la Implantaci\u00f3n de contenedores de pilas y de vidrio, as\u00ed como la retirada de vasos de pl\u00e1stico y su sustituci\u00f3n por envases de papel en toda el \u00e1rea de Hospitalizaci\u00f3n.&nbsp;<\/p>\n\n\n\n<p>A estas medidas, se suman la \u201cimplantaci\u00f3n de mejoras en toda la grifer\u00eda del \u00e1rea para disminuir el consumo de agua, la sustituci\u00f3n de todos los equipos de climatizaci\u00f3n de los centros de salud por unidades m\u00e1s respetuosas con el medioambiente, la sustituci\u00f3n de todo el alumbrado por tecnolog\u00eda LED y la mejorar la eficiencia de las instalaciones de climatizaci\u00f3n y agua caliente sanitara para reducci\u00f3n de su consumo energ\u00e9tico\u201d, cuenta Iv\u00e1n.&nbsp;<\/p>\n","protected":false},"excerpt":{"rendered":"<div class=\"mh-excerpt\">El Departament de Salut de Manises, en el marc de la seva aportaci\u00f3 a cura de l&#8217;entorn, ha aconseguit una reducci\u00f3 en 2020 d&#8217;un 13% del seu consum de gas. Aquesta fita mediambiental \u00e9s la <a class=\"mh-excerpt-more\" href=\"https:\/\/www.tucomarca.com\/wordpress\/segunda\/ca\/el-departament-de-salut-de-manises-redueix-un-13-el-seu-consum-de-gas-a-2020\/\" title=\"El Departament de Salut de Manises redueix un 13% el seu consum de gas a 2020\">[+] <\/a><\/div>\n","protected":false},"author":1,"featured_media":132439,"comment_status":"open","ping_status":"open","sticky":false,"template":"","format":"standard","meta":{"footnotes":""},"categories":[10973,10911,10892,11010,10898,10977,10980,10948,10894,10904,10912,10902,10931,10978,10903,10947,10906,10896,10897,11047,10974,10975],"tags":[10899,11092,10914,11077],"class_list":{"0":"post-132441","1":"post","2":"type-post","3":"status-publish","4":"format-standard","5":"has-post-thumbnail","7":"category-alborache-ca","8":"category-bunol-ca","9":"category-camp-de-turia-ca","10":"category-canal-salud","11":"category-ventana-ca","12":"category-godelleta-ca","13":"category-yatova-ca","14":"category-infraestructuras-ca","15":"category-la-comarca-ca","16":"category-sin-categorizar-ca","17":"category-la-hoya-ca","18":"category-la-ribera-ca","19":"category-loriguilla-ca","20":"category-macastre-ca","21":"category-medio-ambiente-la-comarca-ca","22":"category-politica","23":"category-riba-roja-ca","24":"category-seccion-ca","25":"category-sucesos-la-comarca-ca","26":"category-turis-ca","27":"category-cheste-ca","28":"category-chiva-ca","29":"tag-camp-de-turia-ca","30":"tag-hospital-de-manises-ca","31":"tag-la-hoya-de-bunol-chiva-ca","32":"tag-la-ribera-alta-ca"},"_links":{"self":[{"href":"https:\/\/www.tucomarca.com\/wordpress\/segunda\/ca\/wp-json\/wp\/v2\/posts\/132441","targetHints":{"allow":["GET"]}}],"collection":[{"href":"https:\/\/www.tucomarca.com\/wordpress\/segunda\/ca\/wp-json\/wp\/v2\/posts"}],"about":[{"href":"https:\/\/www.tucomarca.com\/wordpress\/segunda\/ca\/wp-json\/wp\/v2\/types\/post"}],"author":[{"embeddable":true,"href":"https:\/\/www.tucomarca.com\/wordpress\/segunda\/ca\/wp-json\/wp\/v2\/users\/1"}],"replies":[{"embeddable":true,"href":"https:\/\/www.tucomarca.com\/wordpress\/segunda\/ca\/wp-json\/wp\/v2\/comments?post=132441"}],"version-history":[{"count":0,"href":"https:\/\/www.tucomarca.com\/wordpress\/segunda\/ca\/wp-json\/wp\/v2\/posts\/132441\/revisions"}],"wp:featuredmedia":[{"embeddable":true,"href":"https:\/\/www.tucomarca.com\/wordpress\/segunda\/ca\/wp-json\/wp\/v2\/media\/132439"}],"wp:attachment":[{"href":"https:\/\/www.tucomarca.com\/wordpress\/segunda\/ca\/wp-json\/wp\/v2\/media?parent=132441"}],"wp:term":[{"taxonomy":"category","embeddable":true,"href":"https:\/\/www.tucomarca.com\/wordpress\/segunda\/ca\/wp-json\/wp\/v2\/categories?post=132441"},{"taxonomy":"post_tag","embeddable":true,"href":"https:\/\/www.tucomarca.com\/wordpress\/segunda\/ca\/wp-json\/wp\/v2\/tags?post=132441"}],"curies":[{"name":"wp","href":"https:\/\/api.w.org\/{rel}","templated":true}]}}