{"id":132510,"date":"2021-05-08T08:00:00","date_gmt":"2021-05-08T07:00:00","guid":{"rendered":"http:\/\/www.tucomarca.com\/wordpress\/segunda\/?p=132510"},"modified":"2021-05-10T12:29:05","modified_gmt":"2021-05-10T11:29:05","slug":"els-bombers-interins-es-preparen-en-assistencia-sanitaria","status":"publish","type":"post","link":"https:\/\/www.tucomarca.com\/wordpress\/segunda\/ca\/els-bombers-interins-es-preparen-en-assistencia-sanitaria\/","title":{"rendered":"Els bombers interins es preparen en assist\u00e8ncia sanit\u00e0ria"},"content":{"rendered":"\n<p>El Consorci Provincial de Bombers de Val\u00e8ncia ha finalitzat este divendres el seu curs sobre Assist\u00e8ncia Sanit\u00e0ria B\u00e0sica, dirigit a bombers interins. Han participat 17 alumnes, 1 coordinador i 3 formadors.<\/p>\n\n\n\n<p>Durant l\u2019\u00faltima jornada, han pogut realitzar en el parc de bombers de Catarroja diverses maniobres i sup\u00f2sits pr\u00e0ctics, sobre tem\u00e0tiques com ara elevacions, actuaci\u00f3 en espais confinats amb fum o el maneig de v\u00edctimes en totes les posicions.&nbsp;<\/p>\n\n\n\n<p>Amb esta formaci\u00f3 organitzada pel Consorci de Bombers de Val\u00e8ncia, els bombers estaran preparats per a oferir la millor assist\u00e8ncia sanit\u00e0ria en les diverses situacions en qu\u00e8 es poden trobar.<\/p>\n","protected":false},"excerpt":{"rendered":"<div class=\"mh-excerpt\">El Consorci Provincial de Bombers de Val\u00e8ncia ha finalitzat este divendres el seu curs sobre Assist\u00e8ncia Sanit\u00e0ria B\u00e0sica, dirigit a bombers interins. Han participat 17 alumnes, 1 coordinador i 3 formadors. Durant l\u2019\u00faltima jornada, han <a class=\"mh-excerpt-more\" href=\"https:\/\/www.tucomarca.com\/wordpress\/segunda\/ca\/els-bombers-interins-es-preparen-en-assistencia-sanitaria\/\" title=\"Els bombers interins es preparen en assist\u00e8ncia sanit\u00e0ria\">[+] <\/a><\/div>\n","protected":false},"author":1,"featured_media":132477,"comment_status":"open","ping_status":"open","sticky":false,"template":"","format":"standard","meta":{"footnotes":""},"categories":[10898,10948,10894,10904,10947,10896,10897],"tags":[14550,13120,12834],"class_list":{"0":"post-132510","1":"post","2":"type-post","3":"status-publish","4":"format-standard","5":"has-post-thumbnail","7":"category-ventana-ca","8":"category-infraestructuras-ca","9":"category-la-comarca-ca","10":"category-sin-categorizar-ca","11":"category-politica","12":"category-seccion-ca","13":"category-sucesos-la-comarca-ca","14":"tag-bombers-ca","15":"tag-consorci-provincial-de-bombers","16":"tag-consorcio-provincial-de-bomberos-de-valencia-ca"},"_links":{"self":[{"href":"https:\/\/www.tucomarca.com\/wordpress\/segunda\/ca\/wp-json\/wp\/v2\/posts\/132510","targetHints":{"allow":["GET"]}}],"collection":[{"href":"https:\/\/www.tucomarca.com\/wordpress\/segunda\/ca\/wp-json\/wp\/v2\/posts"}],"about":[{"href":"https:\/\/www.tucomarca.com\/wordpress\/segunda\/ca\/wp-json\/wp\/v2\/types\/post"}],"author":[{"embeddable":true,"href":"https:\/\/www.tucomarca.com\/wordpress\/segunda\/ca\/wp-json\/wp\/v2\/users\/1"}],"replies":[{"embeddable":true,"href":"https:\/\/www.tucomarca.com\/wordpress\/segunda\/ca\/wp-json\/wp\/v2\/comments?post=132510"}],"version-history":[{"count":0,"href":"https:\/\/www.tucomarca.com\/wordpress\/segunda\/ca\/wp-json\/wp\/v2\/posts\/132510\/revisions"}],"wp:featuredmedia":[{"embeddable":true,"href":"https:\/\/www.tucomarca.com\/wordpress\/segunda\/ca\/wp-json\/wp\/v2\/media\/132477"}],"wp:attachment":[{"href":"https:\/\/www.tucomarca.com\/wordpress\/segunda\/ca\/wp-json\/wp\/v2\/media?parent=132510"}],"wp:term":[{"taxonomy":"category","embeddable":true,"href":"https:\/\/www.tucomarca.com\/wordpress\/segunda\/ca\/wp-json\/wp\/v2\/categories?post=132510"},{"taxonomy":"post_tag","embeddable":true,"href":"https:\/\/www.tucomarca.com\/wordpress\/segunda\/ca\/wp-json\/wp\/v2\/tags?post=132510"}],"curies":[{"name":"wp","href":"https:\/\/api.w.org\/{rel}","templated":true}]}}