{"id":132674,"date":"2021-05-12T16:00:00","date_gmt":"2021-05-12T15:00:00","guid":{"rendered":"http:\/\/www.tucomarca.com\/wordpress\/segunda\/?p=132674"},"modified":"2021-05-12T18:54:45","modified_gmt":"2021-05-12T17:54:45","slug":"el-vicepresident-bielsa-visita-projectes-financats-per-la-diputacio-al-camp-de-turia","status":"publish","type":"post","link":"https:\/\/www.tucomarca.com\/wordpress\/segunda\/ca\/el-vicepresident-bielsa-visita-projectes-financats-per-la-diputacio-al-camp-de-turia\/","title":{"rendered":"El vicepresident Bielsa visita projectes finan\u00e7ats per la Diputaci\u00f3 al Camp de T\u00faria"},"content":{"rendered":"\n<h4 class=\"wp-block-heading\"><strong><strong>El responsable de l&#8217;\u00e0rea de Cooperaci\u00f3 Municipal ha recorregut les localitats de Serra, Ll\u00edria, Benaguasil, Riba-roja i San Antonio de Benag\u00e9ber, acompanyat per l&#8217;alcaldessa Alicia Tus\u00f3n i els alcaldes Manolo Civera, Joaqu\u00edn Segarra, Robert Raga i Enrique Santafosta<\/strong><\/strong><\/h4>\n\n\n\n<h4 class=\"wp-block-heading\"><strong><strong>La comarca del Camp de T\u00faria t\u00e9 assignats 3,36 milions d&#8217;euros del Fons de Cooperaci\u00f3 d&#8217;enguany, als quals cal afegir els m\u00e9s de 10,6 milions d&#8217;euros del Pla d&#8217;Inversions 2020-2021<\/strong><\/strong><\/h4>\n\n\n\n<p>El vicepresident de la Diputaci\u00f3 de Val\u00e8ncia i diputat de Cooperaci\u00f3 Municipal, Carlos Fern\u00e1ndez Bielsa, ha visitat este dimecres, al costat de la presidenta de la Mancomunitat del Camp de T\u00faria, Lola Celda, els municipis de Serra, Ll\u00edria, Benaguasil, Riba-roja i San Antonio de Benag\u00e9ber, amb l&#8217;objectiu de con\u00e9ixer l&#8217;evoluci\u00f3 de diferents projectes subvencionats per la corporaci\u00f3 a la comarca.<\/p>\n\n\n\n<p>A la comarca del Camp de T\u00faria li corresponen enguany 3.359.771 euros del Fons de Cooperaci\u00f3 en el qual la instituci\u00f3 provincial participa al costat de la Generalitat. Aix\u00ed mateix, pel que fa al Pla d&#8217;Inversions 2020-2021, els ajuntaments de la comarca estan duent a terme un total de 125 projectes d&#8217;infraestructures finan\u00e7ats amb els 10,6 milions d&#8217;euros assignats per la Diputaci\u00f3, a trav\u00e9s de l&#8217;\u00e0rea que dirigix Fern\u00e1ndez Bielsa.<\/p>\n\n\n\n<p>En el municipi de Serra, el responsable de l&#8217;\u00e0rea de Cooperaci\u00f3 Municipal, Coordinaci\u00f3 Institucional i Cohesi\u00f3 Territorial, acompanyat per l&#8217;alcaldessa Alicia Tus\u00f3n, s&#8217;ha interessat per la remodelaci\u00f3 de la Torre del Senyor i per les obres de millora del poliesportiu municipal, la tercera fase del qual s&#8217;executar\u00e0 amb el Pla d&#8217;Inversions 20-21.<\/p>\n\n\n\n<p>Carlos Fern\u00e1ndez Bielsa tamb\u00e9 ha volgut con\u00e9ixer de primera m\u00e0 el projecte de rehabilitaci\u00f3 de la Torre del Pont de Vidre durant la seua visita a Ll\u00edria, acompanyat pel primer edil, Manolo Civera. Esta actuaci\u00f3, que suposa una inversi\u00f3 de 200.000 euros i que est\u00e0 cofinan\u00e7ada per la Diputaci\u00f3 i l&#8217;Ajuntament al 50%, es preveu que finalitze al llarg de l&#8217;estiu.<\/p>\n\n\n\n<p>El diputat ha continuat el seu recorregut per la comarca acudint als municipis de Benaguasil i Riba-roja de T\u00faria, al costat dels alcaldes Jos\u00e9 Joaqu\u00edn Segarra i Robert Raga. Entre els projectes finan\u00e7ats per la corporaci\u00f3 provincial a Benaguasil, Bielsa i el tamb\u00e9 diputat provincial Joaqu\u00edn Segarra han visitat l&#8217;obra del futur Espai de la D\u00f3na.<\/p>\n\n\n\n<p>En Riba-roja, on s&#8217;ha sumat a la visita l&#8217;alcalde d&#8217;Olocau, Antonio Ropero, han visitat el Centre d&#8217;Informaci\u00f3 Juvenil, en el qual es preveu l&#8217;adequaci\u00f3 de l&#8217;espai per a game center i la remodelaci\u00f3 de les seues oficines per un import de 150.000 euros, gr\u00e0cies al Pla d&#8217;Inversions de la Diputaci\u00f3.<\/p>\n\n\n\n<p>La visita al Camp de T\u00faria ha finalitzat a primera hora de la vesprada a San Antonio de Benag\u00e9ber, on el primer edil, Enrique Santafosta, ha rebut a Carlos Fern\u00e1ndez Bielsa, que s&#8217;ha interessat pels diferents projectes finan\u00e7ats per la Diputaci\u00f3 en el municipi, entre els quals destaca la creaci\u00f3 d&#8217;una nova zona verda en la qual s&#8217;han invertit m\u00e9s de 400.000 euros.<\/p>\n","protected":false},"excerpt":{"rendered":"<div class=\"mh-excerpt\">El responsable de l&#8217;\u00e0rea de Cooperaci\u00f3 Municipal ha recorregut les localitats de Serra, Ll\u00edria, Benaguasil, Riba-roja i San Antonio de Benag\u00e9ber, acompanyat per l&#8217;alcaldessa Alicia Tus\u00f3n i els alcaldes Manolo Civera, Joaqu\u00edn Segarra, Robert Raga <a class=\"mh-excerpt-more\" href=\"https:\/\/www.tucomarca.com\/wordpress\/segunda\/ca\/el-vicepresident-bielsa-visita-projectes-financats-per-la-diputacio-al-camp-de-turia\/\" title=\"El vicepresident Bielsa visita projectes finan\u00e7ats per la Diputaci\u00f3 al Camp de T\u00faria\">[+] <\/a><\/div>\n","protected":false},"author":1,"featured_media":132655,"comment_status":"open","ping_status":"open","sticky":false,"template":"","format":"standard","meta":{"footnotes":""},"categories":[10952,10892,10898,10948,10894,10928,10947,10906,10934,10896,10933],"tags":[11136,11246,11070,10907],"class_list":{"0":"post-132674","1":"post","2":"type-post","3":"status-publish","4":"format-standard","5":"has-post-thumbnail","7":"category-benaguasil-ca","8":"category-camp-de-turia-ca","9":"category-ventana-ca","10":"category-infraestructuras-ca","11":"category-la-comarca-ca","12":"category-lliria-ca","13":"category-politica","14":"category-riba-roja-ca","15":"category-san-antonio-de-benageber-ca","16":"category-seccion-ca","17":"category-serra-ca","18":"tag-benaguasil-ca","19":"tag-diputacio-de-valencia-ca","20":"tag-lliria-ca","21":"tag-riba-roja-del-turia-ca"},"_links":{"self":[{"href":"https:\/\/www.tucomarca.com\/wordpress\/segunda\/ca\/wp-json\/wp\/v2\/posts\/132674","targetHints":{"allow":["GET"]}}],"collection":[{"href":"https:\/\/www.tucomarca.com\/wordpress\/segunda\/ca\/wp-json\/wp\/v2\/posts"}],"about":[{"href":"https:\/\/www.tucomarca.com\/wordpress\/segunda\/ca\/wp-json\/wp\/v2\/types\/post"}],"author":[{"embeddable":true,"href":"https:\/\/www.tucomarca.com\/wordpress\/segunda\/ca\/wp-json\/wp\/v2\/users\/1"}],"replies":[{"embeddable":true,"href":"https:\/\/www.tucomarca.com\/wordpress\/segunda\/ca\/wp-json\/wp\/v2\/comments?post=132674"}],"version-history":[{"count":0,"href":"https:\/\/www.tucomarca.com\/wordpress\/segunda\/ca\/wp-json\/wp\/v2\/posts\/132674\/revisions"}],"wp:featuredmedia":[{"embeddable":true,"href":"https:\/\/www.tucomarca.com\/wordpress\/segunda\/ca\/wp-json\/wp\/v2\/media\/132655"}],"wp:attachment":[{"href":"https:\/\/www.tucomarca.com\/wordpress\/segunda\/ca\/wp-json\/wp\/v2\/media?parent=132674"}],"wp:term":[{"taxonomy":"category","embeddable":true,"href":"https:\/\/www.tucomarca.com\/wordpress\/segunda\/ca\/wp-json\/wp\/v2\/categories?post=132674"},{"taxonomy":"post_tag","embeddable":true,"href":"https:\/\/www.tucomarca.com\/wordpress\/segunda\/ca\/wp-json\/wp\/v2\/tags?post=132674"}],"curies":[{"name":"wp","href":"https:\/\/api.w.org\/{rel}","templated":true}]}}