{"id":132698,"date":"2021-05-11T20:38:00","date_gmt":"2021-05-11T19:38:00","guid":{"rendered":"http:\/\/www.tucomarca.com\/wordpress\/segunda\/?p=132698"},"modified":"2021-05-12T20:39:36","modified_gmt":"2021-05-12T19:39:36","slug":"lajuntament-de-requena-resol-139-sollicituds-del-pla-resistir-per-un-valor-de-567-619-euros","status":"publish","type":"post","link":"https:\/\/www.tucomarca.com\/wordpress\/segunda\/ca\/lajuntament-de-requena-resol-139-sollicituds-del-pla-resistir-per-un-valor-de-567-619-euros\/","title":{"rendered":"L&#8217;Ajuntament de Requena resol 139 sol\u00b7licituds del Pla Resistir per un valor de 567.619 euros"},"content":{"rendered":"\n<p>El Consistori requenense ha resolt favorablement 139 sol\u00b7licituds pertanyents al Pla Resistir, que ascendeixen a un import estimat en 567.619 euros. Entre els sectors m\u00e9s afectats per les restriccions de l&#8217;estat d&#8217;alarma que es beneficiaran d&#8217;aquestes ajudes, cal destacar: els allotjaments i activitats tur\u00edstiques; hostaleria, restauraci\u00f3 i oci nocturn; activitats de creaci\u00f3, art\u00edstiques i d&#8217;espectacles i activitats esportives, recreatives i d&#8217;entreteniment. Informa, <strong>Luis Ib\u00e1\u00f1ez<\/strong>.<\/p>\n","protected":false},"excerpt":{"rendered":"<div class=\"mh-excerpt\">El Consistori requenense ha resolt favorablement 139 sol\u00b7licituds pertanyents al Pla Resistir, que ascendeixen a un import estimat en 567.619 euros. Entre els sectors m\u00e9s afectats per les restriccions de l&#8217;estat d&#8217;alarma que es beneficiaran <a class=\"mh-excerpt-more\" href=\"https:\/\/www.tucomarca.com\/wordpress\/segunda\/ca\/lajuntament-de-requena-resol-139-sollicituds-del-pla-resistir-per-un-valor-de-567-619-euros\/\" title=\"L&#8217;Ajuntament de Requena resol 139 sol\u00b7licituds del Pla Resistir per un valor de 567.619 euros\">[+] <\/a><\/div>\n","protected":false},"author":1,"featured_media":104873,"comment_status":"open","ping_status":"open","sticky":false,"template":"","format":"standard","meta":{"footnotes":""},"categories":[10948,10894,10947,10908,10909,10896],"tags":[10910],"class_list":{"0":"post-132698","1":"post","2":"type-post","3":"status-publish","4":"format-standard","5":"has-post-thumbnail","7":"category-infraestructuras-ca","8":"category-la-comarca-ca","9":"category-politica","10":"category-requena-ca","11":"category-requena-utiel-ca","12":"category-seccion-ca","13":"tag-requena-utiel-ca"},"_links":{"self":[{"href":"https:\/\/www.tucomarca.com\/wordpress\/segunda\/ca\/wp-json\/wp\/v2\/posts\/132698","targetHints":{"allow":["GET"]}}],"collection":[{"href":"https:\/\/www.tucomarca.com\/wordpress\/segunda\/ca\/wp-json\/wp\/v2\/posts"}],"about":[{"href":"https:\/\/www.tucomarca.com\/wordpress\/segunda\/ca\/wp-json\/wp\/v2\/types\/post"}],"author":[{"embeddable":true,"href":"https:\/\/www.tucomarca.com\/wordpress\/segunda\/ca\/wp-json\/wp\/v2\/users\/1"}],"replies":[{"embeddable":true,"href":"https:\/\/www.tucomarca.com\/wordpress\/segunda\/ca\/wp-json\/wp\/v2\/comments?post=132698"}],"version-history":[{"count":0,"href":"https:\/\/www.tucomarca.com\/wordpress\/segunda\/ca\/wp-json\/wp\/v2\/posts\/132698\/revisions"}],"wp:featuredmedia":[{"embeddable":true,"href":"https:\/\/www.tucomarca.com\/wordpress\/segunda\/ca\/wp-json\/wp\/v2\/media\/104873"}],"wp:attachment":[{"href":"https:\/\/www.tucomarca.com\/wordpress\/segunda\/ca\/wp-json\/wp\/v2\/media?parent=132698"}],"wp:term":[{"taxonomy":"category","embeddable":true,"href":"https:\/\/www.tucomarca.com\/wordpress\/segunda\/ca\/wp-json\/wp\/v2\/categories?post=132698"},{"taxonomy":"post_tag","embeddable":true,"href":"https:\/\/www.tucomarca.com\/wordpress\/segunda\/ca\/wp-json\/wp\/v2\/tags?post=132698"}],"curies":[{"name":"wp","href":"https:\/\/api.w.org\/{rel}","templated":true}]}}