{"id":132735,"date":"2021-05-14T07:55:00","date_gmt":"2021-05-14T06:55:00","guid":{"rendered":"http:\/\/www.tucomarca.com\/wordpress\/segunda\/?p=132735"},"modified":"2021-05-14T09:57:28","modified_gmt":"2021-05-14T08:57:28","slug":"coag-aposta-per-la-collita-en-verd-com-a-mesura-mes-adequada-per-a-abordar-la-crisi-de-la-covid-19","status":"publish","type":"post","link":"https:\/\/www.tucomarca.com\/wordpress\/segunda\/ca\/coag-aposta-per-la-collita-en-verd-com-a-mesura-mes-adequada-per-a-abordar-la-crisi-de-la-covid-19\/","title":{"rendered":"COAG aposta per la collita en verd com a mesura m\u00e9s adequada per a abordar la crisi de la Covid-19"},"content":{"rendered":"\n<p>La Coordinadora d&#8217;Organitzacions d&#8217;Agricultors i Ramaders (COAG) considera la collita en verd la mesura m\u00e9s adequada per a abordar a curt termini la crisi del sector vitivin\u00edcola, ja que \u00e9s l&#8217;\u00fanica actuaci\u00f3 que elimina mat\u00e8ria primera del mercat abans fins i tot de la seua transformaci\u00f3 a vi. Aix\u00ed s&#8217;ha traslladat al ministeri d&#8217;Agricultura, en resposta al q\u00fcestionari rem\u00e9s a les organitzacions agr\u00e0ries per a abordar la preocupant situaci\u00f3 del sector. El sector vitivin\u00edcola ha sigut des del primer moment un dels m\u00e9s afectats per la pand\u00e8mia de la COVID \u2013 19 a causa del tancament i posteriors restriccions del canal Horeca, ( 60% ) del consum), aix\u00ed com la cancel\u00b7laci\u00f3 de tota mena de festes i esdeveniments en els quals el consum tamb\u00e9 era important.<br>Perqu\u00e8 aquesta mesura siga efica\u00e7 hauria d&#8217;aplicar-se en tot el territori nacional i dotar-se d&#8217;un pressupost extraordinari d&#8217;almenys 40 milions d&#8217;euros, (aportats per la UE, ministeri d&#8217;Agricultura i comunitats aut\u00f2nomes), al marge del Pla de Suport al Sector Vitivin\u00edcola&nbsp;<br>(PASVE). \u201cHem deixat molt clar al ministeri d&#8217;Agricultura que per a executar les mesures extraordin\u00e0ries a causa de la crisi del COVID19 ha d&#8217;establir-se un pressupost extraordinari al marge del PASVE. No es pot hipotecar, per un problema conjuntural ali\u00e9 al sector, un&nbsp;<br>pressupost assignat a les mesures ordin\u00e0ries que s\u00f3n molt necess\u00e0ries per a millorar la competitivitat del sector vitivin\u00edcola, com ara la reestructuraci\u00f3 de la vinya, modernitzaci\u00f3 de cellers o promoci\u00f3 en tercers pa\u00efsos\u201d, ha subratllat Joaqu\u00edn Vizca\u00edno, responsable del sector vitivin\u00edcola de COAG.<br>No obstant aix\u00f2, si no s&#8217;habilitaren finalment fons addicionals, i no quedara m\u00e9s remei que retraure fons del PASVE, COAG aposta perqu\u00e8 aquests diners vaja destinat exclusivament a finan\u00e7ar la collita en verd. Aquesta mesura \u00e9s m\u00e9s que necess\u00e0ria per a aconseguir un reequilibri entre oferta i demanda abans de la verema i evitar l&#8217;impacte dels baixos preus de mercat sobre els preus pagats pel ra\u00efm als viticultors. Tamb\u00e9 es confia que al gener de 2022 es puga activar la norma de comercialitzaci\u00f3 d&#8217;immobilitzaci\u00f3 de vi i most si la situaci\u00f3 ho requereix. Informa, Luis Ib\u00e1\u00f1ez.<\/p>\n\n\n\n<p><\/p>\n","protected":false},"excerpt":{"rendered":"<div class=\"mh-excerpt\">La Coordinadora d&#8217;Organitzacions d&#8217;Agricultors i Ramaders (COAG) considera la collita en verd la mesura m\u00e9s adequada per a abordar a curt termini la crisi del sector vitivin\u00edcola, ja que \u00e9s l&#8217;\u00fanica actuaci\u00f3 que elimina mat\u00e8ria <a class=\"mh-excerpt-more\" href=\"https:\/\/www.tucomarca.com\/wordpress\/segunda\/ca\/coag-aposta-per-la-collita-en-verd-com-a-mesura-mes-adequada-per-a-abordar-la-crisi-de-la-covid-19\/\" title=\"COAG aposta per la collita en verd com a mesura m\u00e9s adequada per a abordar la crisi de la Covid-19\">[+] <\/a><\/div>\n","protected":false},"author":12,"featured_media":113785,"comment_status":"open","ping_status":"open","sticky":false,"template":"","format":"standard","meta":{"footnotes":""},"categories":[10890,10905,10951,10892,12202,11046,10963,10894,10912,10902,10909,10896],"tags":[12591,14569,11939,11940,14568],"class_list":{"0":"post-132735","1":"post","2":"type-post","3":"status-publish","4":"format-standard","5":"has-post-thumbnail","7":"category-ademus","8":"category-agricultura-la-comarca-ca","9":"category-ayora-cofrentes-ca","10":"category-camp-de-turia-ca","11":"category-covid-19-ca","12":"category-los-serranos-ca","13":"category-la-canal-de-navarres-ca","14":"category-la-comarca-ca","15":"category-la-hoya-ca","16":"category-la-ribera-ca","17":"category-requena-utiel-ca","18":"category-seccion-ca","19":"tag-coag-ca","20":"tag-coordinadora-de-organizaciones-de-agricultores-y-ganaderos-ca","21":"tag-coronavirus-ca","22":"tag-covid-19-ca","23":"tag-plan-de-apoyo-al-sector-vitivinicola-pasve-ca"},"_links":{"self":[{"href":"https:\/\/www.tucomarca.com\/wordpress\/segunda\/ca\/wp-json\/wp\/v2\/posts\/132735","targetHints":{"allow":["GET"]}}],"collection":[{"href":"https:\/\/www.tucomarca.com\/wordpress\/segunda\/ca\/wp-json\/wp\/v2\/posts"}],"about":[{"href":"https:\/\/www.tucomarca.com\/wordpress\/segunda\/ca\/wp-json\/wp\/v2\/types\/post"}],"author":[{"embeddable":true,"href":"https:\/\/www.tucomarca.com\/wordpress\/segunda\/ca\/wp-json\/wp\/v2\/users\/12"}],"replies":[{"embeddable":true,"href":"https:\/\/www.tucomarca.com\/wordpress\/segunda\/ca\/wp-json\/wp\/v2\/comments?post=132735"}],"version-history":[{"count":0,"href":"https:\/\/www.tucomarca.com\/wordpress\/segunda\/ca\/wp-json\/wp\/v2\/posts\/132735\/revisions"}],"wp:featuredmedia":[{"embeddable":true,"href":"https:\/\/www.tucomarca.com\/wordpress\/segunda\/ca\/wp-json\/wp\/v2\/media\/113785"}],"wp:attachment":[{"href":"https:\/\/www.tucomarca.com\/wordpress\/segunda\/ca\/wp-json\/wp\/v2\/media?parent=132735"}],"wp:term":[{"taxonomy":"category","embeddable":true,"href":"https:\/\/www.tucomarca.com\/wordpress\/segunda\/ca\/wp-json\/wp\/v2\/categories?post=132735"},{"taxonomy":"post_tag","embeddable":true,"href":"https:\/\/www.tucomarca.com\/wordpress\/segunda\/ca\/wp-json\/wp\/v2\/tags?post=132735"}],"curies":[{"name":"wp","href":"https:\/\/api.w.org\/{rel}","templated":true}]}}