{"id":132772,"date":"2021-05-13T17:00:00","date_gmt":"2021-05-13T16:00:00","guid":{"rendered":"http:\/\/www.tucomarca.com\/wordpress\/segunda\/?p=132772"},"modified":"2021-05-13T19:44:21","modified_gmt":"2021-05-13T18:44:21","slug":"el-club-padel-bunol-arranca-aquest-dissabte-el-seu-torneig-primavera-estiu-amb-gran-nombre-dinscrits","status":"publish","type":"post","link":"https:\/\/www.tucomarca.com\/wordpress\/segunda\/ca\/el-club-padel-bunol-arranca-aquest-dissabte-el-seu-torneig-primavera-estiu-amb-gran-nombre-dinscrits\/","title":{"rendered":"El Club P\u00e0del Bunyol arranca aquest dissabte el seu Torneig Primavera-Estiu amb gran nombre d&#8217;inscrits"},"content":{"rendered":"\n<h4 class=\"wp-block-heading\">Des d&#8217;aquest cap de setmana i fins a mitjan juliol les pistes del Planell acullen partides entre els m\u00e9s de 50 esportistes que s&#8217;han inscrit. Hi ha tres categories.<\/h4>\n\n\n\n<p>La setmana passada inform\u00e0vem de la preparaci\u00f3 del Torneig de P\u00e0del Primavera-Estiu 2021 Bu\u00f1ol en les instal\u00b7lacions del Planell, que comen\u00e7ava el 15 de maig. Ara ja amb tots els aparellaments concrets s&#8217;arranca aquest dissabte i finalitza a mitjan juliol.&nbsp;<\/p>\n\n\n\n<p>L&#8217;horari general de competici\u00f3 \u00e9s de 17 a 21.30h de dilluns a dissabte. Hi haur\u00e0 trofeus per a les dues parelles finalistes de cada categoria. Hi ha categoria primera, segona i tercera. Hi haur\u00e0 un comit\u00e9 disciplinari en cas d&#8217;incompliment, desacord o disputa en les partides, que marcar\u00e0 la norma a seguir. Chimo Faubell, president d&#8217;aquest club bu\u00f1olense, s&#8217;ha mostrat molt satisfet pel gran acolliment que ha tingut aquest torneig amb el gran nombre d&#8217;inscrits, que ha superat els 50.<\/p>\n\n\n\n<p>Encara que estiguen llestos ja els aparellaments i dates i hores, \u201cqueden hores lliures perqu\u00e8 qualsevol persona puga anar a practicar el seu esport favorit, el p\u00e0del, a m\u00e9s de que els dissabtes i diumenges al mat\u00ed les pistes estan obertes per al gaudi d&#8217;aquestes\u201d, recordava Faubell.<\/p>\n\n\n\n<p>El Club anuncia que en les pr\u00f2ximes quatre setmanes es disputar\u00e0 la primera fase. Despr\u00e9s d&#8217;ella ser\u00e0 la Fase de Quadres, on primer i segon de cada grup jugaran a meitat de juny. Es passaran a les eliminat\u00f2ries, que seran el mes de juliol. Els que queden tercers o quarts de cada grup tamb\u00e9 disputaran un quadre de consolaci\u00f3.<\/p>\n\n\n\n<figure class=\"wp-block-gallery columns-1 is-cropped wp-block-gallery-1 is-layout-flex wp-block-gallery-is-layout-flex\"><ul class=\"blocks-gallery-grid\"><li class=\"blocks-gallery-item\"><figure><img loading=\"lazy\" decoding=\"async\" width=\"1024\" height=\"724\" src=\"http:\/\/www.tucomarca.com\/wordpress\/segunda\/wp-content\/uploads\/2021\/05\/CalendarioPadelPrimera-1024x724.jpg\" alt=\"\" data-id=\"132774\" data-full-url=\"https:\/\/www.tucomarca.com\/wordpress\/segunda\/wp-content\/uploads\/2021\/05\/CalendarioPadelPrimera-scaled.jpg\" data-link=\"https:\/\/www.tucomarca.com\/wordpress\/segunda\/ca\/?attachment_id=132774\" class=\"wp-image-132774\" srcset=\"https:\/\/www.tucomarca.com\/wordpress\/segunda\/wp-content\/uploads\/2021\/05\/CalendarioPadelPrimera-1024x724.jpg 1024w, https:\/\/www.tucomarca.com\/wordpress\/segunda\/wp-content\/uploads\/2021\/05\/CalendarioPadelPrimera-300x212.jpg 300w, https:\/\/www.tucomarca.com\/wordpress\/segunda\/wp-content\/uploads\/2021\/05\/CalendarioPadelPrimera-768x543.jpg 768w, https:\/\/www.tucomarca.com\/wordpress\/segunda\/wp-content\/uploads\/2021\/05\/CalendarioPadelPrimera-1536x1085.jpg 1536w, https:\/\/www.tucomarca.com\/wordpress\/segunda\/wp-content\/uploads\/2021\/05\/CalendarioPadelPrimera-2048x1447.jpg 2048w\" sizes=\"auto, (max-width: 1024px) 100vw, 1024px\" \/><\/figure><\/li><li class=\"blocks-gallery-item\"><figure><img loading=\"lazy\" decoding=\"async\" width=\"1024\" height=\"724\" src=\"http:\/\/www.tucomarca.com\/wordpress\/segunda\/wp-content\/uploads\/2021\/05\/CalendarioPadelTercera-1024x724.jpg\" alt=\"\" data-id=\"132776\" data-full-url=\"https:\/\/www.tucomarca.com\/wordpress\/segunda\/wp-content\/uploads\/2021\/05\/CalendarioPadelTercera-scaled.jpg\" data-link=\"https:\/\/www.tucomarca.com\/wordpress\/segunda\/ca\/?attachment_id=132776\" class=\"wp-image-132776\" srcset=\"https:\/\/www.tucomarca.com\/wordpress\/segunda\/wp-content\/uploads\/2021\/05\/CalendarioPadelTercera-1024x724.jpg 1024w, https:\/\/www.tucomarca.com\/wordpress\/segunda\/wp-content\/uploads\/2021\/05\/CalendarioPadelTercera-300x212.jpg 300w, https:\/\/www.tucomarca.com\/wordpress\/segunda\/wp-content\/uploads\/2021\/05\/CalendarioPadelTercera-768x543.jpg 768w, https:\/\/www.tucomarca.com\/wordpress\/segunda\/wp-content\/uploads\/2021\/05\/CalendarioPadelTercera-1536x1085.jpg 1536w, https:\/\/www.tucomarca.com\/wordpress\/segunda\/wp-content\/uploads\/2021\/05\/CalendarioPadelTercera-2048x1447.jpg 2048w\" sizes=\"auto, (max-width: 1024px) 100vw, 1024px\" \/><\/figure><\/li><\/ul><\/figure>\n","protected":false},"excerpt":{"rendered":"<div class=\"mh-excerpt\">Des d&#8217;aquest cap de setmana i fins a mitjan juliol les pistes del Planell acullen partides entre els m\u00e9s de 50 esportistes que s&#8217;han inscrit. Hi ha tres categories. La setmana passada inform\u00e0vem de la <a class=\"mh-excerpt-more\" href=\"https:\/\/www.tucomarca.com\/wordpress\/segunda\/ca\/el-club-padel-bunol-arranca-aquest-dissabte-el-seu-torneig-primavera-estiu-amb-gran-nombre-dinscrits\/\" title=\"El Club P\u00e0del Bunyol arranca aquest dissabte el seu Torneig Primavera-Estiu amb gran nombre d&#8217;inscrits\">[+] <\/a><\/div>\n","protected":false},"author":12,"featured_media":132769,"comment_status":"open","ping_status":"open","sticky":false,"template":"","format":"standard","meta":{"footnotes":""},"categories":[10911,11003,10894,10912,11009,10896],"tags":[10913,14574,10914,14575],"class_list":{"0":"post-132772","1":"post","2":"type-post","3":"status-publish","4":"format-standard","5":"has-post-thumbnail","7":"category-bunol-ca","8":"category-sports","9":"category-la-comarca-ca","10":"category-la-hoya-ca","11":"category-polideportivo-ca","12":"category-seccion-ca","13":"tag-bunol-ca","14":"tag-club-padel-bunol-2","15":"tag-la-hoya-de-bunol-chiva-ca","16":"tag-torneo-primavera-verano-2"},"_links":{"self":[{"href":"https:\/\/www.tucomarca.com\/wordpress\/segunda\/ca\/wp-json\/wp\/v2\/posts\/132772","targetHints":{"allow":["GET"]}}],"collection":[{"href":"https:\/\/www.tucomarca.com\/wordpress\/segunda\/ca\/wp-json\/wp\/v2\/posts"}],"about":[{"href":"https:\/\/www.tucomarca.com\/wordpress\/segunda\/ca\/wp-json\/wp\/v2\/types\/post"}],"author":[{"embeddable":true,"href":"https:\/\/www.tucomarca.com\/wordpress\/segunda\/ca\/wp-json\/wp\/v2\/users\/12"}],"replies":[{"embeddable":true,"href":"https:\/\/www.tucomarca.com\/wordpress\/segunda\/ca\/wp-json\/wp\/v2\/comments?post=132772"}],"version-history":[{"count":0,"href":"https:\/\/www.tucomarca.com\/wordpress\/segunda\/ca\/wp-json\/wp\/v2\/posts\/132772\/revisions"}],"wp:featuredmedia":[{"embeddable":true,"href":"https:\/\/www.tucomarca.com\/wordpress\/segunda\/ca\/wp-json\/wp\/v2\/media\/132769"}],"wp:attachment":[{"href":"https:\/\/www.tucomarca.com\/wordpress\/segunda\/ca\/wp-json\/wp\/v2\/media?parent=132772"}],"wp:term":[{"taxonomy":"category","embeddable":true,"href":"https:\/\/www.tucomarca.com\/wordpress\/segunda\/ca\/wp-json\/wp\/v2\/categories?post=132772"},{"taxonomy":"post_tag","embeddable":true,"href":"https:\/\/www.tucomarca.com\/wordpress\/segunda\/ca\/wp-json\/wp\/v2\/tags?post=132772"}],"curies":[{"name":"wp","href":"https:\/\/api.w.org\/{rel}","templated":true}]}}