{"id":132806,"date":"2021-05-13T19:00:00","date_gmt":"2021-05-13T18:00:00","guid":{"rendered":"http:\/\/www.tucomarca.com\/wordpress\/segunda\/?p=132806"},"modified":"2021-05-13T19:23:35","modified_gmt":"2021-05-13T18:23:35","slug":"la-diputacio-invertix-16-milions-deuros-per-als-ajuntaments-a-traves-del-pla-reacciona-contra-el-canvi-climatic","status":"publish","type":"post","link":"https:\/\/www.tucomarca.com\/wordpress\/segunda\/ca\/la-diputacio-invertix-16-milions-deuros-per-als-ajuntaments-a-traves-del-pla-reacciona-contra-el-canvi-climatic\/","title":{"rendered":"La Diputaci\u00f3 invertix 16 milions d\u2019euros per als ajuntaments a trav\u00e9s del Pla Reacciona contra el canvi clim\u00e0tic"},"content":{"rendered":"\n<p><strong>La vicepresidenta de la corporaci\u00f3 provincial i responsable de l\u2019\u00c0rea de Medi Ambient, M\u00aa Josep Amig\u00f3, i la diputada de Mobilitat Sostenible, Dolors Gimeno, presenten l\u2019estrat\u00e8gia REACCIONA 2021<\/strong><\/p>\n\n\n\n<p><strong>En esta segona edici\u00f3 la convocat\u00f2ria tindr\u00e0 dos fases, inclour\u00e0 noves l\u00ednies i les ajudes seran prepagables<\/strong><\/p>\n\n\n\n<p>La vicepresidenta de la Diputaci\u00f3 i responsable de l\u2019\u00c0rea de Medi Ambient, Maria Josep Amig\u00f3, amb la diputada de Mobilitat Sostenible, Dolors Gimeno, han presentat la segona edici\u00f3 de l\u2019estrat\u00e8gia Reacciona 2021, les ajudes de l\u2019\u00e0rea de Medi Ambient de la Diputaci\u00f3 per acompanyar als ajuntaments de la prov\u00edncia de Val\u00e8ncia en l\u2019emerg\u00e8ncia clim\u00e0tica a trav\u00e9s de la mitigaci\u00f3, l\u2019adaptaci\u00f3 i l\u2019educaci\u00f3 ambiental.<\/p>\n\n\n\n<p>Esta segona convocat\u00f2ria del Reacciona compta amb novetats respecte de la primera edici\u00f3, i \u00e9s que, com ha explicat la vicepresidenta Amig\u00f3 \u201ctindr\u00e0 dos fases, la primera amb sis l\u00ednies que hui presentem i una segona fase que inclour\u00e0 quatre ajudes, tres de les quals seran noves: la implantaci\u00f3 de les accions dels Plans Locals de Gesti\u00f3 de Residus, l\u2019execuci\u00f3 de projectes de vies de ciclovianants i la recuperaci\u00f3 d\u2019espais naturals\u201d.<\/p>\n\n\n\n<p>Altra novetat \u201c\u00e9s que les ajudes s\u00f3n prepagables, \u00e9s a dir, el 85% de l\u2019import de l\u2019adjudicaci\u00f3 s\u2019abonar\u00e0 una vegada s\u2019hagen baremat les sol\u00b7licituds i publicat l\u2019acord de concessi\u00f3. El 15% restant s\u2019abonar\u00e0 quan es justifique la despesa\u201d, ha explicat Maria Josep Amig\u00f3.<\/p>\n\n\n\n<p><strong>Primera convocat\u00f2ria, sis l\u00ednies<\/strong><\/p>\n\n\n\n<p>Per a reduir les emissions s\u2019aposta per un model energ\u00e8tic m\u00e9s eficient i m\u00e9s just amb una subvenci\u00f3 per a l\u2019elaboraci\u00f3 de certificacions energ\u00e8tiques d\u2019edificis municipals dotada amb 171.000 euros.&nbsp;<\/p>\n\n\n\n<p>Una vegada aplicades mesures d\u2019estalvi i redu\u00eft el consum, cal substituir les energies f\u00f2ssils per energies renovables amb l\u2019impuls de l\u2019autoconsum energ\u00e8tic als equipaments municipals amb una inversi\u00f3 d\u2019un mili\u00f3 i mig d\u2019euros. En la baremaci\u00f3 d\u2019esta subvenci\u00f3 es puntua, entre altres coses, si l\u2019ajuntament oferix a la ciutadania bonificacions fiscals de l\u2019IBI i de l\u2019ICIO per la instal\u00b7laci\u00f3 de plaques solars. \u201c\u00c9s a dir, a m\u00e9s de promoure les renovables estem beneficiant directament a la ciutadania i afavorim que la gent siga la protagonista de la transici\u00f3 energ\u00e8tica\u201d, ha destacat Maria Josep Amig\u00f3.<\/p>\n\n\n\n<p>Des de la Delegaci\u00f3 de Mobilitat Sostenible es destinen 150.000 euros per a la redacci\u00f3 de projectes de vies de ciclovianants d\u2019inter\u00e9s natural \u201cper vertebrar el territori i fomentar la mobilitat saludable, la mobilitat en bicicleta o a peu, sobre infraestructures ja existents per\u00f2 en des\u00fas, com \u00e9s el cas d\u2019antics tra\u00e7ats de ferrocarril, camins hist\u00f2rics, vies pecu\u00e0ries, sendes o camins en entorns riberencs i de domini p\u00fablic. En general, la seua filosofia no \u00e9s construir en la natura sin\u00f3 aprofitar el ja constru\u00eft per a recuperar la connexi\u00f3 amb la natura\u201d, ha explicat la diputada de Mobilitat Sostenible, Dolors Gimeno.<\/p>\n\n\n\n<p>Estes ajudes de Mobilitat es complementen amb la subvenci\u00f3 per a la redacci\u00f3 de PMUS dotada amb 650.000 euros. Els PMUS s\u00f3n instruments de participaci\u00f3 ciutadana que ordenen les diferents xarxes de mobilitat situant en el centre de la planificaci\u00f3 a les persones.<\/p>\n\n\n\n<p>En mat\u00e8ria de residus s\u00f3n molts els reptes als quals les entitats locals han de fer front. Es destinen 300.000 euros per a la redacci\u00f3 de Plans Locals de Gesti\u00f3 de Residus, una ferramenta de diagnosi i de participaci\u00f3 ciutadana que permetr\u00e0 als municipis assolir els objectius fixats pel Pla Integral de Residus auton\u00f2mic.<\/p>\n\n\n\n<p>Per a l\u2019adaptaci\u00f3 al canvi clim\u00e0tic, cal valorar el paper protector dels boscos i tindre molta cura de l\u2019aigua. Per aix\u00f2, es destinen prop de set milions d\u2019euros per a millorar les xarxes d\u2019abastament d\u2019aigua potable i de sanejament amb un gran ventall d\u2019actuacions: des d\u2019obres de captaci\u00f3 i distribuci\u00f3 al telecontrol o la digitalitzaci\u00f3, la reposici\u00f3 de comptadors, la construcci\u00f3 de sistemes de drenatge sostenible, les xarxes separatives o el disseny de filtres verds.<\/p>\n\n\n\n<p>Per \u00faltim, s\u2019impulsa la implantaci\u00f3 del programa 50\/50 en les escoles p\u00fabliques, amb una dotaci\u00f3 de 208.000 euros. L\u2019objectiu \u00e9s sensibilitzar i motivar un canvi d\u2019h\u00e0bits, no tan sols en els xiquets i les xiquetes, sin\u00f3 en les comunitats educatives al complet.<\/p>\n\n\n\n<p>En definitiva, \u201cReacciona \u00e9s una convocat\u00f2ria que transmet cohesi\u00f3 i unitat enfront del canvi clim\u00e0tic. S\u00f3n ajudes que dinamitzen el teixit empresarial i alhora transformen els nostres pobles i ciutats en espais m\u00e9s saludables, amables i inclusius en un nou escenari clim\u00e0tic\u201d, ha manifestat la vicepresidenta Maria Josep Amig\u00f3.<\/p>\n\n\n\n<p><strong>32 educadors i educadores ambientals recorreran la prov\u00edncia<\/strong><\/p>\n\n\n\n<p>Dolors Gimeno, diputada de Mancomunitats, ha anunciat tamb\u00e9 que la Diputaci\u00f3 de Val\u00e8ncia, amb un pressupost total d\u2019un mili\u00f3 d\u2019euros, concedir\u00e0 unes ajudes a les diferents mancomunitats, perqu\u00e8 contracten educadors i educadores ambientals durant el per\u00edode d\u2019un any.<\/p>\n\n\n\n<p>Com ha explicat Amig\u00f3, \u201cel Pla Integral de Residus, el nostre marc normatiu, establix l\u2019obligaci\u00f3 dels municipis de contractar educadors i educadores ambientals. A m\u00e9s, esta inversi\u00f3 donar\u00e0 oxigen a un sector que ja patix normalment molt d\u2019intrusisme professional i poc de reconeixement. I l\u2019educaci\u00f3 no es pot limitar a les escoles, ha d\u2019estar present per tot arreu, ha de ser permanent i adre\u00e7ar-se a totes les edats, tamb\u00e9 als adults. I com sabeu, no es pot educar sense educaci\u00f3 ambiental\u201d.<\/p>\n","protected":false},"excerpt":{"rendered":"<div class=\"mh-excerpt\">La vicepresidenta de la corporaci\u00f3 provincial i responsable de l\u2019\u00c0rea de Medi Ambient, M\u00aa Josep Amig\u00f3, i la diputada de Mobilitat Sostenible, Dolors Gimeno, presenten l\u2019estrat\u00e8gia REACCIONA 2021 En esta segona edici\u00f3 la convocat\u00f2ria tindr\u00e0 <a class=\"mh-excerpt-more\" href=\"https:\/\/www.tucomarca.com\/wordpress\/segunda\/ca\/la-diputacio-invertix-16-milions-deuros-per-als-ajuntaments-a-traves-del-pla-reacciona-contra-el-canvi-climatic\/\" title=\"La Diputaci\u00f3 invertix 16 milions d\u2019euros per als ajuntaments a trav\u00e9s del Pla Reacciona contra el canvi clim\u00e0tic\">[+] <\/a><\/div>\n","protected":false},"author":1,"featured_media":132802,"comment_status":"open","ping_status":"open","sticky":false,"template":"","format":"standard","meta":{"footnotes":""},"categories":[11010,12202,10898,10948,10894,10904,10947,10896,10897],"tags":[11246,13527],"class_list":{"0":"post-132806","1":"post","2":"type-post","3":"status-publish","4":"format-standard","5":"has-post-thumbnail","7":"category-canal-salud","8":"category-covid-19-ca","9":"category-ventana-ca","10":"category-infraestructuras-ca","11":"category-la-comarca-ca","12":"category-sin-categorizar-ca","13":"category-politica","14":"category-seccion-ca","15":"category-sucesos-la-comarca-ca","16":"tag-diputacio-de-valencia-ca","17":"tag-reacciona-ca"},"_links":{"self":[{"href":"https:\/\/www.tucomarca.com\/wordpress\/segunda\/ca\/wp-json\/wp\/v2\/posts\/132806","targetHints":{"allow":["GET"]}}],"collection":[{"href":"https:\/\/www.tucomarca.com\/wordpress\/segunda\/ca\/wp-json\/wp\/v2\/posts"}],"about":[{"href":"https:\/\/www.tucomarca.com\/wordpress\/segunda\/ca\/wp-json\/wp\/v2\/types\/post"}],"author":[{"embeddable":true,"href":"https:\/\/www.tucomarca.com\/wordpress\/segunda\/ca\/wp-json\/wp\/v2\/users\/1"}],"replies":[{"embeddable":true,"href":"https:\/\/www.tucomarca.com\/wordpress\/segunda\/ca\/wp-json\/wp\/v2\/comments?post=132806"}],"version-history":[{"count":0,"href":"https:\/\/www.tucomarca.com\/wordpress\/segunda\/ca\/wp-json\/wp\/v2\/posts\/132806\/revisions"}],"wp:featuredmedia":[{"embeddable":true,"href":"https:\/\/www.tucomarca.com\/wordpress\/segunda\/ca\/wp-json\/wp\/v2\/media\/132802"}],"wp:attachment":[{"href":"https:\/\/www.tucomarca.com\/wordpress\/segunda\/ca\/wp-json\/wp\/v2\/media?parent=132806"}],"wp:term":[{"taxonomy":"category","embeddable":true,"href":"https:\/\/www.tucomarca.com\/wordpress\/segunda\/ca\/wp-json\/wp\/v2\/categories?post=132806"},{"taxonomy":"post_tag","embeddable":true,"href":"https:\/\/www.tucomarca.com\/wordpress\/segunda\/ca\/wp-json\/wp\/v2\/tags?post=132806"}],"curies":[{"name":"wp","href":"https:\/\/api.w.org\/{rel}","templated":true}]}}