{"id":132889,"date":"2021-05-14T10:05:00","date_gmt":"2021-05-14T09:05:00","guid":{"rendered":"http:\/\/www.tucomarca.com\/wordpress\/segunda\/?p=132889"},"modified":"2021-05-14T14:20:54","modified_gmt":"2021-05-14T13:20:54","slug":"el-teatre-liceu-de-xest-acollira-una-mostra-de-teatre-dombres-a-carrec-de-lalumnat-del-taller-de-teatre-municipal","status":"publish","type":"post","link":"https:\/\/www.tucomarca.com\/wordpress\/segunda\/ca\/el-teatre-liceu-de-xest-acollira-una-mostra-de-teatre-dombres-a-carrec-de-lalumnat-del-taller-de-teatre-municipal\/","title":{"rendered":"El teatre Liceu de Xest acollir\u00e0 una mostra de teatre d&#8217;ombres a c\u00e0rrec de l&#8217;alumnat del taller de teatre municipal"},"content":{"rendered":"\n<p>Durant aquest mes de maig l&#8217;alumnat del taller de teatre municipal est\u00e0 participant en un curs de teatre d&#8217;ombres, a c\u00e0rrec de Vicente Ortol\u00e0 i Mariola Ponce, fundadors de Teatres de la Llum, i el pr\u00f2xim 5 de juny, dissabte, realitzaran una mostra de l&#8217;apr\u00e9s, a les 19 hores en el teatre Liceu.<\/p>\n\n\n\n<p>\u201cEn aquesta nova proposta del taller municipal de teatre s&#8217;est\u00e0 treballant la t\u00e8cnica de les ombres, explorant formes expressives alternatives a les tradicionals. Aquestes ganes d&#8217;obrir el camp del teatre enllacen amb l&#8217;objectiu de les regidories de Joventut i Festes d&#8217;atraure als i les joves amb iniciatives diferents, eixint dels espais convencionals cap a l&#8217;espai urb\u00e0, per exemple\u201d, ha apuntat el regidor, Ra\u00fal Mota. \u201cTamb\u00e9 pretenem impulsar la consolidaci\u00f3 del taller com a escola de teatre, perqu\u00e8 adquirisca renom i servisca com a reconeixement als i les integrants m\u00e9s veterans i siga m\u00e9s atractiva per als seus futurs membres\u201d.<\/p>\n\n\n\n<p><strong>Teatres de la Llum<\/strong><\/p>\n\n\n\n<p>Amb aquest taller, Teatres de la Llum t\u00e9 com a objectiu promoure l&#8217;art esc\u00e8nic a trav\u00e9s del llenguatge de la llum i les ombres, obrint un espai i investigaci\u00f3, expressi\u00f3 i creaci\u00f3 que denominen \u201cla gram\u00e0tica de la llum\u201d. Des de la seua creaci\u00f3, en 2003, aquesta companyia ha estat vinculada a diferents projectes de dinamitzaci\u00f3 cultural i programes educatius, en la formaci\u00f3 d&#8217;artistes, professorat i alumnat.<\/p>\n","protected":false},"excerpt":{"rendered":"<div class=\"mh-excerpt\">Durant aquest mes de maig l&#8217;alumnat del taller de teatre municipal est\u00e0 participant en un curs de teatre d&#8217;ombres, a c\u00e0rrec de Vicente Ortol\u00e0 i Mariola Ponce, fundadors de Teatres de la Llum, i el <a class=\"mh-excerpt-more\" href=\"https:\/\/www.tucomarca.com\/wordpress\/segunda\/ca\/el-teatre-liceu-de-xest-acollira-una-mostra-de-teatre-dombres-a-carrec-de-lalumnat-del-taller-de-teatre-municipal\/\" title=\"El teatre Liceu de Xest acollir\u00e0 una mostra de teatre d&#8217;ombres a c\u00e0rrec de l&#8217;alumnat del taller de teatre municipal\">[+] <\/a><\/div>\n","protected":false},"author":12,"featured_media":132888,"comment_status":"open","ping_status":"open","sticky":false,"template":"","format":"standard","meta":{"footnotes":""},"categories":[11019,10948,10894,10912,11007,10896,10974],"tags":[11071,10914,14579,12986],"class_list":{"0":"post-132889","1":"post","2":"type-post","3":"status-publish","4":"format-standard","5":"has-post-thumbnail","7":"category-agenda-ca","8":"category-infraestructuras-ca","9":"category-la-comarca-ca","10":"category-la-hoya-ca","11":"category-ocio-y-cultura-ca","12":"category-seccion-ca","13":"category-cheste-ca","14":"tag-cheste","15":"tag-la-hoya-de-bunol-chiva-ca","16":"tag-taller-de-teatro-municipal-ca","17":"tag-teatro-liceo-ca"},"_links":{"self":[{"href":"https:\/\/www.tucomarca.com\/wordpress\/segunda\/ca\/wp-json\/wp\/v2\/posts\/132889","targetHints":{"allow":["GET"]}}],"collection":[{"href":"https:\/\/www.tucomarca.com\/wordpress\/segunda\/ca\/wp-json\/wp\/v2\/posts"}],"about":[{"href":"https:\/\/www.tucomarca.com\/wordpress\/segunda\/ca\/wp-json\/wp\/v2\/types\/post"}],"author":[{"embeddable":true,"href":"https:\/\/www.tucomarca.com\/wordpress\/segunda\/ca\/wp-json\/wp\/v2\/users\/12"}],"replies":[{"embeddable":true,"href":"https:\/\/www.tucomarca.com\/wordpress\/segunda\/ca\/wp-json\/wp\/v2\/comments?post=132889"}],"version-history":[{"count":0,"href":"https:\/\/www.tucomarca.com\/wordpress\/segunda\/ca\/wp-json\/wp\/v2\/posts\/132889\/revisions"}],"wp:featuredmedia":[{"embeddable":true,"href":"https:\/\/www.tucomarca.com\/wordpress\/segunda\/ca\/wp-json\/wp\/v2\/media\/132888"}],"wp:attachment":[{"href":"https:\/\/www.tucomarca.com\/wordpress\/segunda\/ca\/wp-json\/wp\/v2\/media?parent=132889"}],"wp:term":[{"taxonomy":"category","embeddable":true,"href":"https:\/\/www.tucomarca.com\/wordpress\/segunda\/ca\/wp-json\/wp\/v2\/categories?post=132889"},{"taxonomy":"post_tag","embeddable":true,"href":"https:\/\/www.tucomarca.com\/wordpress\/segunda\/ca\/wp-json\/wp\/v2\/tags?post=132889"}],"curies":[{"name":"wp","href":"https:\/\/api.w.org\/{rel}","templated":true}]}}