{"id":132940,"date":"2021-05-14T07:00:00","date_gmt":"2021-05-14T06:00:00","guid":{"rendered":"http:\/\/www.tucomarca.com\/wordpress\/segunda\/?p=132940"},"modified":"2021-05-14T19:20:56","modified_gmt":"2021-05-14T18:20:56","slug":"lajuntament-de-bunyol-recull-en-lultim-bim-el-seu-govern-durant-la-pandemia","status":"publish","type":"post","link":"https:\/\/www.tucomarca.com\/wordpress\/segunda\/ca\/lajuntament-de-bunyol-recull-en-lultim-bim-el-seu-govern-durant-la-pandemia\/","title":{"rendered":"L&#8217;Ajuntament de Bunyol recull en l&#8217;\u00faltim BIM el seu govern durant la pand\u00e8mia"},"content":{"rendered":"\n<h4 class=\"wp-block-heading\">El document recull els dos anys de legislatura que porta l&#8217;actual Govern de la localitat format per PSOE, EU i Podemos<\/h4>\n\n\n\n<p>L&#8217;Ajuntament de Bunyol trau aquesta setmana al carrer el seu tradicional Butllet\u00ed d&#8217;Informaci\u00f3 Municipal. Aquest document \u2013que arribar\u00e0 a la casa de totes les ve\u00efnes i ve\u00efns aquests dies- recull en les seues 40 p\u00e0gines, els dos anys de legislatura de l&#8217;executiu bunyolense, format per PSOE, Esquerra Unida i Podemos. Sobretot, se centra en aquest \u00faltim any en qu\u00e8 la pand\u00e8mia de COVID-19 ha macado l&#8217;agenda pol\u00edtica i social.<\/p>\n\n\n\n<p>&#8220;Al llarg d&#8217;aqueix text, es pot comprovar com totes les regidories han dedicat els seus esfor\u00e7os a pal\u00b7liar les conseq\u00fc\u00e8ncies, sobretot, econ\u00f2miques derivades de la pand\u00e8mia. La intenci\u00f3 del Govern bunyolense ha sigut que cap ve\u00ed i ve\u00efna es quede arrere en una crisi que ens ha colpejat a tots. Des de totes les regidories s&#8217;han destinat partides espec\u00edfiques per a ajudar als sectors m\u00e9s vulnerables de la poblaci\u00f3. Aix\u00f2 unit a les ajudes estatals i auton\u00f2miques, han contribu\u00eft a intentar alleujar la situaci\u00f3 de ve\u00efns i empresaris del municipi&#8221;, segons fonts municipals.<\/p>\n\n\n\n<p>&#8220;I en la tasca d&#8217;intentar ajudar en tot el possible a les ve\u00efnes i ve\u00efns de Bunyol, l&#8217;Ajuntament no ha estat nom\u00e9s. Les nombroses associacions i entitats de la localitat han aportat el seu granet d&#8217;arena. Aquestes, unides a un nodrit grup de voluntaris, han tirat una m\u00e0 a l&#8217;hora intentant pal\u00b7liar amb les seues accions les conseq\u00fc\u00e8ncies de la pand\u00e8mia. Ja siga prestant la seua ajuda desinteressada, elaborant m\u00e0scares o pantalles de protecci\u00f3, donant menjar, roba, material sanitari als diferents centres de salut del municipi, netejant els carrers, portant a gent als hospitals etc. En aquest BIM, queda reflectit que el teixit associatiu de Bunyol tamb\u00e9 ha sigut clau per a superar una situaci\u00f3 molt complicada&#8221;, afexigen fonts municipals.<\/p>\n\n\n\n<p>Tamb\u00e9 cal destacar, que aquest Butllet\u00ed d&#8217;Informaci\u00f3 Municipal, no sols est\u00e0 centrat en l&#8217;acci\u00f3 de Govern durant la pand\u00e8mia, sin\u00f3 que es remunta molt m\u00e9s arrere, \u00e9s a dir, fins a juny de 2019, que \u00e9s quan va comen\u00e7ar la legislatura. Recull tots els projectes que s&#8217;han anat desenvolupant en les diferents \u00e0rees de Govern del consistori bunyolense.<\/p>\n\n\n\n<p>Per part seua, el Regidor de Comunicaci\u00f3 de Bunyol, Manuel Sierra ha destacat que \u201cdes de l&#8217;Ajuntament creiem en el BIM com a eina ideal perqu\u00e8 la informaci\u00f3 del nostre municipi arribe a tots els ve\u00efns i que la bretxa digital no siga un impediment, perqu\u00e8 tots puguen estar al dia del que esdev\u00e9 a Bunyol, a m\u00e9s de que fins i tot hui dia, la publicaci\u00f3 en paper continua sent la millor f\u00f3rmula perqu\u00e8 les hist\u00f2ries perduren en el temps i no acaben difuminant-se amb el pas dels anys\u201d. Sierra afig que \u201cla incorporaci\u00f3 de la societat civil en aquest n\u00famero per mitj\u00e0 de les nostres associacions m\u00e9s destacades, \u00e9s un bon testimoniatge perqu\u00e8 en el futur recordem com va afectar el pas de la pand\u00e8mia pel nostre municipi i a les vicissituds a les quals es van veure sotmesos tot tipus de col\u00b7lectius, per la qual cosa esperem que siga del grat de tots aquesta revista municipal del mes de maig de 2021\u201d.<\/p>\n","protected":false},"excerpt":{"rendered":"<div class=\"mh-excerpt\">El document recull els dos anys de legislatura que porta l&#8217;actual Govern de la localitat format per PSOE, EU i Podemos L&#8217;Ajuntament de Bunyol trau aquesta setmana al carrer el seu tradicional Butllet\u00ed d&#8217;Informaci\u00f3 Municipal. <a class=\"mh-excerpt-more\" href=\"https:\/\/www.tucomarca.com\/wordpress\/segunda\/ca\/lajuntament-de-bunyol-recull-en-lultim-bim-el-seu-govern-durant-la-pandemia\/\" title=\"L&#8217;Ajuntament de Bunyol recull en l&#8217;\u00faltim BIM el seu govern durant la pand\u00e8mia\">[+] <\/a><\/div>\n","protected":false},"author":12,"featured_media":90630,"comment_status":"open","ping_status":"open","sticky":false,"template":"","format":"standard","meta":{"footnotes":""},"categories":[10911,10912,10947,10896],"tags":[14583,10913,12614,10914],"class_list":{"0":"post-132940","1":"post","2":"type-post","3":"status-publish","4":"format-standard","5":"has-post-thumbnail","7":"category-bunol-ca","8":"category-la-hoya-ca","9":"category-politica","10":"category-seccion-ca","11":"tag-bim-ca","12":"tag-bunol-ca","13":"tag-equipo-de-gobierno-ca","14":"tag-la-hoya-de-bunol-chiva-ca"},"_links":{"self":[{"href":"https:\/\/www.tucomarca.com\/wordpress\/segunda\/ca\/wp-json\/wp\/v2\/posts\/132940","targetHints":{"allow":["GET"]}}],"collection":[{"href":"https:\/\/www.tucomarca.com\/wordpress\/segunda\/ca\/wp-json\/wp\/v2\/posts"}],"about":[{"href":"https:\/\/www.tucomarca.com\/wordpress\/segunda\/ca\/wp-json\/wp\/v2\/types\/post"}],"author":[{"embeddable":true,"href":"https:\/\/www.tucomarca.com\/wordpress\/segunda\/ca\/wp-json\/wp\/v2\/users\/12"}],"replies":[{"embeddable":true,"href":"https:\/\/www.tucomarca.com\/wordpress\/segunda\/ca\/wp-json\/wp\/v2\/comments?post=132940"}],"version-history":[{"count":0,"href":"https:\/\/www.tucomarca.com\/wordpress\/segunda\/ca\/wp-json\/wp\/v2\/posts\/132940\/revisions"}],"wp:featuredmedia":[{"embeddable":true,"href":"https:\/\/www.tucomarca.com\/wordpress\/segunda\/ca\/wp-json\/wp\/v2\/media\/90630"}],"wp:attachment":[{"href":"https:\/\/www.tucomarca.com\/wordpress\/segunda\/ca\/wp-json\/wp\/v2\/media?parent=132940"}],"wp:term":[{"taxonomy":"category","embeddable":true,"href":"https:\/\/www.tucomarca.com\/wordpress\/segunda\/ca\/wp-json\/wp\/v2\/categories?post=132940"},{"taxonomy":"post_tag","embeddable":true,"href":"https:\/\/www.tucomarca.com\/wordpress\/segunda\/ca\/wp-json\/wp\/v2\/tags?post=132940"}],"curies":[{"name":"wp","href":"https:\/\/api.w.org\/{rel}","templated":true}]}}