{"id":133078,"date":"2021-05-17T08:56:00","date_gmt":"2021-05-17T07:56:00","guid":{"rendered":"http:\/\/www.tucomarca.com\/wordpress\/segunda\/?p=133078"},"modified":"2021-05-17T13:32:48","modified_gmt":"2021-05-17T12:32:48","slug":"bunyol-comenca-a-perfilar-el-projecte-educatiu-de-formacio-professional-dual-per-al-curs-2022-2023-seguint-lexemple-dibi","status":"publish","type":"post","link":"https:\/\/www.tucomarca.com\/wordpress\/segunda\/ca\/bunyol-comenca-a-perfilar-el-projecte-educatiu-de-formacio-professional-dual-per-al-curs-2022-2023-seguint-lexemple-dibi\/","title":{"rendered":"Bunyol comen\u00e7a a perfilar el projecte educatiu de Formaci\u00f3 Professional Dual per al curs 2022-2023 seguint l&#8217;exemple d&#8217;Ibi"},"content":{"rendered":"\n<h4 class=\"wp-block-heading\">En una reuni\u00f3 celebrada en Buinsa dimarts passat van ser presents representants de la Conselleria d&#8217;Educaci\u00f3, de l&#8217;Associaci\u00f3 d&#8217;Empresaris d&#8217;Ibi, d&#8217;empreses de la Foia i de l&#8217;Associaci\u00f3 d&#8217;Empresaris i Aut\u00f2noms de Bunyol, al costat de l&#8217;Alcaldessa i primer Tinent d&#8217;Alcalde.<\/h4>\n\n\n\n<p>Les instal\u00b7lacions de Buinsa van albergar dimarts passat una reuni\u00f3 per a comen\u00e7ar a tra\u00e7ar el projecte educatiu de Formaci\u00f3 Professional Dual en La Foia de Bunyol-Chiva per al curs 2022-2023. Per a aix\u00f2 es va comptar amb la pres\u00e8ncia del Director General de Formaci\u00f3 Professional de la Generalitat Valenciana, Manuel Gomicia, i del Director de l&#8217;Associaci\u00f3 d&#8217;Empresaris d&#8217;IBI, H\u00e9ctor Torrente. En aquesta localitat valenciana s&#8217;ha implantat aquest tipus de formaci\u00f3 professional i per aix\u00f2 es va informar de l&#8217;\u00e8xit en la zona i les empreses per a poder adaptar-lo a Bunyol i comarca.<\/p>\n\n\n\n<p>En aquesta reuni\u00f3 van ser presents Juncal Carrascosa, Alcaldessa de Bunyol, Rafa P\u00e9rez, Tinent d&#8217;Alcalde i delegat de l&#8217;\u00c0rea d&#8217;Educaci\u00f3 a l&#8217;Ajuntament de Bunyol, Rafa Benlloch i Carmen Ortu\u00f1o, per Buinsa, i diverses empreses del municipi interessades en la implantaci\u00f3 d&#8217;aquesta formaci\u00f3 professional com: Faerch Plast Bunyol, C\u00e1rnicas Mart\u00ednez, C\u00e1rnicas Medina, Talleres Ventas (tamb\u00e9 representava a l&#8217;Associaci\u00f3 d&#8217;Empresaris i Aut\u00f2noms de Bunyol), Talleres Pinach, Talleres Sol\u00e1, Tefralux, DCM, Gecomplast y Bemeco.<\/p>\n\n\n\n<p>Mario Al\u00eds, representant de l&#8217;Associaci\u00f3 d&#8217;Empresaris i Aut\u00f2noms de Bunyol, i gerent de Tallers Vendes, s&#8217;ha mostrat molt satisfet per aquesta iniciativa, ja que, ent\u00e9n que en aquests moments hi ha una falta important de m\u00e0 d&#8217;obra qualificada en la zona. \u201cPer aix\u00f2, a pesar que hem de continuar amb m\u00e9s reunions, amb Conselleria, instituts d&#8217;FP de la comarca, i Buinsa, \u00e9s una excel\u00b7lent iniciativa, que podr\u00e0 veure els seus fruits a llarg termini i que ser\u00e0 molt beneficiosa per a millorar la qualitat i rapidesa en els tallers mec\u00e0nics i tamb\u00e9 incrementar l&#8217;ocupabilitat entre els m\u00e9s joves\u201d, va sentenciar.<\/p>\n\n\n\n<p>En les pr\u00f2ximes reunions han de tra\u00e7ar un temari i una especialitat concreta atenent les necessitats de la majoria de les empreses de la zona perqu\u00e8 l&#8217;FP Dual siga una realitat en els instituts de la zona en el curs 2022-2023. Tot aix\u00f2 ser\u00e0 traslladat a la Conselleria d&#8217;Educaci\u00f3 a costa de la seua aprovaci\u00f3 final.&nbsp;<\/p>\n\n\n\n<p>Iovana, de BEMECO, va qualificar de positiva aquesta reuni\u00f3 on es va comptar amb l&#8217;experi\u00e8ncia d&#8217;Ibi per a poder afrontar amb garanties aquest tipus de formaci\u00f3 professional, aplicada a cobrir les necessitats i mancances que actualment compten les empreses de Bunyol i tota la comarca. Recorda que compten amb l&#8217;ajuda de Buinsa i l&#8217;Associaci\u00f3 d&#8217;Empresaris i Aut\u00f2noms de Bunyol.<\/p>\n\n\n\n<p>Juncal Carrascosa, Alcaldessa del municipi, est\u00e0 molt satisfeta per poder veure plasmat un projecte que va comen\u00e7ar fa uns anys i que finalment ser\u00e0 una realitat pr\u00f2ximament, de manera que suplisca tamb\u00e9 la desocupaci\u00f3 juvenil, la formaci\u00f3 espec\u00edfica dels tallers i la millora de la situaci\u00f3 econ\u00f2mica en la zona.<\/p>\n\n\n\n<p><\/p>\n","protected":false},"excerpt":{"rendered":"<div class=\"mh-excerpt\">En una reuni\u00f3 celebrada en Buinsa dimarts passat van ser presents representants de la Conselleria d&#8217;Educaci\u00f3, de l&#8217;Associaci\u00f3 d&#8217;Empresaris d&#8217;Ibi, d&#8217;empreses de la Foia i de l&#8217;Associaci\u00f3 d&#8217;Empresaris i Aut\u00f2noms de Bunyol, al costat de <a class=\"mh-excerpt-more\" href=\"https:\/\/www.tucomarca.com\/wordpress\/segunda\/ca\/bunyol-comenca-a-perfilar-el-projecte-educatiu-de-formacio-professional-dual-per-al-curs-2022-2023-seguint-lexemple-dibi\/\" title=\"Bunyol comen\u00e7a a perfilar el projecte educatiu de Formaci\u00f3 Professional Dual per al curs 2022-2023 seguint l&#8217;exemple d&#8217;Ibi\">[+] <\/a><\/div>\n","protected":false},"author":12,"featured_media":133077,"comment_status":"open","ping_status":"open","sticky":false,"template":"","format":"standard","meta":{"footnotes":""},"categories":[10911,10948,10894,10912,10947,10896],"tags":[11675,10913,14595,10914],"class_list":{"0":"post-133078","1":"post","2":"type-post","3":"status-publish","4":"format-standard","5":"has-post-thumbnail","7":"category-bunol-ca","8":"category-infraestructuras-ca","9":"category-la-comarca-ca","10":"category-la-hoya-ca","11":"category-politica","12":"category-seccion-ca","13":"tag-asociacion-de-empresarios-y-autonomos-de-bunol-ca","14":"tag-bunol-ca","15":"tag-formacion-profesional-dual-ca","16":"tag-la-hoya-de-bunol-chiva-ca"},"_links":{"self":[{"href":"https:\/\/www.tucomarca.com\/wordpress\/segunda\/ca\/wp-json\/wp\/v2\/posts\/133078","targetHints":{"allow":["GET"]}}],"collection":[{"href":"https:\/\/www.tucomarca.com\/wordpress\/segunda\/ca\/wp-json\/wp\/v2\/posts"}],"about":[{"href":"https:\/\/www.tucomarca.com\/wordpress\/segunda\/ca\/wp-json\/wp\/v2\/types\/post"}],"author":[{"embeddable":true,"href":"https:\/\/www.tucomarca.com\/wordpress\/segunda\/ca\/wp-json\/wp\/v2\/users\/12"}],"replies":[{"embeddable":true,"href":"https:\/\/www.tucomarca.com\/wordpress\/segunda\/ca\/wp-json\/wp\/v2\/comments?post=133078"}],"version-history":[{"count":0,"href":"https:\/\/www.tucomarca.com\/wordpress\/segunda\/ca\/wp-json\/wp\/v2\/posts\/133078\/revisions"}],"wp:featuredmedia":[{"embeddable":true,"href":"https:\/\/www.tucomarca.com\/wordpress\/segunda\/ca\/wp-json\/wp\/v2\/media\/133077"}],"wp:attachment":[{"href":"https:\/\/www.tucomarca.com\/wordpress\/segunda\/ca\/wp-json\/wp\/v2\/media?parent=133078"}],"wp:term":[{"taxonomy":"category","embeddable":true,"href":"https:\/\/www.tucomarca.com\/wordpress\/segunda\/ca\/wp-json\/wp\/v2\/categories?post=133078"},{"taxonomy":"post_tag","embeddable":true,"href":"https:\/\/www.tucomarca.com\/wordpress\/segunda\/ca\/wp-json\/wp\/v2\/tags?post=133078"}],"curies":[{"name":"wp","href":"https:\/\/api.w.org\/{rel}","templated":true}]}}