{"id":133297,"date":"2021-05-19T20:00:00","date_gmt":"2021-05-19T19:00:00","guid":{"rendered":"http:\/\/www.tucomarca.com\/wordpress\/segunda\/?p=133297"},"modified":"2021-05-19T20:57:15","modified_gmt":"2021-05-19T19:57:15","slug":"video-reportatge-aixi-va-viure-el-cd-bunyol-la-seua-copa","status":"publish","type":"post","link":"https:\/\/www.tucomarca.com\/wordpress\/segunda\/ca\/video-reportatge-aixi-va-viure-el-cd-bunyol-la-seua-copa\/","title":{"rendered":"V\u00eddeo reportatge: Aix\u00ed va viure el CD Bunyol la seua Copa"},"content":{"rendered":"\n<h4 class=\"wp-block-heading\"><strong>V\u00eddeo reportatge elaborat per tucomarca televisi\u00f3 de l&#8217;\u00e8pica participaci\u00f3 del Club Esportiu Bunyol en la Copa de Sa Majestat El Rei durant la temporada 2020-21<\/strong><\/h4>\n\n\n\n<figure class=\"wp-block-embed is-type-video is-provider-youtube wp-block-embed-youtube wp-embed-aspect-16-9 wp-has-aspect-ratio\"><div class=\"wp-block-embed__wrapper\">\n<iframe loading=\"lazy\" title=\"V\u00eddeo reportaje: As\u00ed vivi\u00f3 el CD Bu\u00f1ol su Copa\" width=\"500\" height=\"281\" src=\"https:\/\/www.youtube.com\/embed\/7wAz6Bg2K1E?feature=oembed\" frameborder=\"0\" allow=\"accelerometer; autoplay; clipboard-write; encrypted-media; gyroscope; picture-in-picture; web-share\" referrerpolicy=\"strict-origin-when-cross-origin\" allowfullscreen><\/iframe>\n<\/div><\/figure>\n\n\n\n<p>Quan el Club Esportiu Bunyol est\u00e0 a pocs punts de coronar-se com a campi\u00f3 de la temporada en el grup tercer de la Regional Preferent valenciana, des de <strong>tucomarca televisi\u00f3<\/strong> hem elaborat un reportatge d&#8217;una hora de duraci\u00f3 on els propis protagonistes d&#8217;aquesta gesta esportiva narren com van viure la primera participaci\u00f3 de la seua hist\u00f2ria en la fase final de la Copa de Sa Majestat el Rei durant la temporada 2020-21.<\/p>\n\n\n\n<p>Tota una fita en la centen\u00e0ria hist\u00f2ria del club que recordem en tucomarca televisi\u00f3 quan el conjunt bunyolense es troba a les portes d&#8217;una m\u00e9s que probable participaci\u00f3 en el play off d&#8217;ascens a Tercera Divisi\u00f3 i amb el que des de <strong>tucomarca.com<\/strong> volem transmetre&#8217;ls els nostres \u00e0nims en aquesta fase final de la temporada.<\/p>\n","protected":false},"excerpt":{"rendered":"<div class=\"mh-excerpt\">V\u00eddeo reportatge elaborat per tucomarca televisi\u00f3 de l&#8217;\u00e8pica participaci\u00f3 del Club Esportiu Bunyol en la Copa de Sa Majestat El Rei durant la temporada 2020-21 Quan el Club Esportiu Bunyol est\u00e0 a pocs punts de <a class=\"mh-excerpt-more\" href=\"https:\/\/www.tucomarca.com\/wordpress\/segunda\/ca\/video-reportatge-aixi-va-viure-el-cd-bunyol-la-seua-copa\/\" title=\"V\u00eddeo reportatge: Aix\u00ed va viure el CD Bunyol la seua Copa\">[+] <\/a><\/div>\n","protected":false},"author":1,"featured_media":132681,"comment_status":"open","ping_status":"open","sticky":false,"template":"","format":"video","meta":{"footnotes":""},"categories":[10911,11015,11003,10898,10894,10904,10912,10896,11062],"tags":[11126,12752,11074,11547,10914,12802],"class_list":{"0":"post-133297","1":"post","2":"type-post","3":"status-publish","4":"format-video","5":"has-post-thumbnail","7":"category-bunol-ca","8":"category-canal-futbol","9":"category-sports","10":"category-ventana-ca","11":"category-la-comarca-ca","12":"category-sin-categorizar-ca","13":"category-la-hoya-ca","14":"category-seccion-ca","15":"category-videos","16":"tag-cd-bunol-ca","17":"tag-copa-del-rey-ca","18":"tag-deportes-ca","19":"tag-esport-ca","20":"tag-la-hoya-de-bunol-chiva-ca","21":"tag-regional-preferente-ca","22":"post_format-post-format-video"},"_links":{"self":[{"href":"https:\/\/www.tucomarca.com\/wordpress\/segunda\/ca\/wp-json\/wp\/v2\/posts\/133297","targetHints":{"allow":["GET"]}}],"collection":[{"href":"https:\/\/www.tucomarca.com\/wordpress\/segunda\/ca\/wp-json\/wp\/v2\/posts"}],"about":[{"href":"https:\/\/www.tucomarca.com\/wordpress\/segunda\/ca\/wp-json\/wp\/v2\/types\/post"}],"author":[{"embeddable":true,"href":"https:\/\/www.tucomarca.com\/wordpress\/segunda\/ca\/wp-json\/wp\/v2\/users\/1"}],"replies":[{"embeddable":true,"href":"https:\/\/www.tucomarca.com\/wordpress\/segunda\/ca\/wp-json\/wp\/v2\/comments?post=133297"}],"version-history":[{"count":0,"href":"https:\/\/www.tucomarca.com\/wordpress\/segunda\/ca\/wp-json\/wp\/v2\/posts\/133297\/revisions"}],"wp:featuredmedia":[{"embeddable":true,"href":"https:\/\/www.tucomarca.com\/wordpress\/segunda\/ca\/wp-json\/wp\/v2\/media\/132681"}],"wp:attachment":[{"href":"https:\/\/www.tucomarca.com\/wordpress\/segunda\/ca\/wp-json\/wp\/v2\/media?parent=133297"}],"wp:term":[{"taxonomy":"category","embeddable":true,"href":"https:\/\/www.tucomarca.com\/wordpress\/segunda\/ca\/wp-json\/wp\/v2\/categories?post=133297"},{"taxonomy":"post_tag","embeddable":true,"href":"https:\/\/www.tucomarca.com\/wordpress\/segunda\/ca\/wp-json\/wp\/v2\/tags?post=133297"}],"curies":[{"name":"wp","href":"https:\/\/api.w.org\/{rel}","templated":true}]}}