{"id":133458,"date":"2021-05-21T12:00:00","date_gmt":"2021-05-21T11:00:00","guid":{"rendered":"http:\/\/www.tucomarca.com\/wordpress\/segunda\/?p=133458"},"modified":"2021-05-21T18:39:58","modified_gmt":"2021-05-21T17:39:58","slug":"lajuntament-de-bunyol-conclou-les-primeres-jornades-de-memoria-historica-i-democratica-hui","status":"publish","type":"post","link":"https:\/\/www.tucomarca.com\/wordpress\/segunda\/ca\/lajuntament-de-bunyol-conclou-les-primeres-jornades-de-memoria-historica-i-democratica-hui\/","title":{"rendered":"L&#8217;Ajuntament de Bunyol conclou les primeres Jornades de Mem\u00f2ria Hist\u00f2rica i Democr\u00e0tica hui"},"content":{"rendered":"\n<h4 class=\"wp-block-heading\">Les I Jornades de Mem\u00f2ria Hist\u00f2rica a Bunyol, que coincideixen amb el 90\u00e9 Aniversari de la proclamaci\u00f3 de la II Rep\u00fablica finalitzen hui en la localitat.<\/h4>\n\n\n\n<p><br>El regidor de l&#8217;Ajuntament de Bunyol, Carles Xerri, recorda que en aquestes jornades el Consistori commemora el 90\u00e9 Aniversari de la proclamaci\u00f3 de la II Rep\u00fablica, \u201cuna fita hist\u00f2rica amb el qual la immensa majoria de la corporaci\u00f3 municipal ens identifiquem i reconeixem, com una de les experi\u00e8ncies d&#8217;organitzaci\u00f3 pol\u00edtica i social que m\u00e9s avan\u00e7os va aconseguir en la hist\u00f2ria d&#8217;Espanya\u201d.&nbsp;<br>Aquestes jornades formen part del comprom\u00eds d&#8217;aquest Ajuntament per treballar conjuntament amb el moviment memorialista del Pa\u00eds Valenci\u00e0 en una perspectiva i orientaci\u00f3 clara, que \u00e9s la de treballar en la cerca de la veritat, la just\u00edcia i la reparaci\u00f3 i les garanties de no repetici\u00f3 per a totes les v\u00edctimes del feixisme i la dictadura com un exercici necessari de recuperaci\u00f3 de la hist\u00f2ria silenciada de tantes persones que van lluitar i van defensar els somnis de llibertat i just\u00edcia social.<br>Els actes programats, que s&#8217;estan celebrant a la Sala El Mercat continuen aquesta setmana, concretament el dimecres, ahir dijous i hui divendres. El dimecres es va presentar el llibre \u201cValencianes i Valencians deportats en els camps Nazis\u201d d&#8217;Adri\u00e1n Blas M\u00ednguez Anaya amb gran \u00e8xit de p\u00fablic.&nbsp;<\/p>\n\n\n\n<p>Ahir dijous 20 es van presentar i van entregar els premis dels projectes de mem\u00f2ria democr\u00e0tica de l&#8217;alumnat de l&#8217;IES Foia de Bunyol. Juncal Carrascosa, Alcaldessa de Bunyol, els va fer lliurament d&#8217;un premi per aquest gran treball de recerca.&nbsp;<\/p>\n\n\n\n<figure class=\"wp-block-image size-large\"><img loading=\"lazy\" decoding=\"async\" width=\"787\" height=\"590\" src=\"http:\/\/www.tucomarca.com\/wordpress\/segunda\/wp-content\/uploads\/2021\/05\/BunolMemoHisjueves03.jpg\" alt=\"\" class=\"wp-image-133459\" srcset=\"https:\/\/www.tucomarca.com\/wordpress\/segunda\/wp-content\/uploads\/2021\/05\/BunolMemoHisjueves03.jpg 787w, https:\/\/www.tucomarca.com\/wordpress\/segunda\/wp-content\/uploads\/2021\/05\/BunolMemoHisjueves03-300x225.jpg 300w, https:\/\/www.tucomarca.com\/wordpress\/segunda\/wp-content\/uploads\/2021\/05\/BunolMemoHisjueves03-768x576.jpg 768w, https:\/\/www.tucomarca.com\/wordpress\/segunda\/wp-content\/uploads\/2021\/05\/BunolMemoHisjueves03-678x509.jpg 678w, https:\/\/www.tucomarca.com\/wordpress\/segunda\/wp-content\/uploads\/2021\/05\/BunolMemoHisjueves03-326x245.jpg 326w, https:\/\/www.tucomarca.com\/wordpress\/segunda\/wp-content\/uploads\/2021\/05\/BunolMemoHisjueves03-80x60.jpg 80w\" sizes=\"auto, (max-width: 787px) 100vw, 787px\" \/><\/figure>\n\n\n\n<p>L&#8217;edil bunyolense Carles Xerri recorda que el projecte de Mem\u00f2ria Hist\u00f2rica de l&#8217;IES La Foia de Bunyol es va iniciar en el curs escolar 2017-2018. Va comen\u00e7ar sent un projecte en el qual l&#8217;alumnat recollia testimoniatges per a posteriorment realitzar una representaci\u00f3 dramatitzada. En el curs 2018-2019, el projecte es va ampliar i els alumnes\/as van realitzar un treball de recerca sobre un tema i despr\u00e9s la representaci\u00f3 dramatitzada d&#8217;aquest. Any rere any fins al curs actual, els temes tractats en els treballs han sigut: la deportaci\u00f3, la repressi\u00f3 i l&#8217;exili interior i exterior patits a la comarca de la Foia de Bu\u00f1ol.&nbsp;<\/p>\n\n\n\n<p>A l&#8217;octubre passat, el centre va presentar el projecte als Premis de la Diputaci\u00f3 de Val\u00e8ncia i van obtindre el primer premi en el Concurs de Mem\u00f2ria Hist\u00f2rica.&nbsp;<\/p>\n\n\n\n<figure class=\"wp-block-image size-large\"><img loading=\"lazy\" decoding=\"async\" width=\"1024\" height=\"768\" src=\"http:\/\/www.tucomarca.com\/wordpress\/segunda\/wp-content\/uploads\/2021\/05\/BunolMemoHisjueves01-1024x768.jpg\" alt=\"\" class=\"wp-image-133455\" srcset=\"https:\/\/www.tucomarca.com\/wordpress\/segunda\/wp-content\/uploads\/2021\/05\/BunolMemoHisjueves01-1024x768.jpg 1024w, https:\/\/www.tucomarca.com\/wordpress\/segunda\/wp-content\/uploads\/2021\/05\/BunolMemoHisjueves01-300x225.jpg 300w, https:\/\/www.tucomarca.com\/wordpress\/segunda\/wp-content\/uploads\/2021\/05\/BunolMemoHisjueves01-768x576.jpg 768w, https:\/\/www.tucomarca.com\/wordpress\/segunda\/wp-content\/uploads\/2021\/05\/BunolMemoHisjueves01-678x509.jpg 678w, https:\/\/www.tucomarca.com\/wordpress\/segunda\/wp-content\/uploads\/2021\/05\/BunolMemoHisjueves01-326x245.jpg 326w, https:\/\/www.tucomarca.com\/wordpress\/segunda\/wp-content\/uploads\/2021\/05\/BunolMemoHisjueves01-80x60.jpg 80w, https:\/\/www.tucomarca.com\/wordpress\/segunda\/wp-content\/uploads\/2021\/05\/BunolMemoHisjueves01.jpg 1215w\" sizes=\"auto, (max-width: 1024px) 100vw, 1024px\" \/><\/figure>\n\n\n\n<p>Despr\u00e9s d&#8217;aquest acte va tindre lloc una xarra col\u00b7loqui anomenat Les Missions de la Mem\u00f2ria, la repressi\u00f3 durant la Dictadura franquista des de la postguerra a la transici\u00f3: La lluita per la veritat, la just\u00edcia i la reparaci\u00f3.&nbsp;<br>I hui divendres 21 de maig, a les 18.30h es presenta el llibre \u201cLa viol\u00e8ncia pol\u00edtica contra les dones (1936-1953)\u201d El cas de la privaci\u00f3 de llibertat a la prov\u00edncia de Val\u00e8ncia, d&#8217;Antonio Sim\u00f3 Rosaleny i Ricard Camil Torres.<\/p>\n","protected":false},"excerpt":{"rendered":"<div class=\"mh-excerpt\">Les I Jornades de Mem\u00f2ria Hist\u00f2rica a Bunyol, que coincideixen amb el 90\u00e9 Aniversari de la proclamaci\u00f3 de la II Rep\u00fablica finalitzen hui en la localitat. El regidor de l&#8217;Ajuntament de Bunyol, Carles Xerri, recorda <a class=\"mh-excerpt-more\" href=\"https:\/\/www.tucomarca.com\/wordpress\/segunda\/ca\/lajuntament-de-bunyol-conclou-les-primeres-jornades-de-memoria-historica-i-democratica-hui\/\" title=\"L&#8217;Ajuntament de Bunyol conclou les primeres Jornades de Mem\u00f2ria Hist\u00f2rica i Democr\u00e0tica hui\">[+] <\/a><\/div>\n","protected":false},"author":12,"featured_media":133454,"comment_status":"open","ping_status":"open","sticky":false,"template":"","format":"gallery","meta":{"footnotes":""},"categories":[10911,10948,10894,10912,11007,10947,10896],"tags":[10913,14629,10914],"class_list":{"0":"post-133458","1":"post","2":"type-post","3":"status-publish","4":"format-gallery","5":"has-post-thumbnail","7":"category-bunol-ca","8":"category-infraestructuras-ca","9":"category-la-comarca-ca","10":"category-la-hoya-ca","11":"category-ocio-y-cultura-ca","12":"category-politica","13":"category-seccion-ca","14":"tag-bunol-ca","15":"tag-i-jornadas-de-memoria-historica-y-democratica-ca","16":"tag-la-hoya-de-bunol-chiva-ca","17":"post_format-post-format-gallery"},"_links":{"self":[{"href":"https:\/\/www.tucomarca.com\/wordpress\/segunda\/ca\/wp-json\/wp\/v2\/posts\/133458","targetHints":{"allow":["GET"]}}],"collection":[{"href":"https:\/\/www.tucomarca.com\/wordpress\/segunda\/ca\/wp-json\/wp\/v2\/posts"}],"about":[{"href":"https:\/\/www.tucomarca.com\/wordpress\/segunda\/ca\/wp-json\/wp\/v2\/types\/post"}],"author":[{"embeddable":true,"href":"https:\/\/www.tucomarca.com\/wordpress\/segunda\/ca\/wp-json\/wp\/v2\/users\/12"}],"replies":[{"embeddable":true,"href":"https:\/\/www.tucomarca.com\/wordpress\/segunda\/ca\/wp-json\/wp\/v2\/comments?post=133458"}],"version-history":[{"count":0,"href":"https:\/\/www.tucomarca.com\/wordpress\/segunda\/ca\/wp-json\/wp\/v2\/posts\/133458\/revisions"}],"wp:featuredmedia":[{"embeddable":true,"href":"https:\/\/www.tucomarca.com\/wordpress\/segunda\/ca\/wp-json\/wp\/v2\/media\/133454"}],"wp:attachment":[{"href":"https:\/\/www.tucomarca.com\/wordpress\/segunda\/ca\/wp-json\/wp\/v2\/media?parent=133458"}],"wp:term":[{"taxonomy":"category","embeddable":true,"href":"https:\/\/www.tucomarca.com\/wordpress\/segunda\/ca\/wp-json\/wp\/v2\/categories?post=133458"},{"taxonomy":"post_tag","embeddable":true,"href":"https:\/\/www.tucomarca.com\/wordpress\/segunda\/ca\/wp-json\/wp\/v2\/tags?post=133458"}],"curies":[{"name":"wp","href":"https:\/\/api.w.org\/{rel}","templated":true}]}}