{"id":133518,"date":"2021-05-22T09:15:00","date_gmt":"2021-05-22T08:15:00","guid":{"rendered":"http:\/\/www.tucomarca.com\/wordpress\/segunda\/?p=133518"},"modified":"2021-05-22T14:57:24","modified_gmt":"2021-05-22T13:57:24","slug":"ivan-torres-renova-com-a-president-de-la-falla-els-barris-de-turis","status":"publish","type":"post","link":"https:\/\/www.tucomarca.com\/wordpress\/segunda\/ca\/ivan-torres-renova-com-a-president-de-la-falla-els-barris-de-turis\/","title":{"rendered":"Ivan Torres renova com a president de la Falla Els Barris de Tur\u00eds"},"content":{"rendered":"\n<h4 class=\"wp-block-heading\">La comissi\u00f3 m\u00e9s nombrosa de la localitat valenciana estrena un nou exercici amb la vista posada en les festes de setembre&nbsp;<\/h4>\n\n\n\n<p>Ivan Torres Pic\u00f3 ha sigut reelegit com a president de la Falla Els Barris de Tur\u00eds en una Junta General Ordin\u00e0ria celebrada aquest divendres.&nbsp;<\/p>\n\n\n\n<p>Torres afronta aix\u00ed el seu nov\u00e9 any al capdavant de la comissi\u00f3 m\u00e9s nombrosa de la localitat valenciana, amb al voltant de 460 fallers. De fet, no ha acusat en el seu cens l&#8217;efecte d&#8217;un altre exercici marcat per la pand\u00e8mia.&nbsp;<\/p>\n\n\n\n<p>Aquesta mateixa setmana la Junta Local Fallera de Tur\u00eds va anunciar la celebraci\u00f3 de les Falles 2021 del 16 al 19 de setembre amb actes adaptats a la situaci\u00f3 sanit\u00e0ria del moment.<\/p>\n\n\n\n<p><\/p>\n","protected":false},"excerpt":{"rendered":"<div class=\"mh-excerpt\">La comissi\u00f3 m\u00e9s nombrosa de la localitat valenciana estrena un nou exercici amb la vista posada en les festes de setembre&nbsp; Ivan Torres Pic\u00f3 ha sigut reelegit com a president de la Falla Els Barris <a class=\"mh-excerpt-more\" href=\"https:\/\/www.tucomarca.com\/wordpress\/segunda\/ca\/ivan-torres-renova-com-a-president-de-la-falla-els-barris-de-turis\/\" title=\"Ivan Torres renova com a president de la Falla Els Barris de Tur\u00eds\">[+] <\/a><\/div>\n","protected":false},"author":12,"featured_media":133516,"comment_status":"open","ping_status":"open","sticky":false,"template":"","format":"standard","meta":{"footnotes":""},"categories":[10894,10902,11007,11008,10896,11047],"tags":[11712,12145,14634,11356,11093],"class_list":{"0":"post-133518","1":"post","2":"type-post","3":"status-publish","4":"format-standard","5":"has-post-thumbnail","7":"category-la-comarca-ca","8":"category-la-ribera-ca","9":"category-ocio-y-cultura-ca","10":"category-pueblos-en-fiestas-ca","11":"category-seccion-ca","12":"category-turis-ca","13":"tag-falla-els-barris-ca","14":"tag-fallas-2021-ca","15":"tag-ivan-torres-ca","16":"tag-ribera-alta-ca","17":"tag-turis-ca"},"_links":{"self":[{"href":"https:\/\/www.tucomarca.com\/wordpress\/segunda\/ca\/wp-json\/wp\/v2\/posts\/133518","targetHints":{"allow":["GET"]}}],"collection":[{"href":"https:\/\/www.tucomarca.com\/wordpress\/segunda\/ca\/wp-json\/wp\/v2\/posts"}],"about":[{"href":"https:\/\/www.tucomarca.com\/wordpress\/segunda\/ca\/wp-json\/wp\/v2\/types\/post"}],"author":[{"embeddable":true,"href":"https:\/\/www.tucomarca.com\/wordpress\/segunda\/ca\/wp-json\/wp\/v2\/users\/12"}],"replies":[{"embeddable":true,"href":"https:\/\/www.tucomarca.com\/wordpress\/segunda\/ca\/wp-json\/wp\/v2\/comments?post=133518"}],"version-history":[{"count":0,"href":"https:\/\/www.tucomarca.com\/wordpress\/segunda\/ca\/wp-json\/wp\/v2\/posts\/133518\/revisions"}],"wp:featuredmedia":[{"embeddable":true,"href":"https:\/\/www.tucomarca.com\/wordpress\/segunda\/ca\/wp-json\/wp\/v2\/media\/133516"}],"wp:attachment":[{"href":"https:\/\/www.tucomarca.com\/wordpress\/segunda\/ca\/wp-json\/wp\/v2\/media?parent=133518"}],"wp:term":[{"taxonomy":"category","embeddable":true,"href":"https:\/\/www.tucomarca.com\/wordpress\/segunda\/ca\/wp-json\/wp\/v2\/categories?post=133518"},{"taxonomy":"post_tag","embeddable":true,"href":"https:\/\/www.tucomarca.com\/wordpress\/segunda\/ca\/wp-json\/wp\/v2\/tags?post=133518"}],"curies":[{"name":"wp","href":"https:\/\/api.w.org\/{rel}","templated":true}]}}