{"id":134274,"date":"2021-06-01T13:00:00","date_gmt":"2021-06-01T12:00:00","guid":{"rendered":"http:\/\/www.tucomarca.com\/wordpress\/segunda\/?p=134274"},"modified":"2021-06-01T18:31:38","modified_gmt":"2021-06-01T17:31:38","slug":"fotogaleria-la-i-jornada-literaria-castillo-de-bunyol-rep-critiques-molt-positives-en-organitzacio-i-assistencia","status":"publish","type":"post","link":"https:\/\/www.tucomarca.com\/wordpress\/segunda\/ca\/fotogaleria-la-i-jornada-literaria-castillo-de-bunyol-rep-critiques-molt-positives-en-organitzacio-i-assistencia\/","title":{"rendered":"Fotogaler\u00eda: la I Jornada Liter\u00e0ria Castillo de Bunyol rep cr\u00edtiques molt positives en organitzaci\u00f3 i assist\u00e8ncia"},"content":{"rendered":"\n<p>La Regidoria de Cultura de l&#8217;Ajuntament de Bunyol i CLAU (Associaci\u00f3 Valenciana d&#8217;Escriptors i cr\u00edtics valencians) van organitzar la I Jornada Liter\u00e0ria \u201cCastillo de Bu\u00f1ol\u201d &#8211; \u201cViatge a la Literatura del Segle XXI a la Comunitat Valenciana\u201d- dissabte passat 29 de maig en la localitat. Es va celebrar a l&#8217;Auditori de Sant Llu\u00eds, el Palau de la M\u00fasica i el Castell.\u00a0<\/p>\n\n\n\n<p>Els escriptors, poetes i cr\u00edtics participants en aquesta jornada van ser Mar\u00eda Garc\u00eda-Lliber\u00f3s, Ana Noguera, Jaime Mill\u00e1s, Jos\u00e9 Vicente Peir\u00f3, Juan Luis Bedins, Luis Garc\u00eda Trapiello, Elga Re\u00e1tegui, Isabel Barcel\u00f3 i Rosario Raro. Un nodrit grup d&#8217;escriptors, poetes i cr\u00edtics literaris de reconegut prestigi amb nombrosos premis literaris nacionals i internacionals que durant les seues intervencions van lloar la iniciativa pionera per part de l&#8217;Ajuntament de Bu\u00f1ol, igual que la seua exquisida i excel\u00b7lent organitzaci\u00f3. L&#8217;escriptora bu\u00f1olense, premiada i reconeguda internacionalment, Emi Zan\u00f3n, va participar activament en aquesta I Jornada Liter\u00e0ria de la localitat.<\/p>\n\n\n\n<p>A la vesprada els actes van arrancar amb el taller d&#8217;escriptura, a c\u00e0rrec de l&#8217;escriptora Rosario Raro, i en el qual s&#8217;havien apuntat m\u00e9s de 50 persones interessades a con\u00e9ixer la ploma d&#8217;aquesta escriptora, poeta, conferenciant i activista cultural. Despr\u00e9s d&#8217;aix\u00f2, va arrancar la trobada amb escriptors i poetes de la localitat. Va iniciar aquest acte Juan Luis Pall\u00e1s, edil de Cultura a l&#8217;Ajuntament de Bu\u00f1ol, qui va agrair l&#8217;elevat nombre d&#8217;escriptors i poetes bu\u00f1olenses que s&#8217;havien inscrit i participat en aquesta jornada, \u201cfruit del ric nivell d&#8217;exig\u00e8ncia i passi\u00f3 que existeix en el municipi per la lectura, l&#8217;escriptura i la literatura en tots els seus vessants\u201d, va destacar.&nbsp;<\/p>\n\n\n\n<p>La trobada d&#8217;escriptors i poetes de la localitat va ser tot un \u00e8xit. En l&#8217;escenari de l&#8217;Auditori de Sant Llu\u00eds es va veure valentia, joventut i molta qualitat en els escrits i poemes que es van presentar per part dels seus autors locals. Els ponents que van eixir a llegir les seues obres despr\u00e9s dels bu\u00f1olenses van deixar const\u00e0ncia de la qualitat de tots ells, i fins i tot van dir que el vertader protagonisme en aquesta jornada era per a ells, per als bu\u00f1olenses.&nbsp;<\/p>\n\n\n\n<p>Una hora despr\u00e9s, el concert que va intercalar m\u00fasica i poesia va fer les del\u00edcies de tots els assistents. Van intervindre els poetes Juan Luis Bedins (president de CLAU), Ana Noguera (membre del Consell Valenci\u00e0 de Cultura), Luis Garc\u00eda Trapiello (membre del Consell Escolar de la Comunitat Valenciana) i Elga Re\u00e1tegui (designada Ambaixadora de l&#8217;idioma castell\u00e0 per la Fundaci\u00f3 C\u00e9sar Egido Serrano i el Museu de la Paraula de Madrid). Tots van coincidir en la bellesa de l&#8217;acte on es mesclava m\u00fasica a c\u00e0rrec del duo integrat per flauta i piano anomenat Mel Duo. A m\u00e9s tamb\u00e9 van felicitar els escriptors i poetes locals que havien llegit fragments de les seues obres.<\/p>\n\n\n\n<p>La intensa jornada va finalitzar amb el lliurament de l&#8217;I Premi Dia del Llibre, organitzat per la Biblioteca P\u00fablica Municipal cronista Fernando Galarza de Bu\u00f1ol. En l&#8217;escenari van ser presents Francis Ruiz, responsable d&#8217;aquesta biblioteca; Juan Luis Pall\u00e1s, regidor de Cultura d&#8217;aquest municipi; i M\u00e0xim Horta, reconegut bu\u00f1olense, escriptor, periodista i presentador.&nbsp;<\/p>\n\n\n\n<p>Despr\u00e9s de fer-li lliurament als premiats tots els ponents van pujar a l&#8217;escenari i Juncal Carrascosa, Alcaldessa de Bu\u00f1ol, va finalitzar l&#8217;acte amb unes paraules sentides dirigides especialment a tots els participants i assistents del municipi i voltants. Va incidir en la necessitat que aquesta jornada tinga continu\u00eftat en el temps i es convertisca en fixa en el calendari cultural del municipi en pr\u00f2xims anys.<\/p>\n\n\n\n<figure class=\"wp-block-gallery columns-2 is-cropped wp-block-gallery-1 is-layout-flex wp-block-gallery-is-layout-flex\"><ul class=\"blocks-gallery-grid\"><li class=\"blocks-gallery-item\"><figure><img loading=\"lazy\" decoding=\"async\" width=\"787\" height=\"588\" src=\"http:\/\/www.tucomarca.com\/wordpress\/segunda\/wp-content\/uploads\/2021\/06\/IJornadaLiteriaria01-1.jpg\" alt=\"\" data-id=\"134255\" data-full-url=\"http:\/\/www.tucomarca.com\/wordpress\/segunda\/wp-content\/uploads\/2021\/06\/IJornadaLiteriaria01-1.jpg\" data-link=\"http:\/\/www.tucomarca.com\/wordpress\/segunda\/?attachment_id=134255\" class=\"wp-image-134255\" srcset=\"https:\/\/www.tucomarca.com\/wordpress\/segunda\/wp-content\/uploads\/2021\/06\/IJornadaLiteriaria01-1.jpg 787w, https:\/\/www.tucomarca.com\/wordpress\/segunda\/wp-content\/uploads\/2021\/06\/IJornadaLiteriaria01-1-300x224.jpg 300w, https:\/\/www.tucomarca.com\/wordpress\/segunda\/wp-content\/uploads\/2021\/06\/IJornadaLiteriaria01-1-768x574.jpg 768w, https:\/\/www.tucomarca.com\/wordpress\/segunda\/wp-content\/uploads\/2021\/06\/IJornadaLiteriaria01-1-326x245.jpg 326w, https:\/\/www.tucomarca.com\/wordpress\/segunda\/wp-content\/uploads\/2021\/06\/IJornadaLiteriaria01-1-80x60.jpg 80w\" sizes=\"auto, (max-width: 787px) 100vw, 787px\" \/><\/figure><\/li><li class=\"blocks-gallery-item\"><figure><img loading=\"lazy\" decoding=\"async\" width=\"787\" height=\"588\" src=\"http:\/\/www.tucomarca.com\/wordpress\/segunda\/wp-content\/uploads\/2021\/06\/IJornadaLiteriaria05-1.jpg\" alt=\"\" data-id=\"134253\" data-full-url=\"http:\/\/www.tucomarca.com\/wordpress\/segunda\/wp-content\/uploads\/2021\/06\/IJornadaLiteriaria05-1.jpg\" data-link=\"http:\/\/www.tucomarca.com\/wordpress\/segunda\/?attachment_id=134253\" class=\"wp-image-134253\" srcset=\"https:\/\/www.tucomarca.com\/wordpress\/segunda\/wp-content\/uploads\/2021\/06\/IJornadaLiteriaria05-1.jpg 787w, https:\/\/www.tucomarca.com\/wordpress\/segunda\/wp-content\/uploads\/2021\/06\/IJornadaLiteriaria05-1-300x224.jpg 300w, https:\/\/www.tucomarca.com\/wordpress\/segunda\/wp-content\/uploads\/2021\/06\/IJornadaLiteriaria05-1-768x574.jpg 768w, https:\/\/www.tucomarca.com\/wordpress\/segunda\/wp-content\/uploads\/2021\/06\/IJornadaLiteriaria05-1-326x245.jpg 326w, https:\/\/www.tucomarca.com\/wordpress\/segunda\/wp-content\/uploads\/2021\/06\/IJornadaLiteriaria05-1-80x60.jpg 80w\" sizes=\"auto, (max-width: 787px) 100vw, 787px\" \/><\/figure><\/li><li class=\"blocks-gallery-item\"><figure><img loading=\"lazy\" decoding=\"async\" width=\"766\" height=\"1024\" src=\"http:\/\/www.tucomarca.com\/wordpress\/segunda\/wp-content\/uploads\/2021\/06\/IJornadaLiteriaria02-766x1024.jpg\" alt=\"\" data-id=\"134257\" data-full-url=\"http:\/\/www.tucomarca.com\/wordpress\/segunda\/wp-content\/uploads\/2021\/06\/IJornadaLiteriaria02.jpg\" data-link=\"http:\/\/www.tucomarca.com\/wordpress\/segunda\/?attachment_id=134257\" class=\"wp-image-134257\" srcset=\"https:\/\/www.tucomarca.com\/wordpress\/segunda\/wp-content\/uploads\/2021\/06\/IJornadaLiteriaria02-766x1024.jpg 766w, https:\/\/www.tucomarca.com\/wordpress\/segunda\/wp-content\/uploads\/2021\/06\/IJornadaLiteriaria02-224x300.jpg 224w, https:\/\/www.tucomarca.com\/wordpress\/segunda\/wp-content\/uploads\/2021\/06\/IJornadaLiteriaria02-768x1027.jpg 768w, https:\/\/www.tucomarca.com\/wordpress\/segunda\/wp-content\/uploads\/2021\/06\/IJornadaLiteriaria02.jpg 787w\" sizes=\"auto, (max-width: 766px) 100vw, 766px\" \/><\/figure><\/li><li class=\"blocks-gallery-item\"><figure><img loading=\"lazy\" decoding=\"async\" width=\"765\" height=\"1024\" src=\"http:\/\/www.tucomarca.com\/wordpress\/segunda\/wp-content\/uploads\/2021\/06\/IJornadaLiteriaria03-765x1024.jpg\" alt=\"\" data-id=\"134259\" data-full-url=\"http:\/\/www.tucomarca.com\/wordpress\/segunda\/wp-content\/uploads\/2021\/06\/IJornadaLiteriaria03.jpg\" data-link=\"http:\/\/www.tucomarca.com\/wordpress\/segunda\/?attachment_id=134259\" class=\"wp-image-134259\" srcset=\"https:\/\/www.tucomarca.com\/wordpress\/segunda\/wp-content\/uploads\/2021\/06\/IJornadaLiteriaria03-765x1024.jpg 765w, https:\/\/www.tucomarca.com\/wordpress\/segunda\/wp-content\/uploads\/2021\/06\/IJornadaLiteriaria03-224x300.jpg 224w, https:\/\/www.tucomarca.com\/wordpress\/segunda\/wp-content\/uploads\/2021\/06\/IJornadaLiteriaria03-768x1028.jpg 768w, https:\/\/www.tucomarca.com\/wordpress\/segunda\/wp-content\/uploads\/2021\/06\/IJornadaLiteriaria03.jpg 787w\" sizes=\"auto, (max-width: 765px) 100vw, 765px\" \/><\/figure><\/li><li class=\"blocks-gallery-item\"><figure><img loading=\"lazy\" decoding=\"async\" width=\"765\" height=\"1024\" src=\"http:\/\/www.tucomarca.com\/wordpress\/segunda\/wp-content\/uploads\/2021\/06\/IJornadaLiteriaria04-765x1024.jpg\" alt=\"\" data-id=\"134261\" data-full-url=\"http:\/\/www.tucomarca.com\/wordpress\/segunda\/wp-content\/uploads\/2021\/06\/IJornadaLiteriaria04.jpg\" data-link=\"http:\/\/www.tucomarca.com\/wordpress\/segunda\/?attachment_id=134261\" class=\"wp-image-134261\" srcset=\"https:\/\/www.tucomarca.com\/wordpress\/segunda\/wp-content\/uploads\/2021\/06\/IJornadaLiteriaria04-765x1024.jpg 765w, https:\/\/www.tucomarca.com\/wordpress\/segunda\/wp-content\/uploads\/2021\/06\/IJornadaLiteriaria04-224x300.jpg 224w, https:\/\/www.tucomarca.com\/wordpress\/segunda\/wp-content\/uploads\/2021\/06\/IJornadaLiteriaria04-768x1029.jpg 768w, https:\/\/www.tucomarca.com\/wordpress\/segunda\/wp-content\/uploads\/2021\/06\/IJornadaLiteriaria04.jpg 787w\" sizes=\"auto, (max-width: 765px) 100vw, 765px\" \/><\/figure><\/li><li class=\"blocks-gallery-item\"><figure><img loading=\"lazy\" decoding=\"async\" width=\"787\" height=\"588\" src=\"http:\/\/www.tucomarca.com\/wordpress\/segunda\/wp-content\/uploads\/2021\/06\/IJornadaLiteriaria06.jpg\" alt=\"\" data-id=\"134265\" data-full-url=\"http:\/\/www.tucomarca.com\/wordpress\/segunda\/wp-content\/uploads\/2021\/06\/IJornadaLiteriaria06.jpg\" data-link=\"http:\/\/www.tucomarca.com\/wordpress\/segunda\/?attachment_id=134265\" class=\"wp-image-134265\" srcset=\"https:\/\/www.tucomarca.com\/wordpress\/segunda\/wp-content\/uploads\/2021\/06\/IJornadaLiteriaria06.jpg 787w, https:\/\/www.tucomarca.com\/wordpress\/segunda\/wp-content\/uploads\/2021\/06\/IJornadaLiteriaria06-300x224.jpg 300w, https:\/\/www.tucomarca.com\/wordpress\/segunda\/wp-content\/uploads\/2021\/06\/IJornadaLiteriaria06-768x574.jpg 768w, https:\/\/www.tucomarca.com\/wordpress\/segunda\/wp-content\/uploads\/2021\/06\/IJornadaLiteriaria06-326x245.jpg 326w, https:\/\/www.tucomarca.com\/wordpress\/segunda\/wp-content\/uploads\/2021\/06\/IJornadaLiteriaria06-80x60.jpg 80w\" sizes=\"auto, (max-width: 787px) 100vw, 787px\" \/><\/figure><\/li><li class=\"blocks-gallery-item\"><figure><img loading=\"lazy\" decoding=\"async\" width=\"787\" height=\"589\" src=\"http:\/\/www.tucomarca.com\/wordpress\/segunda\/wp-content\/uploads\/2021\/06\/IJornadaLiteriaria07.jpg\" alt=\"\" data-id=\"134267\" data-full-url=\"http:\/\/www.tucomarca.com\/wordpress\/segunda\/wp-content\/uploads\/2021\/06\/IJornadaLiteriaria07.jpg\" data-link=\"http:\/\/www.tucomarca.com\/wordpress\/segunda\/?attachment_id=134267\" class=\"wp-image-134267\" srcset=\"https:\/\/www.tucomarca.com\/wordpress\/segunda\/wp-content\/uploads\/2021\/06\/IJornadaLiteriaria07.jpg 787w, https:\/\/www.tucomarca.com\/wordpress\/segunda\/wp-content\/uploads\/2021\/06\/IJornadaLiteriaria07-300x225.jpg 300w, https:\/\/www.tucomarca.com\/wordpress\/segunda\/wp-content\/uploads\/2021\/06\/IJornadaLiteriaria07-768x575.jpg 768w, https:\/\/www.tucomarca.com\/wordpress\/segunda\/wp-content\/uploads\/2021\/06\/IJornadaLiteriaria07-326x245.jpg 326w, https:\/\/www.tucomarca.com\/wordpress\/segunda\/wp-content\/uploads\/2021\/06\/IJornadaLiteriaria07-80x60.jpg 80w\" sizes=\"auto, (max-width: 787px) 100vw, 787px\" \/><\/figure><\/li><li class=\"blocks-gallery-item\"><figure><img loading=\"lazy\" decoding=\"async\" width=\"787\" height=\"590\" src=\"http:\/\/www.tucomarca.com\/wordpress\/segunda\/wp-content\/uploads\/2021\/06\/IJornadaLiteriaria08.jpg\" alt=\"\" data-id=\"134269\" data-full-url=\"http:\/\/www.tucomarca.com\/wordpress\/segunda\/wp-content\/uploads\/2021\/06\/IJornadaLiteriaria08.jpg\" data-link=\"http:\/\/www.tucomarca.com\/wordpress\/segunda\/?attachment_id=134269\" class=\"wp-image-134269\" srcset=\"https:\/\/www.tucomarca.com\/wordpress\/segunda\/wp-content\/uploads\/2021\/06\/IJornadaLiteriaria08.jpg 787w, https:\/\/www.tucomarca.com\/wordpress\/segunda\/wp-content\/uploads\/2021\/06\/IJornadaLiteriaria08-300x225.jpg 300w, https:\/\/www.tucomarca.com\/wordpress\/segunda\/wp-content\/uploads\/2021\/06\/IJornadaLiteriaria08-768x576.jpg 768w, https:\/\/www.tucomarca.com\/wordpress\/segunda\/wp-content\/uploads\/2021\/06\/IJornadaLiteriaria08-678x509.jpg 678w, https:\/\/www.tucomarca.com\/wordpress\/segunda\/wp-content\/uploads\/2021\/06\/IJornadaLiteriaria08-326x245.jpg 326w, https:\/\/www.tucomarca.com\/wordpress\/segunda\/wp-content\/uploads\/2021\/06\/IJornadaLiteriaria08-80x60.jpg 80w\" sizes=\"auto, (max-width: 787px) 100vw, 787px\" \/><\/figure><\/li><li class=\"blocks-gallery-item\"><figure><img loading=\"lazy\" decoding=\"async\" width=\"787\" height=\"503\" src=\"http:\/\/www.tucomarca.com\/wordpress\/segunda\/wp-content\/uploads\/2021\/06\/IJornadaLiteriaria09.jpg\" alt=\"\" data-id=\"134271\" data-full-url=\"http:\/\/www.tucomarca.com\/wordpress\/segunda\/wp-content\/uploads\/2021\/06\/IJornadaLiteriaria09.jpg\" data-link=\"http:\/\/www.tucomarca.com\/wordpress\/segunda\/?attachment_id=134271\" class=\"wp-image-134271\" srcset=\"https:\/\/www.tucomarca.com\/wordpress\/segunda\/wp-content\/uploads\/2021\/06\/IJornadaLiteriaria09.jpg 787w, https:\/\/www.tucomarca.com\/wordpress\/segunda\/wp-content\/uploads\/2021\/06\/IJornadaLiteriaria09-300x192.jpg 300w, https:\/\/www.tucomarca.com\/wordpress\/segunda\/wp-content\/uploads\/2021\/06\/IJornadaLiteriaria09-768x491.jpg 768w\" sizes=\"auto, (max-width: 787px) 100vw, 787px\" \/><\/figure><\/li><\/ul><\/figure>\n","protected":false},"excerpt":{"rendered":"<div class=\"mh-excerpt\">La Regidoria de Cultura de l&#8217;Ajuntament de Bunyol i CLAU (Associaci\u00f3 Valenciana d&#8217;Escriptors i cr\u00edtics valencians) van organitzar la I Jornada Liter\u00e0ria \u201cCastillo de Bu\u00f1ol\u201d &#8211; \u201cViatge a la Literatura del Segle XXI a la <a class=\"mh-excerpt-more\" href=\"https:\/\/www.tucomarca.com\/wordpress\/segunda\/ca\/fotogaleria-la-i-jornada-literaria-castillo-de-bunyol-rep-critiques-molt-positives-en-organitzacio-i-assistencia\/\" title=\"Fotogaler\u00eda: la I Jornada Liter\u00e0ria Castillo de Bunyol rep cr\u00edtiques molt positives en organitzaci\u00f3 i assist\u00e8ncia\">[+] <\/a><\/div>\n","protected":false},"author":12,"featured_media":134270,"comment_status":"open","ping_status":"open","sticky":false,"template":"","format":"gallery","meta":{"footnotes":""},"categories":[10911,10894,10912,11007,10896],"tags":[10913,14554,10914],"class_list":{"0":"post-134274","1":"post","2":"type-post","3":"status-publish","4":"format-gallery","5":"has-post-thumbnail","7":"category-bunol-ca","8":"category-la-comarca-ca","9":"category-la-hoya-ca","10":"category-ocio-y-cultura-ca","11":"category-seccion-ca","12":"tag-bunol-ca","13":"tag-i-jornada-literaria-castillo-de-bunol-ca","14":"tag-la-hoya-de-bunol-chiva-ca","15":"post_format-post-format-gallery"},"_links":{"self":[{"href":"https:\/\/www.tucomarca.com\/wordpress\/segunda\/ca\/wp-json\/wp\/v2\/posts\/134274","targetHints":{"allow":["GET"]}}],"collection":[{"href":"https:\/\/www.tucomarca.com\/wordpress\/segunda\/ca\/wp-json\/wp\/v2\/posts"}],"about":[{"href":"https:\/\/www.tucomarca.com\/wordpress\/segunda\/ca\/wp-json\/wp\/v2\/types\/post"}],"author":[{"embeddable":true,"href":"https:\/\/www.tucomarca.com\/wordpress\/segunda\/ca\/wp-json\/wp\/v2\/users\/12"}],"replies":[{"embeddable":true,"href":"https:\/\/www.tucomarca.com\/wordpress\/segunda\/ca\/wp-json\/wp\/v2\/comments?post=134274"}],"version-history":[{"count":0,"href":"https:\/\/www.tucomarca.com\/wordpress\/segunda\/ca\/wp-json\/wp\/v2\/posts\/134274\/revisions"}],"wp:featuredmedia":[{"embeddable":true,"href":"https:\/\/www.tucomarca.com\/wordpress\/segunda\/ca\/wp-json\/wp\/v2\/media\/134270"}],"wp:attachment":[{"href":"https:\/\/www.tucomarca.com\/wordpress\/segunda\/ca\/wp-json\/wp\/v2\/media?parent=134274"}],"wp:term":[{"taxonomy":"category","embeddable":true,"href":"https:\/\/www.tucomarca.com\/wordpress\/segunda\/ca\/wp-json\/wp\/v2\/categories?post=134274"},{"taxonomy":"post_tag","embeddable":true,"href":"https:\/\/www.tucomarca.com\/wordpress\/segunda\/ca\/wp-json\/wp\/v2\/tags?post=134274"}],"curies":[{"name":"wp","href":"https:\/\/api.w.org\/{rel}","templated":true}]}}