{"id":134295,"date":"2021-06-01T13:05:00","date_gmt":"2021-06-01T12:05:00","guid":{"rendered":"http:\/\/www.tucomarca.com\/wordpress\/segunda\/?p=134295"},"modified":"2021-06-01T18:35:02","modified_gmt":"2021-06-01T17:35:02","slug":"la-guardia-civil-investiga-a-una-persona-per-un-delicte-dincendi-forestal-al-parc-natural-de-les-hoces-del-cabriel","status":"publish","type":"post","link":"https:\/\/www.tucomarca.com\/wordpress\/segunda\/ca\/la-guardia-civil-investiga-a-una-persona-per-un-delicte-dincendi-forestal-al-parc-natural-de-les-hoces-del-cabriel\/","title":{"rendered":"La Gu\u00e0rdia Civil investiga a una persona per un delicte d&#8217;incendi forestal al Parc Natural de les Hoces del Cabriel"},"content":{"rendered":"\n<h4 class=\"wp-block-heading\"><strong>Mitjan\u00e7ant l&#8217;operaci\u00f3 denominada \u201cREVILIMITE\u201d realitzada per l&#8217;equip SEPRONA de la Gu\u00e0rdia Civil, s&#8217;ha investigat a una persona per un delicte d&#8217;incendi forestal per imprud\u00e8ncia afectant 37 hect\u00e0rees de Parc Natural<\/strong><\/h4>\n\n\n\n<p>Tras producirse un incendio forestal en el t\u00e9rmino municipal de Los Isidros-Requena (Valencia), en el l\u00edmite entre las provincias de Valencia y Albacete, quedando afectado un total de 37 hect\u00e1reas de monte y bosque de ribera, y siendo afectado el parque natural de la Hoces del Cabriel.<\/p>\n\n\n\n<p>Se inicio una investigaci\u00f3n por parte del SEPRONA de la Guardia Civil, para determinar a trav\u00e9s de un informe las causas del incendio, el punto de origen, situando el inicio de dicho incendio, en una zona donde se hab\u00edan realizado unas quemas de restos agr\u00edcolas en la fecha del incendio.<\/p>\n\n\n\n<p>Durante las averiguaciones de los hechos, se consigui\u00f3 localizar a varios testigos que se encontraban en las inmediaciones en el momento del incendio, procediendo a tomarles manifestaci\u00f3n por lo ocurrido.<\/p>\n\n\n\n<p>&nbsp;Tras&nbsp; todas las actuaciones realizadas por los agentes, se consigui\u00f3 identificar a la persona que se encontraba trabajando en la finca donde se origin\u00f3 el incendio, procediendo a investigarlo como presunto autor de un delito incendio forestal por imprudencia. Un var\u00f3n de 47 a\u00f1os de nacionalidad espa\u00f1ola.<\/p>\n\n\n\n<p>Finalmente se instruyen diligencias policiales que son entregadas en la Fiscal\u00eda Provincial de Valencia (Secci\u00f3n de Medio Ambiente)<\/p>\n","protected":false},"excerpt":{"rendered":"<div class=\"mh-excerpt\">Mitjan\u00e7ant l&#8217;operaci\u00f3 denominada \u201cREVILIMITE\u201d realitzada per l&#8217;equip SEPRONA de la Gu\u00e0rdia Civil, s&#8217;ha investigat a una persona per un delicte d&#8217;incendi forestal per imprud\u00e8ncia afectant 37 hect\u00e0rees de Parc Natural Tras producirse un incendio forestal <a class=\"mh-excerpt-more\" href=\"https:\/\/www.tucomarca.com\/wordpress\/segunda\/ca\/la-guardia-civil-investiga-a-una-persona-per-un-delicte-dincendi-forestal-al-parc-natural-de-les-hoces-del-cabriel\/\" title=\"La Gu\u00e0rdia Civil investiga a una persona per un delicte d&#8217;incendi forestal al Parc Natural de les Hoces del Cabriel\">[+] <\/a><\/div>\n","protected":false},"author":1,"featured_media":134231,"comment_status":"open","ping_status":"open","sticky":false,"template":"","format":"standard","meta":{"footnotes":""},"categories":[10898,10948,10894,10904,10903,10908,10909,10896,10897],"tags":[10910,10901],"class_list":{"0":"post-134295","1":"post","2":"type-post","3":"status-publish","4":"format-standard","5":"has-post-thumbnail","7":"category-ventana-ca","8":"category-infraestructuras-ca","9":"category-la-comarca-ca","10":"category-sin-categorizar-ca","11":"category-medio-ambiente-la-comarca-ca","12":"category-requena-ca","13":"category-requena-utiel-ca","14":"category-seccion-ca","15":"category-sucesos-la-comarca-ca","16":"tag-requena-utiel-ca","17":"tag-sucesos-ca"},"_links":{"self":[{"href":"https:\/\/www.tucomarca.com\/wordpress\/segunda\/ca\/wp-json\/wp\/v2\/posts\/134295","targetHints":{"allow":["GET"]}}],"collection":[{"href":"https:\/\/www.tucomarca.com\/wordpress\/segunda\/ca\/wp-json\/wp\/v2\/posts"}],"about":[{"href":"https:\/\/www.tucomarca.com\/wordpress\/segunda\/ca\/wp-json\/wp\/v2\/types\/post"}],"author":[{"embeddable":true,"href":"https:\/\/www.tucomarca.com\/wordpress\/segunda\/ca\/wp-json\/wp\/v2\/users\/1"}],"replies":[{"embeddable":true,"href":"https:\/\/www.tucomarca.com\/wordpress\/segunda\/ca\/wp-json\/wp\/v2\/comments?post=134295"}],"version-history":[{"count":0,"href":"https:\/\/www.tucomarca.com\/wordpress\/segunda\/ca\/wp-json\/wp\/v2\/posts\/134295\/revisions"}],"wp:featuredmedia":[{"embeddable":true,"href":"https:\/\/www.tucomarca.com\/wordpress\/segunda\/ca\/wp-json\/wp\/v2\/media\/134231"}],"wp:attachment":[{"href":"https:\/\/www.tucomarca.com\/wordpress\/segunda\/ca\/wp-json\/wp\/v2\/media?parent=134295"}],"wp:term":[{"taxonomy":"category","embeddable":true,"href":"https:\/\/www.tucomarca.com\/wordpress\/segunda\/ca\/wp-json\/wp\/v2\/categories?post=134295"},{"taxonomy":"post_tag","embeddable":true,"href":"https:\/\/www.tucomarca.com\/wordpress\/segunda\/ca\/wp-json\/wp\/v2\/tags?post=134295"}],"curies":[{"name":"wp","href":"https:\/\/api.w.org\/{rel}","templated":true}]}}