{"id":134700,"date":"2021-06-05T21:03:02","date_gmt":"2021-06-05T20:03:02","guid":{"rendered":"http:\/\/www.tucomarca.com\/wordpress\/segunda\/?p=134700"},"modified":"2021-06-06T11:20:18","modified_gmt":"2021-06-06T10:20:18","slug":"enhorabuena-campeones","status":"publish","type":"post","link":"https:\/\/www.tucomarca.com\/wordpress\/segunda\/ca\/enhorabuena-campeones\/","title":{"rendered":"Enhorabona, campions!"},"content":{"rendered":"\n<figure class=\"wp-block-embed is-type-video is-provider-youtube wp-block-embed-youtube wp-embed-aspect-16-9 wp-has-aspect-ratio\"><div class=\"wp-block-embed__wrapper\">\n<iframe loading=\"lazy\" title=\"Enhorabuena, campeones!!!!\" width=\"500\" height=\"281\" src=\"https:\/\/www.youtube.com\/embed\/FEQcDF9l6nk?feature=oembed\" frameborder=\"0\" allow=\"accelerometer; autoplay; clipboard-write; encrypted-media; gyroscope; picture-in-picture; web-share\" referrerpolicy=\"strict-origin-when-cross-origin\" allowfullscreen><\/iframe>\n<\/div><\/figure>\n\n\n\n<p>El CD Bunyol s&#8217;ha proclamat campi\u00f3 del grup tercer de la Regional Preferent valenciana 2020-21 mancant una jornada per al terme del campionat despr\u00e9s d&#8217;empatar a un gol amb el seu m\u00e9s immediat seguidor, el Sant Marcelino.<\/p>\n\n\n\n<p>Des de <strong>tucomarca televisi\u00f3<\/strong> volem transmetre&#8217;ls la nostra enhorabona amb aquest v\u00eddeo i donar-los \u00e0nims per a encarar el playoff d&#8217;ascens a Tercera Divisi\u00f3 que el conjunt de la Foia disputar\u00e0 en breu.<\/p>\n","protected":false},"excerpt":{"rendered":"<div class=\"mh-excerpt\">El CD Bunyol s&#8217;ha proclamat campi\u00f3 del grup tercer de la Regional Preferent valenciana 2020-21 mancant una jornada per al terme del campionat despr\u00e9s d&#8217;empatar a un gol amb el seu m\u00e9s immediat seguidor, el <a class=\"mh-excerpt-more\" href=\"https:\/\/www.tucomarca.com\/wordpress\/segunda\/ca\/enhorabuena-campeones\/\" title=\"Enhorabona, campions!\">[+] <\/a><\/div>\n","protected":false},"author":1,"featured_media":134694,"comment_status":"open","ping_status":"open","sticky":false,"template":"","format":"video","meta":{"footnotes":""},"categories":[10911,11015,11003,10898,10894,10912,10896,11062],"tags":[11126,11547,11264,11075,10914,12802],"class_list":{"0":"post-134700","1":"post","2":"type-post","3":"status-publish","4":"format-video","5":"has-post-thumbnail","7":"category-bunol-ca","8":"category-canal-futbol","9":"category-sports","10":"category-ventana-ca","11":"category-la-comarca-ca","12":"category-la-hoya-ca","13":"category-seccion-ca","14":"category-videos","15":"tag-cd-bunol-ca","16":"tag-esport-ca","17":"tag-esports-ca","18":"tag-futbol-ca","19":"tag-la-hoya-de-bunol-chiva-ca","20":"tag-regional-preferente-ca","21":"post_format-post-format-video"},"_links":{"self":[{"href":"https:\/\/www.tucomarca.com\/wordpress\/segunda\/ca\/wp-json\/wp\/v2\/posts\/134700","targetHints":{"allow":["GET"]}}],"collection":[{"href":"https:\/\/www.tucomarca.com\/wordpress\/segunda\/ca\/wp-json\/wp\/v2\/posts"}],"about":[{"href":"https:\/\/www.tucomarca.com\/wordpress\/segunda\/ca\/wp-json\/wp\/v2\/types\/post"}],"author":[{"embeddable":true,"href":"https:\/\/www.tucomarca.com\/wordpress\/segunda\/ca\/wp-json\/wp\/v2\/users\/1"}],"replies":[{"embeddable":true,"href":"https:\/\/www.tucomarca.com\/wordpress\/segunda\/ca\/wp-json\/wp\/v2\/comments?post=134700"}],"version-history":[{"count":0,"href":"https:\/\/www.tucomarca.com\/wordpress\/segunda\/ca\/wp-json\/wp\/v2\/posts\/134700\/revisions"}],"wp:featuredmedia":[{"embeddable":true,"href":"https:\/\/www.tucomarca.com\/wordpress\/segunda\/ca\/wp-json\/wp\/v2\/media\/134694"}],"wp:attachment":[{"href":"https:\/\/www.tucomarca.com\/wordpress\/segunda\/ca\/wp-json\/wp\/v2\/media?parent=134700"}],"wp:term":[{"taxonomy":"category","embeddable":true,"href":"https:\/\/www.tucomarca.com\/wordpress\/segunda\/ca\/wp-json\/wp\/v2\/categories?post=134700"},{"taxonomy":"post_tag","embeddable":true,"href":"https:\/\/www.tucomarca.com\/wordpress\/segunda\/ca\/wp-json\/wp\/v2\/tags?post=134700"}],"curies":[{"name":"wp","href":"https:\/\/api.w.org\/{rel}","templated":true}]}}