{"id":134888,"date":"2021-06-09T10:38:00","date_gmt":"2021-06-09T09:38:00","guid":{"rendered":"http:\/\/www.tucomarca.com\/wordpress\/segunda\/?p=134888"},"modified":"2021-06-09T14:23:39","modified_gmt":"2021-06-09T13:23:39","slug":"riba-roja-lidera-la-creacio-docupacio-a-camp-de-turia-amb-45-ocupacions-al-maig-i-la-generacio-daltres-2-006-contractes-laborals","status":"publish","type":"post","link":"https:\/\/www.tucomarca.com\/wordpress\/segunda\/ca\/riba-roja-lidera-la-creacio-docupacio-a-camp-de-turia-amb-45-ocupacions-al-maig-i-la-generacio-daltres-2-006-contractes-laborals\/","title":{"rendered":"Riba-roja lidera la creaci\u00f3 d&#8217;ocupaci\u00f3 a Camp de T\u00faria amb 45 ocupacions al maig i la generaci\u00f3 d&#8217;altres 2.006 contractes laborals"},"content":{"rendered":"\n<h4 class=\"wp-block-heading\">Les contractacions suposen un 39\u20192% sobre el global de la comarca&nbsp;<\/h4>\n\n\n\n<p>La localitat de Riba-roja de T\u00faria ha concl\u00f2s el mes de maig amb la creaci\u00f3 de 45 ocupacions m\u00e9s i la formalitzaci\u00f3 d&#8217;altres 2.006 contractes laborals m\u00e9s en el mateix per\u00edode temporal, segons les dades publicades per Labora, l&#8217;antic SERVEF, entitat dependent de la conselleria de Economia Sostenible, Sectors Productius, Comer\u00e7 i Treball de la Generalitat.&nbsp;<\/p>\n\n\n\n<p>Les xifres donades a con\u00e9ixer per l&#8217;administraci\u00f3 auton\u00f2mica signifiquen una millora en les dades sobre l&#8217;atur registrat el mes de maig passat, amb 45 nous llocs de treballs creats en passar dels 1.722 aturats a l&#8217;abril als 1.677 del passat mes de maig. Amb aquestes xifres, la localitat lidera la creaci\u00f3 de treballs en el global de la comarca de Camp de T\u00faria.&nbsp;<\/p>\n\n\n\n<p>Quant a la formalitzaci\u00f3 de contractes laborals al llarg del mes de maig, cal destacar que es van generar un total de 2.006 enfront dels 1.876 corresponents al mes d&#8217;abril. Per tant, entre un mes i un altre es van formalitzar 230 m\u00e9s, el 39\u20192% sobre el total de la comarca, de manera que continua la l\u00ednia positiva dels \u00faltims mesos, especialment per la puixan\u00e7a dels pol\u00edgons industrials i del teixit empresarial local.&nbsp;<\/p>\n\n\n\n<p>Cal destacar que Riba-roja de T\u00faria va formalitzar un total de 19.503 contractes laborals al llarg del passat any 2020 en plena pand\u00e8mia gr\u00e0cies a l&#8217;activitat desenvolupada en el teixit empresarial i als pol\u00edgons industrials que aglutinen m\u00e9s de 1.700 empreses. Despr\u00e9s del confinament del passat any, els mesos posteriors van suposar un increment notable en la formalitzaci\u00f3 de nous contractes.&nbsp;<\/p>\n\n\n\n<p>En l&#8217;actualitat, de les 1.677 persones en atur hi ha 1.019 que corresponen a dones i els restants 658 s\u00f3n d&#8217;homes. Per sectors, el sector dels serveis \u00e9s el que mant\u00e9 major nombre d&#8217;aturats amb 1.203 en total, altres 230 en el sector industrial, altres 126 en la construcci\u00f3, altres 67 sense una activitat econ\u00f2mica determinada i, finalment, 51 corresponen a l&#8217;\u00e0mbit de l&#8217;agricultura.&nbsp;<\/p>\n\n\n\n<p>Quant a les seccions de l&#8217;activitat, cal assenyalar els 244 corresponents al comer\u00e7 a l&#8217;engr\u00f2s i al detall, la reparaci\u00f3 de vehicles de motor i motocicletes, els 241 de les activitats administratives i serveis auxiliars, els 216 de la ind\u00fastria manufacturera, els 153 de l&#8217;administraci\u00f3 p\u00fablica i defensa, seguretat social obligatori o els 149 de les activitats professionals, cient\u00edfiques i t\u00e8cniques.&nbsp;<\/p>\n\n\n\n<p>En la resta de la comarca, Riba-roja de T\u00faria encap\u00e7ala la llista amb els referits 45 nous llocs de treball creats, seguit pels 36 a B\u00e9tera, els 33 a la Pobla de Vallbona, els 30 a Vilamarxant, els 17 a l&#8217;Eliana, altres 13 en la localitat de Ll\u00edria, les 15 noves ocupacions a N\u00e0quera, els 12 a San Antonio de Benag\u00e9ber, els 21 a Benaguasil o els 7 de Benissan\u00f3.&nbsp;<\/p>\n\n\n\n<p>En formalitzaci\u00f3 de contractacions, de les 2.006 del mes de maig hi ha un total de 1.385 que corresponen a homes i els 621 de dones. Destaquen els 779 en homes d&#8217;entre 25 i 44 anys, els 373 en homes de m\u00e9s de 44 anys, els 358 en contractes de dones d&#8217;entre 25 i 44 anys, els 233 d&#8217;homes menors de 25 anys o, finalment, els 152 en dones de m\u00e9s de 44 anys d&#8217;edat. D&#8217;ells, 1.489 contractes responen al sector dels serveis, els 462 en la ind\u00fastria o els 47 en la construcci\u00f3.&nbsp;<\/p>\n\n\n\n<p>A la comarca de Camp de T\u00faria, enfront de les 2.006 contractacions en Riba-roja destaquen altres 594 a Ll\u00edria, els 492 a B\u00e9tera, altres 347 contractes a l&#8217;Eliana, els 421 en la localitat de N\u00e0quera, o els 169 de Benaguasil. A la Pobla de Vallbona es van realitzar altres 556 contractes laborals mentre que a Vilamarxant altres 128 en total, altres 67 a Olocau o els 65 a Loriguilla i els 29 a Marines.&nbsp;<\/p>\n\n\n\n<p>L&#8217;alcalde de Riba-roja de T\u00faria, Robert Raga, ha destacat la l\u00ednia \u201cpositiva experimentada durant els \u00faltims mesos que confirma una major activitat econ\u00f2mica, especialment destacable en la generaci\u00f3 d&#8217;ocupaci\u00f3 durant aquest \u00faltim mes que esperem que mantinga en el futur, encara que cal actuar amb cautela i continuar amb el mateix esfor\u00e7 i dedicaci\u00f3 amb un suport al nostre teixit econ\u00f2mic i empresarial\u201d.<\/p>\n\n\n\n<p><\/p>\n","protected":false},"excerpt":{"rendered":"<div class=\"mh-excerpt\">Les contractacions suposen un 39\u20192% sobre el global de la comarca&nbsp; La localitat de Riba-roja de T\u00faria ha concl\u00f2s el mes de maig amb la creaci\u00f3 de 45 ocupacions m\u00e9s i la formalitzaci\u00f3 d&#8217;altres 2.006 <a class=\"mh-excerpt-more\" href=\"https:\/\/www.tucomarca.com\/wordpress\/segunda\/ca\/riba-roja-lidera-la-creacio-docupacio-a-camp-de-turia-amb-45-ocupacions-al-maig-i-la-generacio-daltres-2-006-contractes-laborals\/\" title=\"Riba-roja lidera la creaci\u00f3 d&#8217;ocupaci\u00f3 a Camp de T\u00faria amb 45 ocupacions al maig i la generaci\u00f3 d&#8217;altres 2.006 contractes laborals\">[+] <\/a><\/div>\n","protected":false},"author":12,"featured_media":131953,"comment_status":"open","ping_status":"open","sticky":false,"template":"","format":"standard","meta":{"footnotes":""},"categories":[10892,10948,10894,10947,10906,10896],"tags":[10899,10907],"class_list":{"0":"post-134888","1":"post","2":"type-post","3":"status-publish","4":"format-standard","5":"has-post-thumbnail","7":"category-camp-de-turia-ca","8":"category-infraestructuras-ca","9":"category-la-comarca-ca","10":"category-politica","11":"category-riba-roja-ca","12":"category-seccion-ca","13":"tag-camp-de-turia-ca","14":"tag-riba-roja-del-turia-ca"},"_links":{"self":[{"href":"https:\/\/www.tucomarca.com\/wordpress\/segunda\/ca\/wp-json\/wp\/v2\/posts\/134888","targetHints":{"allow":["GET"]}}],"collection":[{"href":"https:\/\/www.tucomarca.com\/wordpress\/segunda\/ca\/wp-json\/wp\/v2\/posts"}],"about":[{"href":"https:\/\/www.tucomarca.com\/wordpress\/segunda\/ca\/wp-json\/wp\/v2\/types\/post"}],"author":[{"embeddable":true,"href":"https:\/\/www.tucomarca.com\/wordpress\/segunda\/ca\/wp-json\/wp\/v2\/users\/12"}],"replies":[{"embeddable":true,"href":"https:\/\/www.tucomarca.com\/wordpress\/segunda\/ca\/wp-json\/wp\/v2\/comments?post=134888"}],"version-history":[{"count":0,"href":"https:\/\/www.tucomarca.com\/wordpress\/segunda\/ca\/wp-json\/wp\/v2\/posts\/134888\/revisions"}],"wp:featuredmedia":[{"embeddable":true,"href":"https:\/\/www.tucomarca.com\/wordpress\/segunda\/ca\/wp-json\/wp\/v2\/media\/131953"}],"wp:attachment":[{"href":"https:\/\/www.tucomarca.com\/wordpress\/segunda\/ca\/wp-json\/wp\/v2\/media?parent=134888"}],"wp:term":[{"taxonomy":"category","embeddable":true,"href":"https:\/\/www.tucomarca.com\/wordpress\/segunda\/ca\/wp-json\/wp\/v2\/categories?post=134888"},{"taxonomy":"post_tag","embeddable":true,"href":"https:\/\/www.tucomarca.com\/wordpress\/segunda\/ca\/wp-json\/wp\/v2\/tags?post=134888"}],"curies":[{"name":"wp","href":"https:\/\/api.w.org\/{rel}","templated":true}]}}