{"id":135287,"date":"2021-06-14T08:00:00","date_gmt":"2021-06-14T07:00:00","guid":{"rendered":"http:\/\/www.tucomarca.com\/wordpress\/segunda\/?p=135287"},"modified":"2021-06-15T00:02:00","modified_gmt":"2021-06-14T23:02:00","slug":"bunyol-acollira-a-loctubre-una-nova-edicio-del-festival-de-part-en-part-actualitzada-i-renovada-per-a-temps-de-pandemia","status":"publish","type":"post","link":"https:\/\/www.tucomarca.com\/wordpress\/segunda\/ca\/bunyol-acollira-a-loctubre-una-nova-edicio-del-festival-de-part-en-part-actualitzada-i-renovada-per-a-temps-de-pandemia\/","title":{"rendered":"Bunyol acollir\u00e0 a l&#8217;octubre una nova edici\u00f3 del Festival &#8220;De Part En  Part&#8221; actualitzada i renovada per a temps de pand\u00e8mia"},"content":{"rendered":"\n<p>El festival d&#8217;Art i Disseny De Parell en Part ja t\u00e9 dates per a enguany. &#8220;I se celebrar\u00e0 els dies 22, 23 i 24 d&#8217;octubre. Per a aquells que pensem que l&#8217;art \u00e9s una eina essencial per a entendre&#8217;ns i reinventar-nos com a \u00e9ssers humans, aquest esdeveniment \u00e9s una gran festa&#8221;, segos fonts de l&#8217;organitzaci\u00f3.<\/p>\n\n\n\n<p>&#8220;Tant la direcci\u00f3 del festival com la regidoria de Cultura \u00e9s conscient que el festival havia de renovar-se per a adaptar-se a temps de pand\u00e8mia. Les exposicions en cases particulars deixen de ser possibles, almenys per aquest any, en el qual la interacci\u00f3 amb la gent en espais tancats suposa un risc. Molt de temps han estat decidint entre si realitzar-lo o posposar-lo. No obstant aix\u00f2, un festival que \u00e9s referent a la Comunitat Valenciana a nivell art\u00edstic i que ha costat tant d&#8217;esfor\u00e7 d&#8217;aconseguir no podia perdre for\u00e7a. Pel que des de l&#8217;organitzaci\u00f3 s&#8217;ha decidit traure el festival m\u00e9s al carrer encara per a evitar riscos, les exposicions es faran enguany a l&#8217;aire lliure, fins i tot en hortes particulars. I les noves rutes seran una trobada entre art contemporani i cultura de bancal&#8221;.<\/p>\n\n\n\n<p>D&#8217;altra banda, han volgut que enguany el festival &#8220;reflexione a trav\u00e9s de l&#8217;art sobre el concepte de naturalesa, tema que ens identifica com a poble pels nostres bells paratges i alhora \u00e9s pertinent pensar en temps d&#8217;emerg\u00e8ncia clim\u00e0tica. Amb aquest fil transversal s&#8217;est\u00e0 comen\u00e7ant a muntar un festival que portar\u00e0 moltes sorpreses i que poc encara ens ha volgut avan\u00e7ar la direcci\u00f3 i la regidoria de Cultura&#8221;.<\/p>\n\n\n\n<p>&#8220;Van Gogh deia que <em>No hi ha res m\u00e9s veritablement art\u00edstic que estimar a la gent<\/em>. De Parell en Part estima el nostre poble i per aix\u00f2 no ha volgut deixar el projecte arrere, malgrat les complicacions que pot implicar la pand\u00e8mia que vivim tant a nivell organitzatiu com a nivell pressupostari&#8221;, han finalitzat.\u00a0<\/p>\n","protected":false},"excerpt":{"rendered":"<div class=\"mh-excerpt\">El festival d&#8217;Art i Disseny De Parell en Part ja t\u00e9 dates per a enguany. &#8220;I se celebrar\u00e0 els dies 22, 23 i 24 d&#8217;octubre. Per a aquells que pensem que l&#8217;art \u00e9s una eina <a class=\"mh-excerpt-more\" href=\"https:\/\/www.tucomarca.com\/wordpress\/segunda\/ca\/bunyol-acollira-a-loctubre-una-nova-edicio-del-festival-de-part-en-part-actualitzada-i-renovada-per-a-temps-de-pandemia\/\" title=\"Bunyol acollir\u00e0 a l&#8217;octubre una nova edici\u00f3 del Festival &#8220;De Part En  Part&#8221; actualitzada i renovada per a temps de pand\u00e8mia\">[+] <\/a><\/div>\n","protected":false},"author":12,"featured_media":135286,"comment_status":"open","ping_status":"open","sticky":false,"template":"","format":"standard","meta":{"footnotes":""},"categories":[11019,10911,10894,10912,11007,11063,10896],"tags":[10913,14853,10914],"class_list":{"0":"post-135287","1":"post","2":"type-post","3":"status-publish","4":"format-standard","5":"has-post-thumbnail","7":"category-agenda-ca","8":"category-bunol-ca","9":"category-la-comarca-ca","10":"category-la-hoya-ca","11":"category-ocio-y-cultura-ca","12":"category-pintura-ca","13":"category-seccion-ca","14":"tag-bunol-ca","15":"tag-festival-de-par-en-part-ca","16":"tag-la-hoya-de-bunol-chiva-ca"},"_links":{"self":[{"href":"https:\/\/www.tucomarca.com\/wordpress\/segunda\/ca\/wp-json\/wp\/v2\/posts\/135287","targetHints":{"allow":["GET"]}}],"collection":[{"href":"https:\/\/www.tucomarca.com\/wordpress\/segunda\/ca\/wp-json\/wp\/v2\/posts"}],"about":[{"href":"https:\/\/www.tucomarca.com\/wordpress\/segunda\/ca\/wp-json\/wp\/v2\/types\/post"}],"author":[{"embeddable":true,"href":"https:\/\/www.tucomarca.com\/wordpress\/segunda\/ca\/wp-json\/wp\/v2\/users\/12"}],"replies":[{"embeddable":true,"href":"https:\/\/www.tucomarca.com\/wordpress\/segunda\/ca\/wp-json\/wp\/v2\/comments?post=135287"}],"version-history":[{"count":0,"href":"https:\/\/www.tucomarca.com\/wordpress\/segunda\/ca\/wp-json\/wp\/v2\/posts\/135287\/revisions"}],"wp:featuredmedia":[{"embeddable":true,"href":"https:\/\/www.tucomarca.com\/wordpress\/segunda\/ca\/wp-json\/wp\/v2\/media\/135286"}],"wp:attachment":[{"href":"https:\/\/www.tucomarca.com\/wordpress\/segunda\/ca\/wp-json\/wp\/v2\/media?parent=135287"}],"wp:term":[{"taxonomy":"category","embeddable":true,"href":"https:\/\/www.tucomarca.com\/wordpress\/segunda\/ca\/wp-json\/wp\/v2\/categories?post=135287"},{"taxonomy":"post_tag","embeddable":true,"href":"https:\/\/www.tucomarca.com\/wordpress\/segunda\/ca\/wp-json\/wp\/v2\/tags?post=135287"}],"curies":[{"name":"wp","href":"https:\/\/api.w.org\/{rel}","templated":true}]}}