{"id":135572,"date":"2021-06-17T08:30:00","date_gmt":"2021-06-17T07:30:00","guid":{"rendered":"http:\/\/www.tucomarca.com\/wordpress\/segunda\/?p=135572"},"modified":"2021-06-17T14:37:11","modified_gmt":"2021-06-17T13:37:11","slug":"lajuntament-de-xest-i-egevasa-donaran-un-euro-a-la-aecc-per-cada-usuari-o-usuaria-que-es-passe-a-la-factura-electronica","status":"publish","type":"post","link":"https:\/\/www.tucomarca.com\/wordpress\/segunda\/ca\/lajuntament-de-xest-i-egevasa-donaran-un-euro-a-la-aecc-per-cada-usuari-o-usuaria-que-es-passe-a-la-factura-electronica\/","title":{"rendered":"L&#8217;Ajuntament de Xest i Egevasa donaran un euro a la AECC per cada usuari o usu\u00e0ria que es passe a la factura electr\u00f2nica"},"content":{"rendered":"\n<p>L&#8217;Ajuntament de Xest i Egevasa, empresa que gestiona en el municipi el servei de l&#8217;aigua, han signat un acord amb l&#8217;Associaci\u00f3 Espanyola Contra el C\u00e0ncer (AECC) per a donar-li un euro per cada usuari o usu\u00e0ria que es passe a la factura electr\u00f2nica.<\/p>\n\n\n\n<p>Aquesta campanya pret\u00e9n fomentar l&#8217;aband\u00f3 del rebut de paper per a reduir el consum de mat\u00e8ries primeres, energia, residus i emissions de CO\u2082 al medi ambient.&nbsp;<\/p>\n\n\n\n<p>Tal com han explicat les entitats signants de l&#8217;acord, la campanya es publicitar\u00e0 en els mitjans de comunicaci\u00f3 i els clients i les clientes de Cheste rebran la informaci\u00f3 en les cartes que els arriben fins ara.<\/p>\n\n\n\n<p>\u201cActualment el 7% dels clients i les clientes de Cheste ja reben la factura en els seus dispositius m\u00f2bils o trav\u00e9s del correu electr\u00f2nic, per\u00f2 l&#8217;objectiu marcat per Egevasa \u00e9s aconseguir al 50%, \u00e9s a dir, a 4.500 ve\u00efns i ve\u00efnes\u201d, ha declarat Vicente Fajardo, conseller de Egevasa.<\/p>\n\n\n\n<p>Per part de la AECC han destacat la idone\u00eftat de la iniciativa en aquests moments: \u201cAquesta mesura ens ve com a anell al dit; els diners que rebem es dedicar\u00e0 a ajudar fam\u00edlies de l&#8217;associaci\u00f3 per a contribuir a suplir moltes de les seues necessitats, garantint aix\u00ed l&#8217;atenci\u00f3 de les persones malaltes de c\u00e0ncer\u201d, ha apuntat Tom\u00e1s Tr\u00e9nor, president de l&#8217;Associaci\u00f3 Espanyola Contra el C\u00e0ncer a Val\u00e8ncia.&nbsp;<\/p>\n\n\n\n<p>L&#8217;alcalde de Cheste, Jos\u00e9 Morell, ha incidit en els beneficis de l&#8217;acord. \u201c\u00c9s una campanya il\u00b7lusionant; l&#8217;Ajuntament, Egevasa i l&#8217;Associaci\u00f3 Espanyola Contra el C\u00e0ncer la difondrem amb l&#8217;objectiu de reduir la petjada de carboni i lluitar contra la malaltia\u201d.<\/p>\n\n\n\n<p><\/p>\n","protected":false},"excerpt":{"rendered":"<div class=\"mh-excerpt\">L&#8217;Ajuntament de Xest i Egevasa, empresa que gestiona en el municipi el servei de l&#8217;aigua, han signat un acord amb l&#8217;Associaci\u00f3 Espanyola Contra el C\u00e0ncer (AECC) per a donar-li un euro per cada usuari o <a class=\"mh-excerpt-more\" href=\"https:\/\/www.tucomarca.com\/wordpress\/segunda\/ca\/lajuntament-de-xest-i-egevasa-donaran-un-euro-a-la-aecc-per-cada-usuari-o-usuaria-que-es-passe-a-la-factura-electronica\/\" title=\"L&#8217;Ajuntament de Xest i Egevasa donaran un euro a la AECC per cada usuari o usu\u00e0ria que es passe a la factura electr\u00f2nica\">[+] <\/a><\/div>\n","protected":false},"author":12,"featured_media":135570,"comment_status":"open","ping_status":"open","sticky":false,"template":"","format":"standard","meta":{"footnotes":""},"categories":[10948,10894,10912,10947,10896,10974],"tags":[11107,11222,12108,10914],"class_list":{"0":"post-135572","1":"post","2":"type-post","3":"status-publish","4":"format-standard","5":"has-post-thumbnail","7":"category-infraestructuras-ca","8":"category-la-comarca-ca","9":"category-la-hoya-ca","10":"category-politica","11":"category-seccion-ca","12":"category-cheste-ca","13":"tag-aecc-ca","14":"tag-ayuntamiento-de-cheste-ca","15":"tag-egevasa-ca","16":"tag-la-hoya-de-bunol-chiva-ca"},"_links":{"self":[{"href":"https:\/\/www.tucomarca.com\/wordpress\/segunda\/ca\/wp-json\/wp\/v2\/posts\/135572","targetHints":{"allow":["GET"]}}],"collection":[{"href":"https:\/\/www.tucomarca.com\/wordpress\/segunda\/ca\/wp-json\/wp\/v2\/posts"}],"about":[{"href":"https:\/\/www.tucomarca.com\/wordpress\/segunda\/ca\/wp-json\/wp\/v2\/types\/post"}],"author":[{"embeddable":true,"href":"https:\/\/www.tucomarca.com\/wordpress\/segunda\/ca\/wp-json\/wp\/v2\/users\/12"}],"replies":[{"embeddable":true,"href":"https:\/\/www.tucomarca.com\/wordpress\/segunda\/ca\/wp-json\/wp\/v2\/comments?post=135572"}],"version-history":[{"count":0,"href":"https:\/\/www.tucomarca.com\/wordpress\/segunda\/ca\/wp-json\/wp\/v2\/posts\/135572\/revisions"}],"wp:featuredmedia":[{"embeddable":true,"href":"https:\/\/www.tucomarca.com\/wordpress\/segunda\/ca\/wp-json\/wp\/v2\/media\/135570"}],"wp:attachment":[{"href":"https:\/\/www.tucomarca.com\/wordpress\/segunda\/ca\/wp-json\/wp\/v2\/media?parent=135572"}],"wp:term":[{"taxonomy":"category","embeddable":true,"href":"https:\/\/www.tucomarca.com\/wordpress\/segunda\/ca\/wp-json\/wp\/v2\/categories?post=135572"},{"taxonomy":"post_tag","embeddable":true,"href":"https:\/\/www.tucomarca.com\/wordpress\/segunda\/ca\/wp-json\/wp\/v2\/tags?post=135572"}],"curies":[{"name":"wp","href":"https:\/\/api.w.org\/{rel}","templated":true}]}}