{"id":135624,"date":"2021-06-18T07:56:00","date_gmt":"2021-06-18T06:56:00","guid":{"rendered":"http:\/\/www.tucomarca.com\/wordpress\/segunda\/?p=135624"},"modified":"2021-06-18T08:48:40","modified_gmt":"2021-06-18T07:48:40","slug":"bunyol-presenta-el-seu-pla-urba-dactuacio-municipal-per-a-tracar-les-linies-a-seguir-en-la-localitat-fins-a-2030","status":"publish","type":"post","link":"https:\/\/www.tucomarca.com\/wordpress\/segunda\/ca\/bunyol-presenta-el-seu-pla-urba-dactuacio-municipal-per-a-tracar-les-linies-a-seguir-en-la-localitat-fins-a-2030\/","title":{"rendered":"Bunyol presenta el seu Pla Urb\u00e0 d&#8217;Actuaci\u00f3 Municipal per a tra\u00e7ar les l\u00ednies a seguir en la localitat fins a 2030"},"content":{"rendered":"\n<p>L&#8217;Ajuntament de Bunyol presenta a la ciutadania la posada en marxa del PUAM, Pla Urb\u00e0 d&#8217;Actuaci\u00f3 Municipal, una iniciativa de car\u00e0cter estrat\u00e8gic local que ajudar\u00e0 a definir les l\u00ednies d&#8217;actuaci\u00f3 del municipi, incorporant els Objectius de Desenvolupament Sostenible de l&#8217;Agenda 2030 en les prioritats de l&#8217;agenda urbana municipal.<\/p>\n\n\n\n<p>El Consell Econ\u00f2mic i Social de Bunyol va acollir el passat 9 de juny la presentaci\u00f3 del Pla Urb\u00e0 d&#8217;Acci\u00f3 Municipal de la localitat. Amb aquesta presentaci\u00f3 l&#8217;equip t\u00e8cnic de Solumed Consultors va exposar la naturalesa d&#8217;aquesta iniciativa, la calendarizaci\u00f3n de les activitats a desenvolupar i va atendre les q\u00fcestions plantejades per les persones assistents, establint les bases per a comen\u00e7ar un treball coordinat amb el municipi.<br>D&#8217;aquesta manera, Bunyol se suma a un proc\u00e9s estrat\u00e8gic que identificar\u00e0 i definir\u00e0 les actuacions a desenvolupar en el municipi amb l&#8217;objectiu d&#8217;incorporar els Objectius de desenvolupament Sostenible (ODS) i l&#8217;Agenda 2030 en la gesti\u00f3 municipal.&nbsp;<\/p>\n\n\n\n<p>En aquest proc\u00e9s la col\u00b7laboraci\u00f3 i participaci\u00f3 de tota la ciutadania, durant les diverses fases d&#8217;aquest, resultar\u00e0 fonamental, aix\u00ed com la comunicaci\u00f3 dels avan\u00e7os en el desenvolupament del PUAM.<\/p>\n\n\n\n<p>Rafa P\u00e9rez, regidor d&#8217;Urbanisme a l&#8217;Ajuntament de Bunyol, incideix en la import\u00e0ncia d&#8217;aquest pla, \u201cperqu\u00e8 traces les l\u00ednies estrat\u00e8giques a seguir en el municipi fins a 2030 des de tots els punts de vista de la gesti\u00f3 municipal, \u00e9s a dir, des de serveis municipals, parcs i jardins, actuacions urban\u00edstiques, ocupaci\u00f3, cultura, patrimoni, benestar social\u2026Per\u00f2 per a tot aix\u00f2 el que busquem \u00e9s la implicaci\u00f3 de la ciutadania\u201d. Confirma que en pr\u00f2ximes dates es presentar\u00e0 a tota la ciutadania perqu\u00e8 puga opinar i exposar quin tipus de Bu\u00f1ol volem per als pr\u00f2xims anys. Pretenen incorporar-se els Objectius de Desenvolupament Sostenible de l&#8217;Agenda 2030 en les prioritats de l&#8217;agenda urbana municipal.<\/p>\n\n\n\n<p>Amb aquesta proposta Bu\u00f1ol disposar\u00e0 de la informaci\u00f3 necess\u00e0ria per a dissenyar un municipi m\u00e9s habitable, just, inclusiu, saludable, intel\u00b7ligent i sostenible.<\/p>\n\n\n\n<p>El PUAM es desenvolupar\u00e0 en 4 fases, durant els pr\u00f2xims 6 mesos:<\/p>\n\n\n\n<ol class=\"wp-block-list\"><li>Fase de desenvolupament de diagn\u00f2stic<\/li><li>Fase de definici\u00f3 d&#8217;objectius i ODS<\/li><li>Fase d&#8217;implementaci\u00f3&nbsp;<\/li><li>Fase d&#8217;execuci\u00f3 i seguiment&nbsp;<\/li><\/ol>\n\n\n\n<p>Aquest pla es desenvolupar\u00e0 amb tres enfocaments transversals:<\/p>\n\n\n\n<ul class=\"wp-block-list\"><li>Participatiu, amb elaboraci\u00f3 compartida mitjan\u00e7ant grups de treball i tallers amb la ciutadania durant tot el proc\u00e9s.<\/li><li>De g\u00e8nere, per a arribar a consolidar el municipi com a inclusiu.<\/li><li>De Desenvolupament Sostenible, amb l&#8217;agenda 2030 i els Objectius de Desenvolupament Sostenible com a eixos principals per a totes les propostes.<\/li><\/ul>\n\n\n\n<p>En breu, tant en la r\u00e0dio municipal com per xarxes socials i en el propi Ajuntament, es facilitar\u00e0 tota la informaci\u00f3 perqu\u00e8 els ve\u00efns i ve\u00efnes puguen formar part d&#8217;aquest pla estrat\u00e8gic que pret\u00e9n millorar la qualitat de vida de la localitat des d&#8217;ara fins a 2030.<\/p>\n\n\n\n<p><\/p>\n","protected":false},"excerpt":{"rendered":"<div class=\"mh-excerpt\">L&#8217;Ajuntament de Bunyol presenta a la ciutadania la posada en marxa del PUAM, Pla Urb\u00e0 d&#8217;Actuaci\u00f3 Municipal, una iniciativa de car\u00e0cter estrat\u00e8gic local que ajudar\u00e0 a definir les l\u00ednies d&#8217;actuaci\u00f3 del municipi, incorporant els Objectius <a class=\"mh-excerpt-more\" href=\"https:\/\/www.tucomarca.com\/wordpress\/segunda\/ca\/bunyol-presenta-el-seu-pla-urba-dactuacio-municipal-per-a-tracar-les-linies-a-seguir-en-la-localitat-fins-a-2030\/\" title=\"Bunyol presenta el seu Pla Urb\u00e0 d&#8217;Actuaci\u00f3 Municipal per a tra\u00e7ar les l\u00ednies a seguir en la localitat fins a 2030\">[+] <\/a><\/div>\n","protected":false},"author":12,"featured_media":135622,"comment_status":"open","ping_status":"open","sticky":false,"template":"","format":"standard","meta":{"footnotes":""},"categories":[10911,10948,10894,10912,10947,10896],"tags":[10913,10914,14881,13332],"class_list":{"0":"post-135624","1":"post","2":"type-post","3":"status-publish","4":"format-standard","5":"has-post-thumbnail","7":"category-bunol-ca","8":"category-infraestructuras-ca","9":"category-la-comarca-ca","10":"category-la-hoya-ca","11":"category-politica","12":"category-seccion-ca","13":"tag-bunol-ca","14":"tag-la-hoya-de-bunol-chiva-ca","15":"tag-plan-urbano-de-actuacion-municipal-ca","16":"tag-puam-ca"},"_links":{"self":[{"href":"https:\/\/www.tucomarca.com\/wordpress\/segunda\/ca\/wp-json\/wp\/v2\/posts\/135624","targetHints":{"allow":["GET"]}}],"collection":[{"href":"https:\/\/www.tucomarca.com\/wordpress\/segunda\/ca\/wp-json\/wp\/v2\/posts"}],"about":[{"href":"https:\/\/www.tucomarca.com\/wordpress\/segunda\/ca\/wp-json\/wp\/v2\/types\/post"}],"author":[{"embeddable":true,"href":"https:\/\/www.tucomarca.com\/wordpress\/segunda\/ca\/wp-json\/wp\/v2\/users\/12"}],"replies":[{"embeddable":true,"href":"https:\/\/www.tucomarca.com\/wordpress\/segunda\/ca\/wp-json\/wp\/v2\/comments?post=135624"}],"version-history":[{"count":0,"href":"https:\/\/www.tucomarca.com\/wordpress\/segunda\/ca\/wp-json\/wp\/v2\/posts\/135624\/revisions"}],"wp:featuredmedia":[{"embeddable":true,"href":"https:\/\/www.tucomarca.com\/wordpress\/segunda\/ca\/wp-json\/wp\/v2\/media\/135622"}],"wp:attachment":[{"href":"https:\/\/www.tucomarca.com\/wordpress\/segunda\/ca\/wp-json\/wp\/v2\/media?parent=135624"}],"wp:term":[{"taxonomy":"category","embeddable":true,"href":"https:\/\/www.tucomarca.com\/wordpress\/segunda\/ca\/wp-json\/wp\/v2\/categories?post=135624"},{"taxonomy":"post_tag","embeddable":true,"href":"https:\/\/www.tucomarca.com\/wordpress\/segunda\/ca\/wp-json\/wp\/v2\/tags?post=135624"}],"curies":[{"name":"wp","href":"https:\/\/api.w.org\/{rel}","templated":true}]}}